{"id":4550,"date":"2026-01-29T19:13:00","date_gmt":"2026-01-29T18:13:00","guid":{"rendered":"https:\/\/agora.xtec.cat\/escolamontserratsola\/?p=4550"},"modified":"2026-03-20T16:02:39","modified_gmt":"2026-03-20T15:02:39","slug":"petits-volem-la-pau","status":"publish","type":"post","link":"https:\/\/agora.xtec.cat\/escolamontserratsola\/general\/petits-volem-la-pau\/","title":{"rendered":"Petits: Volem la pau"},"content":{"rendered":"<p>El dia 30 de gener les escoles celebrem el dia escolar de la no-viol\u00e8ncia i la pau (DENIP).<\/p>\n<p>Al llarg de tota la setmana, a les aules de Petits s&#8217;han anat explicant contes que apropen al concepte de PAU a la seva edat i la transformen amb accions i paraules:<\/p>\n<p>LA PAU \u00c9S ESTAR CONTENTS.<\/p>\n<p>LA PAU \u00c9S CUIDAR-NOS.<\/p>\n<p>LA PAU \u00c9S BUFAR LA R\u00c0BIA I FER-LA MARXAR.<\/p>\n<p>LA PAU \u00c9S CURAR-NOS QUAN ENS FEM MAL AL DIT.<\/p>\n<p>LA PAU \u00c9S ESCOLTAR-NOS.<\/p>\n<p>Hem explicat el conte:<a href=\"https:\/\/www.3cat.cat\/tv3\/sx3\/volem-la-pau-\/video\/6201224\/\" target=\"_blank\" rel=\"noopener\" data-saferedirecturl=\"https:\/\/www.google.com\/url?q=https:\/\/www.3cat.cat\/tv3\/sx3\/volem-la-pau-\/video\/6201224\/&amp;source=gmail&amp;ust=1770055928966000&amp;usg=AOvVaw2SoajMvGrro8fzNRwaGT3I\">\u00a0&#8220;Volem la Pau&#8221;<\/a>, un conte adaptat per &#8220;Una m\u00e0 de contes&#8221; i originalment elaborat per alumnes de l&#8217;escola Pau\u00a0Sans\u00a0de l&#8217;Hospitalet. En acabat, hem traspassat la hist\u00f2ria a una proposta de mural sobre paper amb la t\u00e8cnica d&#8217;estampaci\u00f3. Cada cercle de color representa una manera de fer la Pau. Amb el mural acabat, la boca del rei groc ha pogut convertir-se en un bell somriure.<\/p>\n<p><a href=\"https:\/\/agora.xtec.cat\/escolamontserratsola\/wp-content\/uploads\/usu1322\/2026\/02\/Conte-PAU-2.jpeg\"><img loading=\"lazy\" decoding=\"async\" class=\"aligncenter wp-image-4552 size-medium\" src=\"https:\/\/agora.xtec.cat\/escolamontserratsola\/wp-content\/uploads\/usu1322\/2026\/02\/Conte-PAU-2-300x160.jpeg\" alt=\"\" width=\"300\" height=\"160\" srcset=\"https:\/\/agora.xtec.cat\/escolamontserratsola\/wp-content\/uploads\/usu1322\/2026\/02\/Conte-PAU-2-300x160.jpeg 300w, https:\/\/agora.xtec.cat\/escolamontserratsola\/wp-content\/uploads\/usu1322\/2026\/02\/Conte-PAU-2-1024x547.jpeg 1024w, https:\/\/agora.xtec.cat\/escolamontserratsola\/wp-content\/uploads\/usu1322\/2026\/02\/Conte-PAU-2-768x410.jpeg 768w, https:\/\/agora.xtec.cat\/escolamontserratsola\/wp-content\/uploads\/usu1322\/2026\/02\/Conte-PAU-2-1536x820.jpeg 1536w, https:\/\/agora.xtec.cat\/escolamontserratsola\/wp-content\/uploads\/usu1322\/2026\/02\/Conte-PAU-2.jpeg 1926w\" sizes=\"auto, (max-width: 300px) 100vw, 300px\" \/><\/a><a href=\"https:\/\/agora.xtec.cat\/escolamontserratsola\/wp-content\/uploads\/usu1322\/2026\/02\/Conte-PAU-1.jpeg\">\u00a0<\/a><a href=\"https:\/\/agora.xtec.cat\/escolamontserratsola\/wp-content\/uploads\/usu1322\/2026\/02\/Conte-PAU-1.jpeg\"><img loading=\"lazy\" decoding=\"async\" class=\"aligncenter wp-image-4551 size-medium\" src=\"https:\/\/agora.xtec.cat\/escolamontserratsola\/wp-content\/uploads\/usu1322\/2026\/02\/Conte-PAU-1-300x153.jpeg\" alt=\"\" width=\"300\" height=\"153\" srcset=\"https:\/\/agora.xtec.cat\/escolamontserratsola\/wp-content\/uploads\/usu1322\/2026\/02\/Conte-PAU-1-300x153.jpeg 300w, https:\/\/agora.xtec.cat\/escolamontserratsola\/wp-content\/uploads\/usu1322\/2026\/02\/Conte-PAU-1-1024x524.jpeg 1024w, https:\/\/agora.xtec.cat\/escolamontserratsola\/wp-content\/uploads\/usu1322\/2026\/02\/Conte-PAU-1-768x393.jpeg 768w, https:\/\/agora.xtec.cat\/escolamontserratsola\/wp-content\/uploads\/usu1322\/2026\/02\/Conte-PAU-1-1536x786.jpeg 1536w, https:\/\/agora.xtec.cat\/escolamontserratsola\/wp-content\/uploads\/usu1322\/2026\/02\/Conte-PAU-1.jpeg 1904w\" sizes=\"auto, (max-width: 300px) 100vw, 300px\" \/><\/a><\/p>\n<p style=\"text-align: center;\"><strong>Que cada petit gest segueixi sumant a la Pau i el benestar.<\/strong><\/p>\n<p>&nbsp;<\/p>\n","protected":false},"excerpt":{"rendered":"<p>El dia 30 de gener les escoles celebrem el dia escolar de la no-viol\u00e8ncia i la pau (DENIP). Al llarg de tota la setmana, a les aules de Petits s&#8217;han anat explicant contes que apropen al concepte de PAU a la seva edat i la transformen amb accions i paraules: LA PAU \u00c9S ESTAR CONTENTS. [&hellip;]<\/p>\n","protected":false},"author":1,"featured_media":4551,"comment_status":"closed","ping_status":"open","sticky":false,"template":"","format":"standard","meta":{"_bbp_topic_count":0,"_bbp_reply_count":0,"_bbp_total_topic_count":0,"_bbp_total_reply_count":0,"_bbp_voice_count":0,"_bbp_anonymous_reply_count":0,"_bbp_topic_count_hidden":0,"_bbp_reply_count_hidden":0,"_bbp_forum_subforum_count":0,"site-sidebar-layout":"default","site-content-layout":"","ast-site-content-layout":"","site-content-style":"default","site-sidebar-style":"default","ast-global-header-display":"","ast-banner-title-visibility":"","ast-main-header-display":"","ast-hfb-above-header-display":"","ast-hfb-below-header-display":"","ast-hfb-mobile-header-display":"","site-post-title":"","ast-breadcrumbs-content":"","ast-featured-img":"","footer-sml-layout":"","theme-transparent-header-meta":"","adv-header-id-meta":"","stick-header-meta":"","header-above-stick-meta":"","header-main-stick-meta":"","header-below-stick-meta":"","astra-migrate-meta-layouts":"default","ast-page-background-enabled":"default","ast-page-background-meta":{"desktop":{"background-color":"var(--ast-global-color-4)","background-image":"","background-repeat":"repeat","background-position":"center center","background-size":"auto","background-attachment":"scroll","background-type":"","background-media":"","overlay-type":"","overlay-color":"","overlay-opacity":"","overlay-gradient":""},"tablet":{"background-color":"","background-image":"","background-repeat":"repeat","background-position":"center center","background-size":"auto","background-attachment":"scroll","background-type":"","background-media":"","overlay-type":"","overlay-color":"","overlay-opacity":"","overlay-gradient":""},"mobile":{"background-color":"","background-image":"","background-repeat":"repeat","background-position":"center center","background-size":"auto","background-attachment":"scroll","background-type":"","background-media":"","overlay-type":"","overlay-color":"","overlay-opacity":"","overlay-gradient":""}},"ast-content-background-meta":{"desktop":{"background-color":"var(--ast-global-color-5)","background-image":"","background-repeat":"repeat","background-position":"center center","background-size":"auto","background-attachment":"scroll","background-type":"","background-media":"","overlay-type":"","overlay-color":"","overlay-opacity":"","overlay-gradient":""},"tablet":{"background-color":"var(--ast-global-color-5)","background-image":"","background-repeat":"repeat","background-position":"center center","background-size":"auto","background-attachment":"scroll","background-type":"","background-media":"","overlay-type":"","overlay-color":"","overlay-opacity":"","overlay-gradient":""},"mobile":{"background-color":"var(--ast-global-color-5)","background-image":"","background-repeat":"repeat","background-position":"center center","background-size":"auto","background-attachment":"scroll","background-type":"","background-media":"","overlay-type":"","overlay-color":"","overlay-opacity":"","overlay-gradient":""}},"footnotes":""},"categories":[1,2,4],"tags":[],"class_list":["post-4550","post","type-post","status-publish","format-standard","has-post-thumbnail","hentry","category-general","category-petits","category-portada"],"post_mailing_queue_ids":[],"_links":{"self":[{"href":"https:\/\/agora.xtec.cat\/escolamontserratsola\/wp-json\/wp\/v2\/posts\/4550","targetHints":{"allow":["GET"]}}],"collection":[{"href":"https:\/\/agora.xtec.cat\/escolamontserratsola\/wp-json\/wp\/v2\/posts"}],"about":[{"href":"https:\/\/agora.xtec.cat\/escolamontserratsola\/wp-json\/wp\/v2\/types\/post"}],"author":[{"embeddable":true,"href":"https:\/\/agora.xtec.cat\/escolamontserratsola\/wp-json\/wp\/v2\/users\/1"}],"replies":[{"embeddable":true,"href":"https:\/\/agora.xtec.cat\/escolamontserratsola\/wp-json\/wp\/v2\/comments?post=4550"}],"version-history":[{"count":2,"href":"https:\/\/agora.xtec.cat\/escolamontserratsola\/wp-json\/wp\/v2\/posts\/4550\/revisions"}],"predecessor-version":[{"id":4554,"href":"https:\/\/agora.xtec.cat\/escolamontserratsola\/wp-json\/wp\/v2\/posts\/4550\/revisions\/4554"}],"wp:featuredmedia":[{"embeddable":true,"href":"https:\/\/agora.xtec.cat\/escolamontserratsola\/wp-json\/wp\/v2\/media\/4551"}],"wp:attachment":[{"href":"https:\/\/agora.xtec.cat\/escolamontserratsola\/wp-json\/wp\/v2\/media?parent=4550"}],"wp:term":[{"taxonomy":"category","embeddable":true,"href":"https:\/\/agora.xtec.cat\/escolamontserratsola\/wp-json\/wp\/v2\/categories?post=4550"},{"taxonomy":"post_tag","embeddable":true,"href":"https:\/\/agora.xtec.cat\/escolamontserratsola\/wp-json\/wp\/v2\/tags?post=4550"}],"curies":[{"name":"wp","href":"https:\/\/api.w.org\/{rel}","templated":true}]}}