{"id":4542,"date":"2026-01-30T18:40:14","date_gmt":"2026-01-30T17:40:14","guid":{"rendered":"https:\/\/agora.xtec.cat\/escolamontserratsola\/?p=4542"},"modified":"2026-03-20T16:13:58","modified_gmt":"2026-03-20T15:13:58","slug":"manifest-per-la-pau-i-la-no-violencia","status":"publish","type":"post","link":"https:\/\/agora.xtec.cat\/escolamontserratsola\/general\/manifest-per-la-pau-i-la-no-violencia\/","title":{"rendered":"Manifest per la Pau i la No viol\u00e8ncia"},"content":{"rendered":"<p>Avui, 30 de gener, celebrem el Dia Escolar de la No-viol\u00e8ncia i la Pau. Ho fem en aquesta data perqu\u00e8 \u00e9s el dia que va morir Mahatma Gandhi, una persona que va dedicar la seva vida a defensar la pau i la just\u00edcia sense utilitzar la viol\u00e8ncia.<\/p>\n<p>Per\u00f2 la hist\u00f2ria no nom\u00e9s parla de Gandhi. Est\u00e0 plena de persones que han lluitat i continuen lluitant per la pau, com Martin Luther King, Rigoberta Mench\u00fa o Malala Yousafzai, que han defensat els drets humans, la igualtat i la conviv\u00e8ncia.<\/p>\n<p>I tamb\u00e9 est\u00e0 plena de persones que no surten als llibres ni a les not\u00edcies, per\u00f2 que des del seu poble, des de la seva ciutat o des del seu dia a dia fan petites accions per construir un m\u00f3n millor. Infants, mestres, fam\u00edlies, ve\u00efns i ve\u00efnes i persones adultes que cada dia ajuden, escolten, respecten<br \/>\ni cuiden els altres. Aix\u00f2 tamb\u00e9 \u00e9s fer pau.<\/p>\n<p>El Dia de la Pau ens recorda que a l\u2019escola no nom\u00e9s aprenem matem\u00e0tiques o llengua, sin\u00f3 tamb\u00e9 a conviure. Defensa una educaci\u00f3 basada en la pau, la toler\u00e0ncia, la solidaritat, el respecte als drets humans i la no-viol\u00e8ncia.<\/p>\n<p>Quan sentim la paraula pau, sovint pensem en les guerres. Actualment, arreu del m\u00f3n hi ha molts conflictes i injust\u00edcies. S\u00f3n decisions preses per governants que acaben afectant persones innocents, sobretot infants, nens i nenes, que pateixen por, tristesa i dolor cada dia.<\/p>\n<p>Demanem que aquestes guerres s\u2019aturin, que es respectin totes les identitats i totes les cultures, i que ning\u00fa sigui perseguit o insegur al lloc on vol viure. Tamb\u00e9 demanem que es deixin de banda els interessos econ\u00f2mics i el desig de poder, perqu\u00e8 els diners no poden estar mai per davant de les persones. No es poden fer guerres amb l\u2019excusa d\u2019aconseguir la pau. La pau tamb\u00e9 ha de ser el cam\u00ed.<\/p>\n<p>Qu\u00e8 poden fer els governants per aturar aquets conflictes? Parlar i escoltar, comprenent als altres, respectant els drets de tothom i arribant a acords.<\/p>\n<p style=\"text-align: center;\"><strong>Prou de conflictes.<\/strong><br \/>\n<strong>Prou de guerres.<\/strong><br \/>\n<strong>Prou de fer patir la gent.<\/strong><br \/>\n<strong>Volem tranquil\u00b7litat.<\/strong><br \/>\n<strong>Prou. Prou i prou.<\/strong><\/p>\n<p>Per\u00f2 aix\u00ed com demanem als governants que treballin per la pau, tamb\u00e9 ens hem de preguntar qu\u00e8 podem fer nosaltres des de l\u2019escola. Petites accions del dia a dia que ens ajudin a aconseguir aquesta Pau. Per\u00f2 primer ens hem de preguntar&#8230; Qu\u00e8 \u00e9s realment la pau per a nosaltres?<\/p>\n<p>Aquests dies a les assemblees hem reflexionat plegats i plegades i hem arribat a la conclusi\u00f3 que la pau no \u00e9s nom\u00e9s que no hi hagi guerra. Per a nosaltres, la pau tamb\u00e9 \u00e9s:<\/p>\n<p><strong>Tranquil\u00b7litat i calma<\/strong>, sentir-nos b\u00e9 a l\u2019escola, sense crits ni pors, sabent que podem aprendre i jugar tranquils i tranquil\u00b7les.<\/p>\n<p><strong>Estar b\u00e9 amb un mateix i amb una mateixa<\/strong>, acceptar com som, amb les nostres qualitats i les nostres dificultats, i respectar-nos.<\/p>\n<p><strong>Seguretat<\/strong>, saber que ning\u00fa ens far\u00e0 mal, ni amb les mans ni amb les paraules.<\/p>\n<p><strong>Igualtat<\/strong>, entendre que totes les persones som igual d\u2019importants, encara que siguem diferents.<\/p>\n<p><strong>Equitat<\/strong>, ajudar m\u00e9s a qui m\u00e9s ho necessita, perqu\u00e8 tots i totes tinguem les mateixes oportunitats.<\/p>\n<p><strong>Parlar<\/strong>, escoltar i arribar a acords, resoldre els conflictes dialogant abans que es facin m\u00e9s grans.<\/p>\n<p><strong>Just\u00edcia<\/strong>, actuar de manera justa, complir les normes i defensar els companys i companyes quan veiem una injust\u00edcia.<\/p>\n<p><strong>Estimar<\/strong>, demostrar afecte, cuidar-nos entre tots i totes i tractar-nos amb amabilitat.<\/p>\n<p><strong>Empatia i respecte<\/strong>, posar-nos al lloc dels altres i de les altres i entendre com se senten.<\/p>\n<p><strong>Amistat<\/strong>, cuidar els companys i les companyes, no deixar ning\u00fa sol ni sola i jugar plegats i plegades.<\/p>\n<p><strong>Compartir<\/strong>, repartir materials, espais i temps pensant tamb\u00e9 en els altres i les altres.<\/p>\n<p><strong>Cooperar<\/strong>, ajudar-nos entre tots i totes per aconseguir objectius comuns.<\/p>\n<p>Com va dir Rigoberta Mench\u00fa, defensora dels drets humans: <em>\u201cLa pau no \u00e9s nom\u00e9s abs\u00e8ncia de guerra, \u00e9s la pres\u00e8ncia de just\u00edcia\u201d.<\/em> I aquesta just\u00edcia comen\u00e7a en petits gestos, cada dia, a l\u2019escola.<\/p>\n<p>Esperem que tots i totes nosaltres, infants i persones adultes, posem de la nostra part per construir aquesta pau. Molts dies ja ho aconseguim, i aquest ha de ser el nostre missatge al m\u00f3n. Volem viure tranquils i tranquil\u00b7les, gaudint del dia a dia, i sabem que totes les persones del m\u00f3n tamb\u00e9 mereixen viure aix\u00ed.<\/p>\n<p style=\"text-align: center;\"><strong>La pau hauria de governar el m\u00f3n. Aconseguim-ho tots i totes juntes.<\/strong><\/p>\n<p><a href=\"https:\/\/agora.xtec.cat\/escolamontserratsola\/wp-content\/uploads\/usu1322\/2026\/02\/2026_DENIP-COLLAGE.jpg\"><img loading=\"lazy\" decoding=\"async\" class=\"alignnone wp-image-4543 size-full\" src=\"https:\/\/agora.xtec.cat\/escolamontserratsola\/wp-content\/uploads\/usu1322\/2026\/02\/2026_DENIP-COLLAGE.jpg\" alt=\"\" width=\"2046\" height=\"2046\" srcset=\"https:\/\/agora.xtec.cat\/escolamontserratsola\/wp-content\/uploads\/usu1322\/2026\/02\/2026_DENIP-COLLAGE.jpg 2046w, https:\/\/agora.xtec.cat\/escolamontserratsola\/wp-content\/uploads\/usu1322\/2026\/02\/2026_DENIP-COLLAGE-300x300.jpg 300w, https:\/\/agora.xtec.cat\/escolamontserratsola\/wp-content\/uploads\/usu1322\/2026\/02\/2026_DENIP-COLLAGE-1024x1024.jpg 1024w, https:\/\/agora.xtec.cat\/escolamontserratsola\/wp-content\/uploads\/usu1322\/2026\/02\/2026_DENIP-COLLAGE-150x150.jpg 150w, https:\/\/agora.xtec.cat\/escolamontserratsola\/wp-content\/uploads\/usu1322\/2026\/02\/2026_DENIP-COLLAGE-768x768.jpg 768w, https:\/\/agora.xtec.cat\/escolamontserratsola\/wp-content\/uploads\/usu1322\/2026\/02\/2026_DENIP-COLLAGE-1536x1536.jpg 1536w\" sizes=\"auto, (max-width: 2046px) 100vw, 2046px\" \/><\/a><\/p>\n<p>Escola Montserrat Sol\u00e0. Matar\u00f3 30 de gener de 2026.<\/p>\n","protected":false},"excerpt":{"rendered":"<p>Avui, 30 de gener, celebrem el Dia Escolar de la No-viol\u00e8ncia i la Pau. Ho fem en aquesta data perqu\u00e8 \u00e9s el dia que va morir Mahatma Gandhi, una persona que va dedicar la seva vida a defensar la pau i la just\u00edcia sense utilitzar la viol\u00e8ncia. Per\u00f2 la hist\u00f2ria no nom\u00e9s parla de Gandhi. [&hellip;]<\/p>\n","protected":false},"author":1,"featured_media":4544,"comment_status":"closed","ping_status":"open","sticky":false,"template":"","format":"standard","meta":{"_bbp_topic_count":0,"_bbp_reply_count":0,"_bbp_total_topic_count":0,"_bbp_total_reply_count":0,"_bbp_voice_count":0,"_bbp_anonymous_reply_count":0,"_bbp_topic_count_hidden":0,"_bbp_reply_count_hidden":0,"_bbp_forum_subforum_count":0,"site-sidebar-layout":"default","site-content-layout":"","ast-site-content-layout":"default","site-content-style":"default","site-sidebar-style":"default","ast-global-header-display":"","ast-banner-title-visibility":"","ast-main-header-display":"","ast-hfb-above-header-display":"","ast-hfb-below-header-display":"","ast-hfb-mobile-header-display":"","site-post-title":"","ast-breadcrumbs-content":"","ast-featured-img":"","footer-sml-layout":"","theme-transparent-header-meta":"default","adv-header-id-meta":"","stick-header-meta":"","header-above-stick-meta":"","header-main-stick-meta":"","header-below-stick-meta":"","astra-migrate-meta-layouts":"set","ast-page-background-enabled":"default","ast-page-background-meta":{"desktop":{"background-color":"var(--ast-global-color-4)","background-image":"","background-repeat":"repeat","background-position":"center center","background-size":"auto","background-attachment":"scroll","background-type":"","background-media":"","overlay-type":"","overlay-color":"","overlay-opacity":"","overlay-gradient":""},"tablet":{"background-color":"","background-image":"","background-repeat":"repeat","background-position":"center center","background-size":"auto","background-attachment":"scroll","background-type":"","background-media":"","overlay-type":"","overlay-color":"","overlay-opacity":"","overlay-gradient":""},"mobile":{"background-color":"","background-image":"","background-repeat":"repeat","background-position":"center center","background-size":"auto","background-attachment":"scroll","background-type":"","background-media":"","overlay-type":"","overlay-color":"","overlay-opacity":"","overlay-gradient":""}},"ast-content-background-meta":{"desktop":{"background-color":"var(--ast-global-color-5)","background-image":"","background-repeat":"repeat","background-position":"center center","background-size":"auto","background-attachment":"scroll","background-type":"","background-media":"","overlay-type":"","overlay-color":"","overlay-opacity":"","overlay-gradient":""},"tablet":{"background-color":"var(--ast-global-color-5)","background-image":"","background-repeat":"repeat","background-position":"center center","background-size":"auto","background-attachment":"scroll","background-type":"","background-media":"","overlay-type":"","overlay-color":"","overlay-opacity":"","overlay-gradient":""},"mobile":{"background-color":"var(--ast-global-color-5)","background-image":"","background-repeat":"repeat","background-position":"center center","background-size":"auto","background-attachment":"scroll","background-type":"","background-media":"","overlay-type":"","overlay-color":"","overlay-opacity":"","overlay-gradient":""}},"footnotes":""},"categories":[1,4],"tags":[],"class_list":["post-4542","post","type-post","status-publish","format-standard","has-post-thumbnail","hentry","category-general","category-portada"],"post_mailing_queue_ids":[],"_links":{"self":[{"href":"https:\/\/agora.xtec.cat\/escolamontserratsola\/wp-json\/wp\/v2\/posts\/4542","targetHints":{"allow":["GET"]}}],"collection":[{"href":"https:\/\/agora.xtec.cat\/escolamontserratsola\/wp-json\/wp\/v2\/posts"}],"about":[{"href":"https:\/\/agora.xtec.cat\/escolamontserratsola\/wp-json\/wp\/v2\/types\/post"}],"author":[{"embeddable":true,"href":"https:\/\/agora.xtec.cat\/escolamontserratsola\/wp-json\/wp\/v2\/users\/1"}],"replies":[{"embeddable":true,"href":"https:\/\/agora.xtec.cat\/escolamontserratsola\/wp-json\/wp\/v2\/comments?post=4542"}],"version-history":[{"count":3,"href":"https:\/\/agora.xtec.cat\/escolamontserratsola\/wp-json\/wp\/v2\/posts\/4542\/revisions"}],"predecessor-version":[{"id":4549,"href":"https:\/\/agora.xtec.cat\/escolamontserratsola\/wp-json\/wp\/v2\/posts\/4542\/revisions\/4549"}],"wp:featuredmedia":[{"embeddable":true,"href":"https:\/\/agora.xtec.cat\/escolamontserratsola\/wp-json\/wp\/v2\/media\/4544"}],"wp:attachment":[{"href":"https:\/\/agora.xtec.cat\/escolamontserratsola\/wp-json\/wp\/v2\/media?parent=4542"}],"wp:term":[{"taxonomy":"category","embeddable":true,"href":"https:\/\/agora.xtec.cat\/escolamontserratsola\/wp-json\/wp\/v2\/categories?post=4542"},{"taxonomy":"post_tag","embeddable":true,"href":"https:\/\/agora.xtec.cat\/escolamontserratsola\/wp-json\/wp\/v2\/tags?post=4542"}],"curies":[{"name":"wp","href":"https:\/\/api.w.org\/{rel}","templated":true}]}}