{"id":4453,"date":"2025-11-19T22:44:52","date_gmt":"2025-11-19T21:44:52","guid":{"rendered":"https:\/\/agora.xtec.cat\/escolamontserratsola\/?p=4453"},"modified":"2026-03-20T16:11:47","modified_gmt":"2026-03-20T15:11:47","slug":"eduquem-en-valors","status":"publish","type":"post","link":"https:\/\/agora.xtec.cat\/escolamontserratsola\/general\/eduquem-en-valors\/","title":{"rendered":"Eduquem en valors"},"content":{"rendered":"<p>En temps complexos, l\u2019escola ha d\u2019esdevenir un espai de protecci\u00f3 i seguretat per als infants. Un lloc on aprenguin que la solidaritat no \u00e9s nom\u00e9s ajudar, sin\u00f3 comprendre l\u2019altre; que la conviv\u00e8ncia no \u00e9s abs\u00e8ncia de conflicte, sin\u00f3 voluntat de trobar-se; que la democr\u00e0cia no \u00e9s nom\u00e9s un sistema, sin\u00f3 una cultura compartida; i que els valors no nom\u00e9s s\u2019expliquen, sin\u00f3 que es viuen.<\/p>\n<p>Aquest mes de novembre celebrem el Dia Universal dels Drets dels Infants, una oportunitat per donar veu als nens i a les nenes i per visibilitzar els principis que fan essencial la nostra tasca educativa. \u00c9s a trav\u00e9s de les nostres accions quotidianes \u2014una mirada que acull, una decisi\u00f3 compartida, una actitud d\u2019escolta i respecte, un gest que acompanya\u2026\u2014 que esdevenim models als ulls dels infants, que els eduquem en valors i que contribu\u00efm al seu desenvolupament personal i social.<\/p>\n<p><a href=\"https:\/\/agora.xtec.cat\/escolamontserratsola\/wp-content\/uploads\/usu1322\/2025\/11\/20251015_Pau-mon.jpeg\"><img loading=\"lazy\" decoding=\"async\" class=\"aligncenter wp-image-4454 size-full\" src=\"https:\/\/agora.xtec.cat\/escolamontserratsola\/wp-content\/uploads\/usu1322\/2025\/11\/20251015_Pau-mon.jpeg\" alt=\"\" width=\"1920\" height=\"1080\" srcset=\"https:\/\/agora.xtec.cat\/escolamontserratsola\/wp-content\/uploads\/usu1322\/2025\/11\/20251015_Pau-mon.jpeg 1920w, https:\/\/agora.xtec.cat\/escolamontserratsola\/wp-content\/uploads\/usu1322\/2025\/11\/20251015_Pau-mon-300x169.jpeg 300w, https:\/\/agora.xtec.cat\/escolamontserratsola\/wp-content\/uploads\/usu1322\/2025\/11\/20251015_Pau-mon-1024x576.jpeg 1024w, https:\/\/agora.xtec.cat\/escolamontserratsola\/wp-content\/uploads\/usu1322\/2025\/11\/20251015_Pau-mon-768x432.jpeg 768w, https:\/\/agora.xtec.cat\/escolamontserratsola\/wp-content\/uploads\/usu1322\/2025\/11\/20251015_Pau-mon-1536x864.jpeg 1536w\" sizes=\"auto, (max-width: 1920px) 100vw, 1920px\" \/><\/a><\/p>\n","protected":false},"excerpt":{"rendered":"<p>En temps complexos, l\u2019escola ha d\u2019esdevenir un espai de protecci\u00f3 i seguretat per als infants. Un lloc on aprenguin que la solidaritat no \u00e9s nom\u00e9s ajudar, sin\u00f3 comprendre l\u2019altre; que la conviv\u00e8ncia no \u00e9s abs\u00e8ncia de conflicte, sin\u00f3 voluntat de trobar-se; que la democr\u00e0cia no \u00e9s nom\u00e9s un sistema, sin\u00f3 una cultura compartida; i que [&hellip;]<\/p>\n","protected":false},"author":1,"featured_media":4454,"comment_status":"closed","ping_status":"open","sticky":false,"template":"","format":"standard","meta":{"_bbp_topic_count":0,"_bbp_reply_count":0,"_bbp_total_topic_count":0,"_bbp_total_reply_count":0,"_bbp_voice_count":0,"_bbp_anonymous_reply_count":0,"_bbp_topic_count_hidden":0,"_bbp_reply_count_hidden":0,"_bbp_forum_subforum_count":0,"site-sidebar-layout":"default","site-content-layout":"","ast-site-content-layout":"","site-content-style":"default","site-sidebar-style":"default","ast-global-header-display":"","ast-banner-title-visibility":"","ast-main-header-display":"","ast-hfb-above-header-display":"","ast-hfb-below-header-display":"","ast-hfb-mobile-header-display":"","site-post-title":"","ast-breadcrumbs-content":"","ast-featured-img":"","footer-sml-layout":"","theme-transparent-header-meta":"","adv-header-id-meta":"","stick-header-meta":"","header-above-stick-meta":"","header-main-stick-meta":"","header-below-stick-meta":"","astra-migrate-meta-layouts":"default","ast-page-background-enabled":"default","ast-page-background-meta":{"desktop":{"background-color":"var(--ast-global-color-4)","background-image":"","background-repeat":"repeat","background-position":"center center","background-size":"auto","background-attachment":"scroll","background-type":"","background-media":"","overlay-type":"","overlay-color":"","overlay-opacity":"","overlay-gradient":""},"tablet":{"background-color":"","background-image":"","background-repeat":"repeat","background-position":"center center","background-size":"auto","background-attachment":"scroll","background-type":"","background-media":"","overlay-type":"","overlay-color":"","overlay-opacity":"","overlay-gradient":""},"mobile":{"background-color":"","background-image":"","background-repeat":"repeat","background-position":"center center","background-size":"auto","background-attachment":"scroll","background-type":"","background-media":"","overlay-type":"","overlay-color":"","overlay-opacity":"","overlay-gradient":""}},"ast-content-background-meta":{"desktop":{"background-color":"var(--ast-global-color-5)","background-image":"","background-repeat":"repeat","background-position":"center center","background-size":"auto","background-attachment":"scroll","background-type":"","background-media":"","overlay-type":"","overlay-color":"","overlay-opacity":"","overlay-gradient":""},"tablet":{"background-color":"var(--ast-global-color-5)","background-image":"","background-repeat":"repeat","background-position":"center center","background-size":"auto","background-attachment":"scroll","background-type":"","background-media":"","overlay-type":"","overlay-color":"","overlay-opacity":"","overlay-gradient":""},"mobile":{"background-color":"var(--ast-global-color-5)","background-image":"","background-repeat":"repeat","background-position":"center center","background-size":"auto","background-attachment":"scroll","background-type":"","background-media":"","overlay-type":"","overlay-color":"","overlay-opacity":"","overlay-gradient":""}},"footnotes":""},"categories":[1,4],"tags":[],"class_list":["post-4453","post","type-post","status-publish","format-standard","has-post-thumbnail","hentry","category-general","category-portada"],"post_mailing_queue_ids":[],"_links":{"self":[{"href":"https:\/\/agora.xtec.cat\/escolamontserratsola\/wp-json\/wp\/v2\/posts\/4453","targetHints":{"allow":["GET"]}}],"collection":[{"href":"https:\/\/agora.xtec.cat\/escolamontserratsola\/wp-json\/wp\/v2\/posts"}],"about":[{"href":"https:\/\/agora.xtec.cat\/escolamontserratsola\/wp-json\/wp\/v2\/types\/post"}],"author":[{"embeddable":true,"href":"https:\/\/agora.xtec.cat\/escolamontserratsola\/wp-json\/wp\/v2\/users\/1"}],"replies":[{"embeddable":true,"href":"https:\/\/agora.xtec.cat\/escolamontserratsola\/wp-json\/wp\/v2\/comments?post=4453"}],"version-history":[{"count":1,"href":"https:\/\/agora.xtec.cat\/escolamontserratsola\/wp-json\/wp\/v2\/posts\/4453\/revisions"}],"predecessor-version":[{"id":4455,"href":"https:\/\/agora.xtec.cat\/escolamontserratsola\/wp-json\/wp\/v2\/posts\/4453\/revisions\/4455"}],"wp:featuredmedia":[{"embeddable":true,"href":"https:\/\/agora.xtec.cat\/escolamontserratsola\/wp-json\/wp\/v2\/media\/4454"}],"wp:attachment":[{"href":"https:\/\/agora.xtec.cat\/escolamontserratsola\/wp-json\/wp\/v2\/media?parent=4453"}],"wp:term":[{"taxonomy":"category","embeddable":true,"href":"https:\/\/agora.xtec.cat\/escolamontserratsola\/wp-json\/wp\/v2\/categories?post=4453"},{"taxonomy":"post_tag","embeddable":true,"href":"https:\/\/agora.xtec.cat\/escolamontserratsola\/wp-json\/wp\/v2\/tags?post=4453"}],"curies":[{"name":"wp","href":"https:\/\/api.w.org\/{rel}","templated":true}]}}