{"id":4406,"date":"2025-05-12T15:00:42","date_gmt":"2025-05-12T13:00:42","guid":{"rendered":"https:\/\/agora.xtec.cat\/escolamontserratsola\/?p=4406"},"modified":"2026-03-20T16:02:40","modified_gmt":"2026-03-20T15:02:40","slug":"petits-el-nostre-vei-es-un-ratpenat","status":"publish","type":"post","link":"https:\/\/agora.xtec.cat\/escolamontserratsola\/general\/petits-el-nostre-vei-es-un-ratpenat\/","title":{"rendered":"Petits: El nostre ve\u00ed \u00e9s un ratpenat!"},"content":{"rendered":"<p>Un dia a l\u2019hora del pati v\u00e0rem veure un ocell una mica estrany. Ens va cridar molt l\u2019atenci\u00f3 els moviments que feia volant. Ens n&#8217;adon\u00e0rem que era un ratpenat! I descobr\u00edrem que vivia en un forat a la fa\u00e7ana de l\u2019escola, sobre la nostra aula.<\/p>\n<p><a href=\"https:\/\/agora.xtec.cat\/escolamontserratsola\/wp-content\/uploads\/usu1322\/2025\/05\/Ratpenat.jpg\"><img loading=\"lazy\" decoding=\"async\" class=\"alignnone size-medium wp-image-4411\" src=\"https:\/\/agora.xtec.cat\/escolamontserratsola\/wp-content\/uploads\/usu1322\/2025\/05\/Ratpenat-300x294.jpg\" alt=\"\" width=\"300\" height=\"294\" srcset=\"https:\/\/agora.xtec.cat\/escolamontserratsola\/wp-content\/uploads\/usu1322\/2025\/05\/Ratpenat-300x294.jpg 300w, https:\/\/agora.xtec.cat\/escolamontserratsola\/wp-content\/uploads\/usu1322\/2025\/05\/Ratpenat.jpg 325w\" sizes=\"auto, (max-width: 300px) 100vw, 300px\" \/><\/a><\/p>\n<p>Vam comen\u00e7ar a buscar informaci\u00f3 sobre els ratpenats i v\u00e0rem descobrir que dormen de dia, que viuen en fam\u00edlia, que les fam\u00edlies de ratpenats s\u2019anomenen \u201ccol\u00f2nies\u201d.<\/p>\n<p><em>&#8220;\u00c9s clar! Com quan anem a les col\u00f2nies en fam\u00edlia que dormim tots junts. Els ratpenats fan igual\u201d.<\/em><\/p>\n<p>Com \u00e9s que un ratpenat ha decidit viure a l\u2019escola?\u00a0On viuen normalment?<\/p>\n<p>Llegim el conte <em>On \u00e9s l\u2019elefant?<\/em> un llibre-joc visual amb valor afegit, ja que mostra el mal que fa la desforestaci\u00f3 a l&#8217;h\u00e0bitat animal. Ens ajuda a entendre que cada cop hi ha menys boscos i espais naturals i que aix\u00f2 aboca els animals salvatges a buscar altres indrets per viure.<\/p>\n<p>El ratpenat no fa nius, viu en les esquerdes dels troncs dels arbres vells dels boscos (cada cop n\u2019hi ha menys) i a les coves. El nostre ve\u00ed, potser, no havia trobat un lloc millor per fer casa seva. Decid\u00edrem que, igual que la resta de grups havien penjat nius artificials per tal que els ocells hi visquessin als arbres del pati, nosaltres penjar\u00edem un refugi de ratpenats. D\u2019aquesta manera, el nostre ve\u00ed, potser, decidiria viure-hi.<\/p>\n<p><em>\u201cO podria convidar als amics i amigues\u201d, \u201co potser t\u00e9 fam\u00edlia i necessiten m\u00e9s espai\u201d, \u201co pot ser l\u2019habitaci\u00f3 dels nens\u201d.<\/em><\/p>\n<p><a href=\"https:\/\/agora.xtec.cat\/escolamontserratsola\/wp-content\/uploads\/usu1322\/2025\/05\/Ratpenat-1.jpg\"><img loading=\"lazy\" decoding=\"async\" class=\"alignnone size-medium wp-image-4410\" src=\"https:\/\/agora.xtec.cat\/escolamontserratsola\/wp-content\/uploads\/usu1322\/2025\/05\/Ratpenat-1-300x223.jpg\" alt=\"\" width=\"300\" height=\"223\" srcset=\"https:\/\/agora.xtec.cat\/escolamontserratsola\/wp-content\/uploads\/usu1322\/2025\/05\/Ratpenat-1-300x223.jpg 300w, https:\/\/agora.xtec.cat\/escolamontserratsola\/wp-content\/uploads\/usu1322\/2025\/05\/Ratpenat-1-200x150.jpg 200w, https:\/\/agora.xtec.cat\/escolamontserratsola\/wp-content\/uploads\/usu1322\/2025\/05\/Ratpenat-1.jpg 600w\" sizes=\"auto, (max-width: 300px) 100vw, 300px\" \/><\/a><\/p>\n<p><span style=\"font-weight: 400;\">Com \u00e9s que havia decidit justament viure sobre la classe del Mandariner? <\/span><\/p>\n<p><span style=\"font-weight: 400;\">Vam sortir al pati a investigar! I vam descobrir que \u00e9s l\u2019\u00fanica aula que t\u00e9 un forat prou gran perqu\u00e8 hi c\u00e0piga un animal\u00f3 petit. Hav\u00edem estat molt afortunats i afortunades.<\/span><\/p>\n<p><span style=\"font-weight: 400;\">V\u00e0rem explicar un altre conte molt bonic, <em>Plantant els arbres de K\u00e8nia<\/em>. Wangari Maathai, guanyadora del Premi Nobel de la Pau de 2004 i fundadora del moviment Cintur\u00f3 Verd, va cr\u00e9ixer a K\u00e8nia, on any rere any, les terres van ser desforestades i el paisatge es va transformar cada vegada m\u00e9s. La Wangari va marxar a estudiar als Estats Units i quan va tornar, tan sols va trobar horts secs, gent desnodrida i els arbres havien desaparegut del paisatge. Ella va canviar la sort de la seva terra ensenyant a tenir cura d\u2019ella.\u00a0<\/span><span style=\"font-weight: 400;\">Des de la creaci\u00f3 del moviment Cintur\u00f3 Verd, s\u2019ha propiciat la plantaci\u00f3 a K\u00e8nia de m\u00e9s de 50 milions d\u2019arbres, facilitant, a m\u00e9s, la formaci\u00f3 de milers de dones en la silvicultura i l\u2019apicultura.<\/span><\/p>\n<p><span style=\"font-weight: 400;\">Despr\u00e9s d\u2019aquesta lectura tan interessant se&#8217;ns va oc\u00f3rrer una idea: I si fem un Cintur\u00f3 Verd del Mandariner? Fabric\u00e0rem les anomenades \u201cBOMBES DE VIDA\u201d. Una barreja d\u2019argila, sorra i llavors amb forma de pilota que es deixa assecar. Durant la nostra sortida a Gualba les v\u00e0rem llen\u00e7ar per \u201creforestar\u201d i aix\u00ed, ajudar als ratpenats i altres animals.<\/span><\/p>\n<p><a href=\"https:\/\/agora.xtec.cat\/escolamontserratsola\/wp-content\/uploads\/usu1322\/2025\/05\/Ratpenat-2.jpg\"><img loading=\"lazy\" decoding=\"async\" class=\"alignnone size-medium wp-image-4409\" src=\"https:\/\/agora.xtec.cat\/escolamontserratsola\/wp-content\/uploads\/usu1322\/2025\/05\/Ratpenat-2-300x224.jpg\" alt=\"\" width=\"300\" height=\"224\" srcset=\"https:\/\/agora.xtec.cat\/escolamontserratsola\/wp-content\/uploads\/usu1322\/2025\/05\/Ratpenat-2-300x224.jpg 300w, https:\/\/agora.xtec.cat\/escolamontserratsola\/wp-content\/uploads\/usu1322\/2025\/05\/Ratpenat-2-200x150.jpg 200w, https:\/\/agora.xtec.cat\/escolamontserratsola\/wp-content\/uploads\/usu1322\/2025\/05\/Ratpenat-2.jpg 597w\" sizes=\"auto, (max-width: 300px) 100vw, 300px\" \/><\/a><\/p>\n<p><span style=\"font-weight: 400;\">A trav\u00e9s de tot el que an\u00e0vem descobrint, els nens i les nenes del Mandariner, varen decidir que volien ajudar els ratpenats perqu\u00e8 ells ens ajuden molt a les persones. Els ratpenats ens ajuden menjant mosquits, insectes, pol\u00b7linitzant i repartint llavors. <\/span><span style=\"font-weight: 400;\">Com els pod\u00edem ajudar nosaltres? Donant-los a con\u00e8ixer i explicant totes les seves virtuts!\u00a0<\/span><\/p>\n<p><a href=\"https:\/\/agora.xtec.cat\/escolamontserratsola\/wp-content\/uploads\/usu1322\/2025\/05\/Ratpenat-3.jpg\"><img loading=\"lazy\" decoding=\"async\" class=\"alignnone wp-image-4408 size-full\" src=\"https:\/\/agora.xtec.cat\/escolamontserratsola\/wp-content\/uploads\/usu1322\/2025\/05\/Ratpenat-3.jpg\" alt=\"\" width=\"375\" height=\"202\" srcset=\"https:\/\/agora.xtec.cat\/escolamontserratsola\/wp-content\/uploads\/usu1322\/2025\/05\/Ratpenat-3.jpg 375w, https:\/\/agora.xtec.cat\/escolamontserratsola\/wp-content\/uploads\/usu1322\/2025\/05\/Ratpenat-3-300x162.jpg 300w\" sizes=\"auto, (max-width: 375px) 100vw, 375px\" \/><\/a> <a href=\"https:\/\/agora.xtec.cat\/escolamontserratsola\/wp-content\/uploads\/usu1322\/2025\/05\/Ratpenat-4.jpg\"><img loading=\"lazy\" decoding=\"async\" class=\"alignnone size-medium wp-image-4407\" src=\"https:\/\/agora.xtec.cat\/escolamontserratsola\/wp-content\/uploads\/usu1322\/2025\/05\/Ratpenat-4-300x246.jpg\" alt=\"\" width=\"300\" height=\"246\" srcset=\"https:\/\/agora.xtec.cat\/escolamontserratsola\/wp-content\/uploads\/usu1322\/2025\/05\/Ratpenat-4-300x246.jpg 300w, https:\/\/agora.xtec.cat\/escolamontserratsola\/wp-content\/uploads\/usu1322\/2025\/05\/Ratpenat-4.jpg 397w\" sizes=\"auto, (max-width: 300px) 100vw, 300px\" \/><\/a><\/p>\n","protected":false},"excerpt":{"rendered":"<p>Un dia a l\u2019hora del pati v\u00e0rem veure un ocell una mica estrany. Ens va cridar molt l\u2019atenci\u00f3 els moviments que feia volant. Ens n&#8217;adon\u00e0rem que era un ratpenat! I descobr\u00edrem que vivia en un forat a la fa\u00e7ana de l\u2019escola, sobre la nostra aula. Vam comen\u00e7ar a buscar informaci\u00f3 sobre els ratpenats i v\u00e0rem [&hellip;]<\/p>\n","protected":false},"author":1,"featured_media":4410,"comment_status":"closed","ping_status":"closed","sticky":false,"template":"","format":"standard","meta":{"_bbp_topic_count":0,"_bbp_reply_count":0,"_bbp_total_topic_count":0,"_bbp_total_reply_count":0,"_bbp_voice_count":0,"_bbp_anonymous_reply_count":0,"_bbp_topic_count_hidden":0,"_bbp_reply_count_hidden":0,"_bbp_forum_subforum_count":0,"site-sidebar-layout":"default","site-content-layout":"","ast-site-content-layout":"","site-content-style":"default","site-sidebar-style":"default","ast-global-header-display":"","ast-banner-title-visibility":"","ast-main-header-display":"","ast-hfb-above-header-display":"","ast-hfb-below-header-display":"","ast-hfb-mobile-header-display":"","site-post-title":"","ast-breadcrumbs-content":"","ast-featured-img":"","footer-sml-layout":"","theme-transparent-header-meta":"","adv-header-id-meta":"","stick-header-meta":"","header-above-stick-meta":"","header-main-stick-meta":"","header-below-stick-meta":"","astra-migrate-meta-layouts":"default","ast-page-background-enabled":"default","ast-page-background-meta":{"desktop":{"background-color":"var(--ast-global-color-4)","background-image":"","background-repeat":"repeat","background-position":"center center","background-size":"auto","background-attachment":"scroll","background-type":"","background-media":"","overlay-type":"","overlay-color":"","overlay-opacity":"","overlay-gradient":""},"tablet":{"background-color":"","background-image":"","background-repeat":"repeat","background-position":"center center","background-size":"auto","background-attachment":"scroll","background-type":"","background-media":"","overlay-type":"","overlay-color":"","overlay-opacity":"","overlay-gradient":""},"mobile":{"background-color":"","background-image":"","background-repeat":"repeat","background-position":"center center","background-size":"auto","background-attachment":"scroll","background-type":"","background-media":"","overlay-type":"","overlay-color":"","overlay-opacity":"","overlay-gradient":""}},"ast-content-background-meta":{"desktop":{"background-color":"var(--ast-global-color-5)","background-image":"","background-repeat":"repeat","background-position":"center center","background-size":"auto","background-attachment":"scroll","background-type":"","background-media":"","overlay-type":"","overlay-color":"","overlay-opacity":"","overlay-gradient":""},"tablet":{"background-color":"var(--ast-global-color-5)","background-image":"","background-repeat":"repeat","background-position":"center center","background-size":"auto","background-attachment":"scroll","background-type":"","background-media":"","overlay-type":"","overlay-color":"","overlay-opacity":"","overlay-gradient":""},"mobile":{"background-color":"var(--ast-global-color-5)","background-image":"","background-repeat":"repeat","background-position":"center center","background-size":"auto","background-attachment":"scroll","background-type":"","background-media":"","overlay-type":"","overlay-color":"","overlay-opacity":"","overlay-gradient":""}},"footnotes":""},"categories":[1,2,4],"tags":[],"class_list":["post-4406","post","type-post","status-publish","format-standard","has-post-thumbnail","hentry","category-general","category-petits","category-portada"],"post_mailing_queue_ids":[],"_links":{"self":[{"href":"https:\/\/agora.xtec.cat\/escolamontserratsola\/wp-json\/wp\/v2\/posts\/4406","targetHints":{"allow":["GET"]}}],"collection":[{"href":"https:\/\/agora.xtec.cat\/escolamontserratsola\/wp-json\/wp\/v2\/posts"}],"about":[{"href":"https:\/\/agora.xtec.cat\/escolamontserratsola\/wp-json\/wp\/v2\/types\/post"}],"author":[{"embeddable":true,"href":"https:\/\/agora.xtec.cat\/escolamontserratsola\/wp-json\/wp\/v2\/users\/1"}],"replies":[{"embeddable":true,"href":"https:\/\/agora.xtec.cat\/escolamontserratsola\/wp-json\/wp\/v2\/comments?post=4406"}],"version-history":[{"count":2,"href":"https:\/\/agora.xtec.cat\/escolamontserratsola\/wp-json\/wp\/v2\/posts\/4406\/revisions"}],"predecessor-version":[{"id":4413,"href":"https:\/\/agora.xtec.cat\/escolamontserratsola\/wp-json\/wp\/v2\/posts\/4406\/revisions\/4413"}],"wp:featuredmedia":[{"embeddable":true,"href":"https:\/\/agora.xtec.cat\/escolamontserratsola\/wp-json\/wp\/v2\/media\/4410"}],"wp:attachment":[{"href":"https:\/\/agora.xtec.cat\/escolamontserratsola\/wp-json\/wp\/v2\/media?parent=4406"}],"wp:term":[{"taxonomy":"category","embeddable":true,"href":"https:\/\/agora.xtec.cat\/escolamontserratsola\/wp-json\/wp\/v2\/categories?post=4406"},{"taxonomy":"post_tag","embeddable":true,"href":"https:\/\/agora.xtec.cat\/escolamontserratsola\/wp-json\/wp\/v2\/tags?post=4406"}],"curies":[{"name":"wp","href":"https:\/\/api.w.org\/{rel}","templated":true}]}}