{"id":4375,"date":"2025-04-29T09:00:24","date_gmt":"2025-04-29T07:00:24","guid":{"rendered":"https:\/\/agora.xtec.cat\/escolamontserratsola\/?p=4375"},"modified":"2026-03-20T16:11:47","modified_gmt":"2026-03-20T15:11:47","slug":"comunicat-dels-centres-educatius-de-mataro","status":"publish","type":"post","link":"https:\/\/agora.xtec.cat\/escolamontserratsola\/general\/comunicat-dels-centres-educatius-de-mataro\/","title":{"rendered":"Comunicat dels centres educatius de Matar\u00f3 a favor de la conviv\u00e8ncia"},"content":{"rendered":"<p dir=\"auto\"><strong>Els centres educatius de Matar\u00f3, condemnem rotundament qualsevol forma de viol\u00e8ncia, vingui d&#8217;on vingui i adopti la forma que adopti.<\/strong><\/p>\n<p dir=\"auto\">Rebutgem les situacions de desinformaci\u00f3 que menystenen la pau, el di\u00e0leg, la inclusi\u00f3, la conviv\u00e8ncia i la tasca de tota la comunitat educativa.<\/p>\n<p dir=\"auto\">Ens oposem fermament a la vinculaci\u00f3 de la nostra tasca educativa amb actes a\u00efllats comesos per individus concrets, especialment quan aix\u00f2 s&#8217;utilitza per estigmatitzar col\u00b7lectius sencers.<\/p>\n<p dir=\"auto\">Els centres educatius treballem colze a colze amb les fam\u00edlies per garantir una educaci\u00f3 de qualitat i un futur millor per a tothom. La feina que realitzem mestres i professorat es fonamenta en valors com la pau, el di\u00e0leg, la conviv\u00e8ncia i el respecte a la diversitat, i no podem acceptar que sigui utilitzada com a eina de confrontaci\u00f3 o manipulaci\u00f3.<\/p>\n<p dir=\"auto\">Demanem responsabilitat i professionalitat a totes aquelles persones o agents socials que, per obtenir r\u00e8dits propis, busquen dividir la societat.<\/p>\n<p dir=\"auto\">Totes les persones tenim el dret i el deure de fer prevaldre el b\u00e9 com\u00fa per sobre dels interessos individuals, en coher\u00e8ncia amb els principis del contracte social que sustenta tota conviv\u00e8ncia democr\u00e0tica.<\/p>\n<p dir=\"auto\">Les direccions dels centres educatius de Matar\u00f3.<\/p>\n<p dir=\"auto\">Matar\u00f3, 29 d&#8217;abril de 2025<\/p>\n","protected":false},"excerpt":{"rendered":"<p>Els centres educatius de Matar\u00f3 condemnem rotundament qualsevol forma de viol\u00e8ncia, vingui d&#8217;on vingui i adopti la forma que adopti.<\/p>\n","protected":false},"author":1,"featured_media":4376,"comment_status":"closed","ping_status":"closed","sticky":false,"template":"","format":"standard","meta":{"_bbp_topic_count":0,"_bbp_reply_count":0,"_bbp_total_topic_count":0,"_bbp_total_reply_count":0,"_bbp_voice_count":0,"_bbp_anonymous_reply_count":0,"_bbp_topic_count_hidden":0,"_bbp_reply_count_hidden":0,"_bbp_forum_subforum_count":0,"site-sidebar-layout":"default","site-content-layout":"","ast-site-content-layout":"","site-content-style":"default","site-sidebar-style":"default","ast-global-header-display":"","ast-banner-title-visibility":"","ast-main-header-display":"","ast-hfb-above-header-display":"","ast-hfb-below-header-display":"","ast-hfb-mobile-header-display":"","site-post-title":"","ast-breadcrumbs-content":"","ast-featured-img":"","footer-sml-layout":"","theme-transparent-header-meta":"","adv-header-id-meta":"","stick-header-meta":"","header-above-stick-meta":"","header-main-stick-meta":"","header-below-stick-meta":"","astra-migrate-meta-layouts":"default","ast-page-background-enabled":"default","ast-page-background-meta":{"desktop":{"background-color":"var(--ast-global-color-4)","background-image":"","background-repeat":"repeat","background-position":"center center","background-size":"auto","background-attachment":"scroll","background-type":"","background-media":"","overlay-type":"","overlay-color":"","overlay-opacity":"","overlay-gradient":""},"tablet":{"background-color":"","background-image":"","background-repeat":"repeat","background-position":"center center","background-size":"auto","background-attachment":"scroll","background-type":"","background-media":"","overlay-type":"","overlay-color":"","overlay-opacity":"","overlay-gradient":""},"mobile":{"background-color":"","background-image":"","background-repeat":"repeat","background-position":"center center","background-size":"auto","background-attachment":"scroll","background-type":"","background-media":"","overlay-type":"","overlay-color":"","overlay-opacity":"","overlay-gradient":""}},"ast-content-background-meta":{"desktop":{"background-color":"var(--ast-global-color-5)","background-image":"","background-repeat":"repeat","background-position":"center center","background-size":"auto","background-attachment":"scroll","background-type":"","background-media":"","overlay-type":"","overlay-color":"","overlay-opacity":"","overlay-gradient":""},"tablet":{"background-color":"var(--ast-global-color-5)","background-image":"","background-repeat":"repeat","background-position":"center center","background-size":"auto","background-attachment":"scroll","background-type":"","background-media":"","overlay-type":"","overlay-color":"","overlay-opacity":"","overlay-gradient":""},"mobile":{"background-color":"var(--ast-global-color-5)","background-image":"","background-repeat":"repeat","background-position":"center center","background-size":"auto","background-attachment":"scroll","background-type":"","background-media":"","overlay-type":"","overlay-color":"","overlay-opacity":"","overlay-gradient":""}},"footnotes":""},"categories":[1,4],"tags":[],"class_list":["post-4375","post","type-post","status-publish","format-standard","has-post-thumbnail","hentry","category-general","category-portada"],"post_mailing_queue_ids":[],"_links":{"self":[{"href":"https:\/\/agora.xtec.cat\/escolamontserratsola\/wp-json\/wp\/v2\/posts\/4375","targetHints":{"allow":["GET"]}}],"collection":[{"href":"https:\/\/agora.xtec.cat\/escolamontserratsola\/wp-json\/wp\/v2\/posts"}],"about":[{"href":"https:\/\/agora.xtec.cat\/escolamontserratsola\/wp-json\/wp\/v2\/types\/post"}],"author":[{"embeddable":true,"href":"https:\/\/agora.xtec.cat\/escolamontserratsola\/wp-json\/wp\/v2\/users\/1"}],"replies":[{"embeddable":true,"href":"https:\/\/agora.xtec.cat\/escolamontserratsola\/wp-json\/wp\/v2\/comments?post=4375"}],"version-history":[{"count":6,"href":"https:\/\/agora.xtec.cat\/escolamontserratsola\/wp-json\/wp\/v2\/posts\/4375\/revisions"}],"predecessor-version":[{"id":4398,"href":"https:\/\/agora.xtec.cat\/escolamontserratsola\/wp-json\/wp\/v2\/posts\/4375\/revisions\/4398"}],"wp:featuredmedia":[{"embeddable":true,"href":"https:\/\/agora.xtec.cat\/escolamontserratsola\/wp-json\/wp\/v2\/media\/4376"}],"wp:attachment":[{"href":"https:\/\/agora.xtec.cat\/escolamontserratsola\/wp-json\/wp\/v2\/media?parent=4375"}],"wp:term":[{"taxonomy":"category","embeddable":true,"href":"https:\/\/agora.xtec.cat\/escolamontserratsola\/wp-json\/wp\/v2\/categories?post=4375"},{"taxonomy":"post_tag","embeddable":true,"href":"https:\/\/agora.xtec.cat\/escolamontserratsola\/wp-json\/wp\/v2\/tags?post=4375"}],"curies":[{"name":"wp","href":"https:\/\/api.w.org\/{rel}","templated":true}]}}