{"id":4320,"date":"2026-01-21T09:00:18","date_gmt":"2026-01-21T08:00:18","guid":{"rendered":"https:\/\/agora.xtec.cat\/escolamontserratsola\/?p=4320"},"modified":"2026-03-20T16:10:36","modified_gmt":"2026-03-20T15:10:36","slug":"jornada-de-portes-obertes-a-lescola-publica","status":"publish","type":"post","link":"https:\/\/agora.xtec.cat\/escolamontserratsola\/general\/jornada-de-portes-obertes-a-lescola-publica\/","title":{"rendered":"Jornada de portes obertes a l&#8217;escola p\u00fablica"},"content":{"rendered":"<p>Les escoles p\u00fabliques de Matar\u00f3 obrim les portes perqu\u00e8 les fam\u00edlies puguin con\u00e8ixer de prop els nostres espais i els nostres projectes educatius.<\/p>\n<p>Per qu\u00e8 triar l&#8217;ESCOLA P\u00daBLICA?<\/p>\n<ul>\n<li>Perqu\u00e8 oferim una educaci\u00f3 inclusiva i de qualitat.<\/li>\n<li>Perqu\u00e8 fomentem valors com l&#8217;autoconeixement i l&#8217;autonomia, la participaci\u00f3 democr\u00e0tica, el respecte, la sostenibilitat i l&#8217;\u00e8tica ambiental, l&#8217;educaci\u00f3 emocional i afectiva, les habilitats socials, la igualtat de g\u00e8nere, la responsabilitat envers el b\u00e9 com\u00fa i el comprom\u00eds actiu amb el grup, l&#8217;escola i l&#8217;entorn.<\/li>\n<\/ul>\n<p>Les fam\u00edlies empadronades a Matar\u00f3 que heu de fer preinscripci\u00f3 per a I3 i ESO1, properament rebreu la informaci\u00f3 de les jornades de portes obertes als centres p\u00fablics. <a href=\"https:\/\/www.mataro.cat\/sites\/mataro-ciutat-educadora\/preinscripcio\"><span style=\"text-decoration: underline;\">Tamb\u00e9 la podeu consultar a la web de l&#8217;Ajuntament<\/span><\/a> (&lt; us facilitem l&#8217;enlla\u00e7).<\/p>\n<p><a href=\"https:\/\/www.mataro.cat\/sites\/mataro-ciutat-educadora\/videos\"><img loading=\"lazy\" decoding=\"async\" class=\"alignnone wp-image-4534 size-full\" src=\"https:\/\/agora.xtec.cat\/escolamontserratsola\/wp-content\/uploads\/usu1322\/2026\/01\/Cartell-publica-A3.png\" alt=\"\" width=\"1414\" height=\"2000\" srcset=\"https:\/\/agora.xtec.cat\/escolamontserratsola\/wp-content\/uploads\/usu1322\/2026\/01\/Cartell-publica-A3.png 1414w, https:\/\/agora.xtec.cat\/escolamontserratsola\/wp-content\/uploads\/usu1322\/2026\/01\/Cartell-publica-A3-212x300.png 212w, https:\/\/agora.xtec.cat\/escolamontserratsola\/wp-content\/uploads\/usu1322\/2026\/01\/Cartell-publica-A3-724x1024.png 724w, https:\/\/agora.xtec.cat\/escolamontserratsola\/wp-content\/uploads\/usu1322\/2026\/01\/Cartell-publica-A3-768x1086.png 768w, https:\/\/agora.xtec.cat\/escolamontserratsola\/wp-content\/uploads\/usu1322\/2026\/01\/Cartell-publica-A3-1086x1536.png 1086w\" sizes=\"auto, (max-width: 1414px) 100vw, 1414px\" \/><\/a><\/p>\n<p>&nbsp;<\/p>\n","protected":false},"excerpt":{"rendered":"<p>Per qu\u00e8 triar l&#8217;ESCOLA P\u00daBLICA? Perqu\u00e8 oferim una educaci\u00f3 inclusiva i de qualitat i fomentem valors com l&#8217;autoconeixement i l&#8217;autonomia, la participaci\u00f3 democr\u00e0tica, el respecte, la sostenibilitat i l&#8217;\u00e8tica ambiental, l&#8217;educaci\u00f3 emocional i afectiva, les habilitats socials, la igualtat de g\u00e8nere, la responsabilitat envers el b\u00e9 com\u00fa i el comprom\u00eds actiu amb el grup, l&#8217;escola i l&#8217;entorn.<\/p>\n","protected":false},"author":1,"featured_media":4546,"comment_status":"closed","ping_status":"closed","sticky":false,"template":"","format":"standard","meta":{"_bbp_topic_count":0,"_bbp_reply_count":0,"_bbp_total_topic_count":0,"_bbp_total_reply_count":0,"_bbp_voice_count":0,"_bbp_anonymous_reply_count":0,"_bbp_topic_count_hidden":0,"_bbp_reply_count_hidden":0,"_bbp_forum_subforum_count":0,"site-sidebar-layout":"default","site-content-layout":"","ast-site-content-layout":"default","site-content-style":"default","site-sidebar-style":"default","ast-global-header-display":"","ast-banner-title-visibility":"","ast-main-header-display":"","ast-hfb-above-header-display":"","ast-hfb-below-header-display":"","ast-hfb-mobile-header-display":"","site-post-title":"","ast-breadcrumbs-content":"","ast-featured-img":"","footer-sml-layout":"","theme-transparent-header-meta":"default","adv-header-id-meta":"","stick-header-meta":"","header-above-stick-meta":"","header-main-stick-meta":"","header-below-stick-meta":"","astra-migrate-meta-layouts":"set","ast-page-background-enabled":"default","ast-page-background-meta":{"desktop":{"background-color":"var(--ast-global-color-4)","background-image":"","background-repeat":"repeat","background-position":"center center","background-size":"auto","background-attachment":"scroll","background-type":"","background-media":"","overlay-type":"","overlay-color":"","overlay-opacity":"","overlay-gradient":""},"tablet":{"background-color":"","background-image":"","background-repeat":"repeat","background-position":"center center","background-size":"auto","background-attachment":"scroll","background-type":"","background-media":"","overlay-type":"","overlay-color":"","overlay-opacity":"","overlay-gradient":""},"mobile":{"background-color":"","background-image":"","background-repeat":"repeat","background-position":"center center","background-size":"auto","background-attachment":"scroll","background-type":"","background-media":"","overlay-type":"","overlay-color":"","overlay-opacity":"","overlay-gradient":""}},"ast-content-background-meta":{"desktop":{"background-color":"var(--ast-global-color-5)","background-image":"","background-repeat":"repeat","background-position":"center center","background-size":"auto","background-attachment":"scroll","background-type":"","background-media":"","overlay-type":"","overlay-color":"","overlay-opacity":"","overlay-gradient":""},"tablet":{"background-color":"var(--ast-global-color-5)","background-image":"","background-repeat":"repeat","background-position":"center center","background-size":"auto","background-attachment":"scroll","background-type":"","background-media":"","overlay-type":"","overlay-color":"","overlay-opacity":"","overlay-gradient":""},"mobile":{"background-color":"var(--ast-global-color-5)","background-image":"","background-repeat":"repeat","background-position":"center center","background-size":"auto","background-attachment":"scroll","background-type":"","background-media":"","overlay-type":"","overlay-color":"","overlay-opacity":"","overlay-gradient":""}},"footnotes":""},"categories":[1,4],"tags":[],"class_list":["post-4320","post","type-post","status-publish","format-standard","has-post-thumbnail","hentry","category-general","category-portada"],"post_mailing_queue_ids":[],"_links":{"self":[{"href":"https:\/\/agora.xtec.cat\/escolamontserratsola\/wp-json\/wp\/v2\/posts\/4320","targetHints":{"allow":["GET"]}}],"collection":[{"href":"https:\/\/agora.xtec.cat\/escolamontserratsola\/wp-json\/wp\/v2\/posts"}],"about":[{"href":"https:\/\/agora.xtec.cat\/escolamontserratsola\/wp-json\/wp\/v2\/types\/post"}],"author":[{"embeddable":true,"href":"https:\/\/agora.xtec.cat\/escolamontserratsola\/wp-json\/wp\/v2\/users\/1"}],"replies":[{"embeddable":true,"href":"https:\/\/agora.xtec.cat\/escolamontserratsola\/wp-json\/wp\/v2\/comments?post=4320"}],"version-history":[{"count":6,"href":"https:\/\/agora.xtec.cat\/escolamontserratsola\/wp-json\/wp\/v2\/posts\/4320\/revisions"}],"predecessor-version":[{"id":4547,"href":"https:\/\/agora.xtec.cat\/escolamontserratsola\/wp-json\/wp\/v2\/posts\/4320\/revisions\/4547"}],"wp:featuredmedia":[{"embeddable":true,"href":"https:\/\/agora.xtec.cat\/escolamontserratsola\/wp-json\/wp\/v2\/media\/4546"}],"wp:attachment":[{"href":"https:\/\/agora.xtec.cat\/escolamontserratsola\/wp-json\/wp\/v2\/media?parent=4320"}],"wp:term":[{"taxonomy":"category","embeddable":true,"href":"https:\/\/agora.xtec.cat\/escolamontserratsola\/wp-json\/wp\/v2\/categories?post=4320"},{"taxonomy":"post_tag","embeddable":true,"href":"https:\/\/agora.xtec.cat\/escolamontserratsola\/wp-json\/wp\/v2\/tags?post=4320"}],"curies":[{"name":"wp","href":"https:\/\/api.w.org\/{rel}","templated":true}]}}