{"id":4087,"date":"2024-11-21T09:00:26","date_gmt":"2024-11-21T08:00:26","guid":{"rendered":"https:\/\/agora.xtec.cat\/escolamontserratsola\/?p=4087"},"modified":"2026-03-20T16:05:57","modified_gmt":"2026-03-20T15:05:57","slug":"els-drets-dels-infants","status":"publish","type":"post","link":"https:\/\/agora.xtec.cat\/escolamontserratsola\/general\/els-drets-dels-infants\/","title":{"rendered":"Grans: Els drets dels infants"},"content":{"rendered":"<p>Als grups d&#8217;Alarona i Freta ens va sorgir una pregunta: <em>Qu\u00e8 es celebra el dia 20 de novembre?<\/em> Vam investigar i vam concloure que es celebrava el dia dels Drets dels Infants. A partir d&#8217;aquesta informaci\u00f3 ens vam documentar de quins eren els nostres drets i vam fer assemblees per parlar si realment tots els nens i nenes del m\u00f3n els tenien garantits.<\/p>\n<p>Van ser moltes converses que ens van fer veure que no era aix\u00ed i va ser quan vam decidir que vol\u00edem fer una ACCI\u00d3 COL\u00b7LECTIVA per celebrar aquest dia tan especial amb els nostres companys i companyes de l&#8217;escola.<\/p>\n<p>Inspirats en l&#8217;artista Carme Sol\u00e9, activista dels drets dels infants, vam crear un mur de les mirades mostrant diferents rostres de nens i nenes del m\u00f3n amb drets vulnerats. El poema &#8220;Podries&#8221; de Joana Raspall ens va ajudar a posar m\u00e9s paraules en el nostre manifest on explic\u00e0vem i reivindic\u00e0vem m\u00e9s just\u00edcia i m\u00e9s pau per tothom.<\/p>\n<p><a href=\"https:\/\/agora.xtec.cat\/escolamontserratsola\/wp-content\/uploads\/usu1322\/2025\/01\/1733314763002.jpg\"><img loading=\"lazy\" decoding=\"async\" class=\"size-medium wp-image-4088 aligncenter\" src=\"https:\/\/agora.xtec.cat\/escolamontserratsola\/wp-content\/uploads\/usu1322\/2025\/01\/1733314763002-300x225.jpg\" alt=\"\" width=\"300\" height=\"225\" srcset=\"https:\/\/agora.xtec.cat\/escolamontserratsola\/wp-content\/uploads\/usu1322\/2025\/01\/1733314763002-300x225.jpg 300w, https:\/\/agora.xtec.cat\/escolamontserratsola\/wp-content\/uploads\/usu1322\/2025\/01\/1733314763002-768x576.jpg 768w, https:\/\/agora.xtec.cat\/escolamontserratsola\/wp-content\/uploads\/usu1322\/2025\/01\/1733314763002-200x150.jpg 200w, https:\/\/agora.xtec.cat\/escolamontserratsola\/wp-content\/uploads\/usu1322\/2025\/01\/1733314763002.jpg 984w\" sizes=\"auto, (max-width: 300px) 100vw, 300px\" \/><\/a><\/p>\n","protected":false},"excerpt":{"rendered":"<p>Als grups d&#8217;Alarona i Freta ens va sorgir una pregunta: Qu\u00e8 es celebra el dia 20 de novembre? Vam investigar i vam concloure que es celebrava el dia dels Drets dels Infants. A partir d&#8217;aquesta informaci\u00f3 ens vam documentar de quins eren els nostres drets i vam fer assemblees per parlar si realment tots els [&hellip;]<\/p>\n","protected":false},"author":1,"featured_media":4088,"comment_status":"closed","ping_status":"closed","sticky":false,"template":"","format":"standard","meta":{"_bbp_topic_count":0,"_bbp_reply_count":0,"_bbp_total_topic_count":0,"_bbp_total_reply_count":0,"_bbp_voice_count":0,"_bbp_anonymous_reply_count":0,"_bbp_topic_count_hidden":0,"_bbp_reply_count_hidden":0,"_bbp_forum_subforum_count":0,"site-sidebar-layout":"default","site-content-layout":"","ast-site-content-layout":"","site-content-style":"default","site-sidebar-style":"default","ast-global-header-display":"","ast-banner-title-visibility":"","ast-main-header-display":"","ast-hfb-above-header-display":"","ast-hfb-below-header-display":"","ast-hfb-mobile-header-display":"","site-post-title":"","ast-breadcrumbs-content":"","ast-featured-img":"","footer-sml-layout":"","theme-transparent-header-meta":"","adv-header-id-meta":"","stick-header-meta":"","header-above-stick-meta":"","header-main-stick-meta":"","header-below-stick-meta":"","astra-migrate-meta-layouts":"default","ast-page-background-enabled":"default","ast-page-background-meta":{"desktop":{"background-color":"var(--ast-global-color-4)","background-image":"","background-repeat":"repeat","background-position":"center center","background-size":"auto","background-attachment":"scroll","background-type":"","background-media":"","overlay-type":"","overlay-color":"","overlay-opacity":"","overlay-gradient":""},"tablet":{"background-color":"","background-image":"","background-repeat":"repeat","background-position":"center center","background-size":"auto","background-attachment":"scroll","background-type":"","background-media":"","overlay-type":"","overlay-color":"","overlay-opacity":"","overlay-gradient":""},"mobile":{"background-color":"","background-image":"","background-repeat":"repeat","background-position":"center center","background-size":"auto","background-attachment":"scroll","background-type":"","background-media":"","overlay-type":"","overlay-color":"","overlay-opacity":"","overlay-gradient":""}},"ast-content-background-meta":{"desktop":{"background-color":"var(--ast-global-color-5)","background-image":"","background-repeat":"repeat","background-position":"center center","background-size":"auto","background-attachment":"scroll","background-type":"","background-media":"","overlay-type":"","overlay-color":"","overlay-opacity":"","overlay-gradient":""},"tablet":{"background-color":"var(--ast-global-color-5)","background-image":"","background-repeat":"repeat","background-position":"center center","background-size":"auto","background-attachment":"scroll","background-type":"","background-media":"","overlay-type":"","overlay-color":"","overlay-opacity":"","overlay-gradient":""},"mobile":{"background-color":"var(--ast-global-color-5)","background-image":"","background-repeat":"repeat","background-position":"center center","background-size":"auto","background-attachment":"scroll","background-type":"","background-media":"","overlay-type":"","overlay-color":"","overlay-opacity":"","overlay-gradient":""}},"footnotes":""},"categories":[1,5,4],"tags":[],"class_list":["post-4087","post","type-post","status-publish","format-standard","has-post-thumbnail","hentry","category-general","category-grans","category-portada"],"post_mailing_queue_ids":[],"_links":{"self":[{"href":"https:\/\/agora.xtec.cat\/escolamontserratsola\/wp-json\/wp\/v2\/posts\/4087","targetHints":{"allow":["GET"]}}],"collection":[{"href":"https:\/\/agora.xtec.cat\/escolamontserratsola\/wp-json\/wp\/v2\/posts"}],"about":[{"href":"https:\/\/agora.xtec.cat\/escolamontserratsola\/wp-json\/wp\/v2\/types\/post"}],"author":[{"embeddable":true,"href":"https:\/\/agora.xtec.cat\/escolamontserratsola\/wp-json\/wp\/v2\/users\/1"}],"replies":[{"embeddable":true,"href":"https:\/\/agora.xtec.cat\/escolamontserratsola\/wp-json\/wp\/v2\/comments?post=4087"}],"version-history":[{"count":2,"href":"https:\/\/agora.xtec.cat\/escolamontserratsola\/wp-json\/wp\/v2\/posts\/4087\/revisions"}],"predecessor-version":[{"id":4091,"href":"https:\/\/agora.xtec.cat\/escolamontserratsola\/wp-json\/wp\/v2\/posts\/4087\/revisions\/4091"}],"wp:featuredmedia":[{"embeddable":true,"href":"https:\/\/agora.xtec.cat\/escolamontserratsola\/wp-json\/wp\/v2\/media\/4088"}],"wp:attachment":[{"href":"https:\/\/agora.xtec.cat\/escolamontserratsola\/wp-json\/wp\/v2\/media?parent=4087"}],"wp:term":[{"taxonomy":"category","embeddable":true,"href":"https:\/\/agora.xtec.cat\/escolamontserratsola\/wp-json\/wp\/v2\/categories?post=4087"},{"taxonomy":"post_tag","embeddable":true,"href":"https:\/\/agora.xtec.cat\/escolamontserratsola\/wp-json\/wp\/v2\/tags?post=4087"}],"curies":[{"name":"wp","href":"https:\/\/api.w.org\/{rel}","templated":true}]}}