{"id":9891,"date":"2026-09-03T16:10:40","date_gmt":"2026-09-03T14:10:40","guid":{"rendered":"https:\/\/agora.xtec.cat\/escolamontserratina\/?p=9891"},"modified":"2026-09-03T16:10:42","modified_gmt":"2026-09-03T14:10:42","slug":"inici-de-curs","status":"publish","type":"post","link":"https:\/\/agora.xtec.cat\/escolamontserratina\/general\/inici-de-curs\/","title":{"rendered":"INICI DE CURS"},"content":{"rendered":"\n<p>A TENIR EN COMPTE:\u00a0<\/p>\n<p><strong>Dijous 3 i divendres 4 de setembre<\/strong>:<\/p>\n<ul>\n<li>Entrevistes amb les noves fam\u00edlies d&#8217;Educaci\u00f3 Infantil I3<\/li>\n<\/ul>\n<p><strong>Dilluns 7 de setembre:<\/strong><\/p>\n<ul>\n<li>Publicarem els llistats a la cartellera interior de l&#8217;escola per tal que les fam\u00edlies puguin con\u00e8ixer en quin grup estan els seus fills i filles.<\/li>\n<li>A partir de les 13 hores, les fam\u00edlies podran venir a <span style=\"font-size: revert; background-color: rgba(0, 0, 0, 0); font-weight: inherit;\">l&#8217;escola i con\u00e8ixer al tutor\/a del seu fill\/a.<\/span><\/li>\n<\/ul>\n<p><strong>Dimecres 9 comen\u00e7arem el nou curs . I qu\u00e8 farem el primer dia?<\/strong><\/p>\n<p><strong><span style=\"text-decoration: underline;\">Els petitons d&#8217;Ed.Infantil&#8230;<\/span><\/strong><\/p>\n<ul>\n<li><strong>I3:<\/strong> Us esperem a les 9.30h per gaudir del primer dia de familiaritzaci\u00f3 tots junts, infants i fam\u00edlies. Entrarem per la porta de secretaria.<\/li>\n<li><strong>I4-I5<\/strong>: Els petits d&#8217;Infantil entrarem a les 9h per la porta habitual i les fam\u00edlies els podeu acompanyar fins la porta de la seva aula. Cal portar una bosseta amb l&#8217;esmorzar, l&#8217;ampolla d&#8217;aigua i la bata amb una veta per penjar-la. Tamb\u00e9 podem portar una gorra per protegir-nos del sol!!<\/li>\n<\/ul>\n<p><span style=\"text-decoration: underline;\"><strong>Per a Educaci\u00f3 Prim\u00e0ria..<\/strong>.<\/span><\/p>\n<p>Per organitzar l&#8217;entrada, l&#8217;equip docent rebrem als nens i nenes de 1r a 3r a l&#8217;entrada principal i farem fileres a l&#8217;entrada.<\/p>\n<p>Els m\u00e9s grans de 4t, 5\u00e8 i 6\u00e8 entrarem per la porta petita de l&#8217;Ampa , situada al costat de l&#8217;entrada principal i farem fileres al pati de la pista.<\/p>\n<p>\u00a0<\/p>\n<p align=\"justify\">\u00a0<\/p>\n","protected":false},"excerpt":{"rendered":"<p>A TENIR EN COMPTE:\u00a0 Dijous 3 i divendres 4 de setembre: Entrevistes amb les noves fam\u00edlies d&#8217;Educaci\u00f3 Infantil I3 Dilluns 7 de setembre: Publicarem els llistats a la cartellera interior de l&#8217;escola per tal que les fam\u00edlies puguin con\u00e8ixer en quin grup estan els seus fills i filles. A partir de les 13 hores, les [&hellip;]<\/p>\n","protected":false},"author":3,"featured_media":9879,"comment_status":"open","ping_status":"open","sticky":false,"template":"","format":"standard","meta":{"_bbp_topic_count":0,"_bbp_reply_count":0,"_bbp_total_topic_count":0,"_bbp_total_reply_count":0,"_bbp_voice_count":0,"_bbp_anonymous_reply_count":0,"_bbp_topic_count_hidden":0,"_bbp_reply_count_hidden":0,"_bbp_forum_subforum_count":0,"site-sidebar-layout":"default","site-content-layout":"","ast-site-content-layout":"default","site-content-style":"default","site-sidebar-style":"default","ast-global-header-display":"","ast-banner-title-visibility":"","ast-main-header-display":"","ast-hfb-above-header-display":"","ast-hfb-below-header-display":"","ast-hfb-mobile-header-display":"","site-post-title":"","ast-breadcrumbs-content":"","ast-featured-img":"","footer-sml-layout":"","theme-transparent-header-meta":"","adv-header-id-meta":"","stick-header-meta":"","header-above-stick-meta":"","header-main-stick-meta":"","header-below-stick-meta":"","astra-migrate-meta-layouts":"set","ast-page-background-enabled":"default","ast-page-background-meta":{"desktop":{"background-color":"var(--ast-global-color-4)","background-image":"","background-repeat":"repeat","background-position":"center center","background-size":"auto","background-attachment":"scroll","background-type":"","background-media":"","overlay-type":"","overlay-color":"","overlay-opacity":"","overlay-gradient":""},"tablet":{"background-color":"","background-image":"","background-repeat":"repeat","background-position":"center center","background-size":"auto","background-attachment":"scroll","background-type":"","background-media":"","overlay-type":"","overlay-color":"","overlay-opacity":"","overlay-gradient":""},"mobile":{"background-color":"","background-image":"","background-repeat":"repeat","background-position":"center center","background-size":"auto","background-attachment":"scroll","background-type":"","background-media":"","overlay-type":"","overlay-color":"","overlay-opacity":"","overlay-gradient":""}},"ast-content-background-meta":{"desktop":{"background-color":"var(--ast-global-color-5)","background-image":"","background-repeat":"repeat","background-position":"center center","background-size":"auto","background-attachment":"scroll","background-type":"","background-media":"","overlay-type":"","overlay-color":"","overlay-opacity":"","overlay-gradient":""},"tablet":{"background-color":"var(--ast-global-color-5)","background-image":"","background-repeat":"repeat","background-position":"center center","background-size":"auto","background-attachment":"scroll","background-type":"","background-media":"","overlay-type":"","overlay-color":"","overlay-opacity":"","overlay-gradient":""},"mobile":{"background-color":"var(--ast-global-color-5)","background-image":"","background-repeat":"repeat","background-position":"center center","background-size":"auto","background-attachment":"scroll","background-type":"","background-media":"","overlay-type":"","overlay-color":"","overlay-opacity":"","overlay-gradient":""}},"footnotes":""},"categories":[1,3,8,9,2,4,5],"tags":[],"class_list":["post-9891","post","type-post","status-publish","format-standard","has-post-thumbnail","hentry","category-general","category-inf3","category-inf4","category-inf5","category-infantil","category-portada","category-primaria"],"post_mailing_queue_ids":[],"_links":{"self":[{"href":"https:\/\/agora.xtec.cat\/escolamontserratina\/wp-json\/wp\/v2\/posts\/9891","targetHints":{"allow":["GET"]}}],"collection":[{"href":"https:\/\/agora.xtec.cat\/escolamontserratina\/wp-json\/wp\/v2\/posts"}],"about":[{"href":"https:\/\/agora.xtec.cat\/escolamontserratina\/wp-json\/wp\/v2\/types\/post"}],"author":[{"embeddable":true,"href":"https:\/\/agora.xtec.cat\/escolamontserratina\/wp-json\/wp\/v2\/users\/3"}],"replies":[{"embeddable":true,"href":"https:\/\/agora.xtec.cat\/escolamontserratina\/wp-json\/wp\/v2\/comments?post=9891"}],"version-history":[{"count":1,"href":"https:\/\/agora.xtec.cat\/escolamontserratina\/wp-json\/wp\/v2\/posts\/9891\/revisions"}],"predecessor-version":[{"id":9892,"href":"https:\/\/agora.xtec.cat\/escolamontserratina\/wp-json\/wp\/v2\/posts\/9891\/revisions\/9892"}],"wp:featuredmedia":[{"embeddable":true,"href":"https:\/\/agora.xtec.cat\/escolamontserratina\/wp-json\/wp\/v2\/media\/9879"}],"wp:attachment":[{"href":"https:\/\/agora.xtec.cat\/escolamontserratina\/wp-json\/wp\/v2\/media?parent=9891"}],"wp:term":[{"taxonomy":"category","embeddable":true,"href":"https:\/\/agora.xtec.cat\/escolamontserratina\/wp-json\/wp\/v2\/categories?post=9891"},{"taxonomy":"post_tag","embeddable":true,"href":"https:\/\/agora.xtec.cat\/escolamontserratina\/wp-json\/wp\/v2\/tags?post=9891"}],"curies":[{"name":"wp","href":"https:\/\/api.w.org\/{rel}","templated":true}]}}