{"id":9635,"date":"2026-04-21T09:05:01","date_gmt":"2026-04-21T07:05:01","guid":{"rendered":"https:\/\/agora.xtec.cat\/escolamontserratina\/?p=9635"},"modified":"2026-04-20T20:34:17","modified_gmt":"2026-04-20T18:34:17","slug":"gran-trobada-esportiva-di5-al-camp-de-futbol-de-can-tintorer","status":"publish","type":"post","link":"https:\/\/agora.xtec.cat\/escolamontserratina\/general\/gran-trobada-esportiva-di5-al-camp-de-futbol-de-can-tintorer\/","title":{"rendered":"Gran trobada esportiva d&#8217;I5 al camp de futbol de Can Tintorer!"},"content":{"rendered":"<p style=\"text-align: justify;\"><span style=\"font-weight: 400;\">El passat divendres 17 d\u2019abril els nostres alumnes d&#8217;I5 han viscut un mat\u00ed ple de moviment, diversi\u00f3 i companyia. Ens hem despla\u00e7at fins al camp de futbol de Can Tintorer, a la ve\u00efna poblaci\u00f3 de Gav\u00e0, per participar en una fant\u00e0stica jornada esportiva intercentres. All\u00e0 hem tingut l&#8217;oportunitat de compartir jocs, aprenentatges i molts somriures amb alumnat de diverses escoles de Viladecans i Gav\u00e0.<\/span><\/p>\n<p style=\"text-align: justify;\"><span style=\"font-weight: 400;\">Durant tot el mat\u00ed, l&#8217;alumnat s&#8217;ha organitzat en grups per anar superant un circuit ple d&#8217;estacions amb propostes molt variades. En concret, les activitats de la jornada han estat:<\/span><\/p>\n<ul style=\"text-align: justify;\">\n<li style=\"font-weight: 400;\"><b>Jocs de precisi\u00f3 i habilitat:<\/b><span style=\"font-weight: 400;\"> Hem posat a prova la nostra punteria i hem afinat la coordinaci\u00f3 tirant a unes <\/span><b>cistelles <\/b><span style=\"font-weight: 400;\">penjades a l\u2019esquena d\u2019un altre company o companya. A m\u00e9s, hem seguit practicant amb el joc <\/span><b>encerta-la<\/b><span style=\"font-weight: 400;\"> intentant fer diana dins d&#8217;un cercle o marcant gols a unes petites porteries.<\/span><\/li>\n<li style=\"font-weight: 400;\"><b>Treball en equip i cooperaci\u00f3:<\/b><span style=\"font-weight: 400;\"> Ens ho hem passat en gran treballant plegats amb els <\/span><b>relleus amb cercle<\/b><span style=\"font-weight: 400;\"> i ens hem hagut de coordinar molt\u00edssim en el joc cooperatiu de <\/span><b>transport amb pilotes<\/b><span style=\"font-weight: 400;\">. Tamb\u00e9 hem intentat controlar la situaci\u00f3 al joc de <\/span><b>s&#8217;escapen les pilotes<\/b><span style=\"font-weight: 400;\"> i, com no podia faltar, hem sumat forces per fer volar el gran <\/span><b>paracaigudes<\/b><span style=\"font-weight: 400;\"> de colors<\/span><\/li>\n<li style=\"font-weight: 400;\"><b>Velocitat i reflexos:<\/b><span style=\"font-weight: 400;\"> Hem rigut molt\u00edssim jugant a atrapar i ser atrapats al divertit joc del <\/span><b>ca\u00e7ador de tortugues<\/b><span style=\"font-weight: 400;\">.<\/span><\/li>\n<li style=\"font-weight: 400;\"><b>Expressi\u00f3 corporal, equilibri i consci\u00e8ncia:<\/b><span style=\"font-weight: 400;\"> Hem tingut espais per treballar el cos i la ment amb sessions de <\/span><b>ioga<\/b><span style=\"font-weight: 400;\">, controlant el cos jugant a les <\/span><b>est\u00e0tues<\/b><span style=\"font-weight: 400;\"> i aprenent a identificar com ens sentim a l&#8217;estaci\u00f3 de les <\/span><b>emocions<\/b><span style=\"font-weight: 400;\">.<\/span><\/li>\n<li style=\"font-weight: 400;\"><b>M\u00fasica i ritme:<\/b><span style=\"font-weight: 400;\"> La banda sonora del mat\u00ed l&#8217;han posat els <\/span><b>cercles musicals<\/b><span style=\"font-weight: 400;\"> i la gran festa final, on tots plegats hem mogut l&#8217;esquelet amb el <\/span><b>ball del <a href=\"https:\/\/www.youtube.com\/watch?v=v96WnrBGfKo\">Hei Bugui Bugui<\/a><\/b><span style=\"font-weight: 400;\">.<\/span><\/li>\n<\/ul>\n<p style=\"text-align: justify;\"><span style=\"font-weight: 400;\">M\u00e9s enll\u00e0 de l&#8217;exercici f\u00edsic, aquestes sortides s\u00f3n fonamentals per fomentar la conviv\u00e8ncia, respectar les normes de joc i socialitzar amb nens i nenes d&#8217;altres centres en un ambient totalment l\u00fadic i saludable.<\/span><\/p>\n<p style=\"text-align: justify;\"><span style=\"font-weight: 400;\">Salut i esport!<\/span><\/p>\n<p><a href=\"https:\/\/agora.xtec.cat\/escolamontserratina\/wp-content\/uploads\/usu275\/2026\/04\/Trobada-esportiva.jpg\"><img loading=\"lazy\" decoding=\"async\" class=\"aligncenter size-full wp-image-9642\" src=\"https:\/\/agora.xtec.cat\/escolamontserratina\/wp-content\/uploads\/usu275\/2026\/04\/Trobada-esportiva.jpg\" alt=\"\" width=\"1414\" height=\"2000\" srcset=\"https:\/\/agora.xtec.cat\/escolamontserratina\/wp-content\/uploads\/usu275\/2026\/04\/Trobada-esportiva.jpg 1414w, https:\/\/agora.xtec.cat\/escolamontserratina\/wp-content\/uploads\/usu275\/2026\/04\/Trobada-esportiva-212x300.jpg 212w, https:\/\/agora.xtec.cat\/escolamontserratina\/wp-content\/uploads\/usu275\/2026\/04\/Trobada-esportiva-724x1024.jpg 724w, https:\/\/agora.xtec.cat\/escolamontserratina\/wp-content\/uploads\/usu275\/2026\/04\/Trobada-esportiva-768x1086.jpg 768w, https:\/\/agora.xtec.cat\/escolamontserratina\/wp-content\/uploads\/usu275\/2026\/04\/Trobada-esportiva-1086x1536.jpg 1086w\" sizes=\"auto, (max-width: 1414px) 100vw, 1414px\" \/><\/a><\/p>\n","protected":false},"excerpt":{"rendered":"<p>El passat divendres 17 d\u2019abril els nostres alumnes d&#8217;I5 han viscut un mat\u00ed ple de moviment, diversi\u00f3 i companyia. Ens hem despla\u00e7at fins al camp de futbol de Can Tintorer, a la ve\u00efna poblaci\u00f3 de Gav\u00e0, per participar en una fant\u00e0stica jornada esportiva intercentres. All\u00e0&hellip;  <a href=\"https:\/\/agora.xtec.cat\/escolamontserratina\/general\/gran-trobada-esportiva-di5-al-camp-de-futbol-de-can-tintorer\/\" title=\"Read Gran trobada esportiva d&#8217;I5 al camp de futbol de Can Tintorer!\">Llegeix m\u00e9s\u00bb<\/a><\/p>\n","protected":false},"author":51,"featured_media":0,"comment_status":"open","ping_status":"open","sticky":false,"template":"","format":"standard","meta":{"_bbp_topic_count":0,"_bbp_reply_count":0,"_bbp_total_topic_count":0,"_bbp_total_reply_count":0,"_bbp_voice_count":0,"_bbp_anonymous_reply_count":0,"_bbp_topic_count_hidden":0,"_bbp_reply_count_hidden":0,"_bbp_forum_subforum_count":0,"footnotes":""},"categories":[1,9,4],"tags":[311],"class_list":["post-9635","post","type-post","status-publish","format-standard","hentry","category-general","category-inf5","category-portada","tag-trobada-esportiva"],"post_mailing_queue_ids":[],"_links":{"self":[{"href":"https:\/\/agora.xtec.cat\/escolamontserratina\/wp-json\/wp\/v2\/posts\/9635","targetHints":{"allow":["GET"]}}],"collection":[{"href":"https:\/\/agora.xtec.cat\/escolamontserratina\/wp-json\/wp\/v2\/posts"}],"about":[{"href":"https:\/\/agora.xtec.cat\/escolamontserratina\/wp-json\/wp\/v2\/types\/post"}],"author":[{"embeddable":true,"href":"https:\/\/agora.xtec.cat\/escolamontserratina\/wp-json\/wp\/v2\/users\/51"}],"replies":[{"embeddable":true,"href":"https:\/\/agora.xtec.cat\/escolamontserratina\/wp-json\/wp\/v2\/comments?post=9635"}],"version-history":[{"count":4,"href":"https:\/\/agora.xtec.cat\/escolamontserratina\/wp-json\/wp\/v2\/posts\/9635\/revisions"}],"predecessor-version":[{"id":9650,"href":"https:\/\/agora.xtec.cat\/escolamontserratina\/wp-json\/wp\/v2\/posts\/9635\/revisions\/9650"}],"wp:attachment":[{"href":"https:\/\/agora.xtec.cat\/escolamontserratina\/wp-json\/wp\/v2\/media?parent=9635"}],"wp:term":[{"taxonomy":"category","embeddable":true,"href":"https:\/\/agora.xtec.cat\/escolamontserratina\/wp-json\/wp\/v2\/categories?post=9635"},{"taxonomy":"post_tag","embeddable":true,"href":"https:\/\/agora.xtec.cat\/escolamontserratina\/wp-json\/wp\/v2\/tags?post=9635"}],"curies":[{"name":"wp","href":"https:\/\/api.w.org\/{rel}","templated":true}]}}