{"id":7006,"date":"2026-04-27T22:14:35","date_gmt":"2026-04-27T20:14:35","guid":{"rendered":"https:\/\/agora.xtec.cat\/escolamontserratesparreguera\/?p=7006"},"modified":"2026-04-27T22:20:36","modified_gmt":"2026-04-27T20:20:36","slug":"lalumnat-di5-viu-un-sant-jordi-molt-especial","status":"publish","type":"post","link":"https:\/\/agora.xtec.cat\/escolamontserratesparreguera\/general\/lalumnat-di5-viu-un-sant-jordi-molt-especial\/","title":{"rendered":"L\u2019alumnat d\u2019I5 viu un Sant Jordi molt especial"},"content":{"rendered":"<p data-start=\"142\" data-end=\"401\">L\u2019alumnat d\u2019I5 va gaudir d\u2019una jornada de Sant Jordi ben completa i emocionant. Despr\u00e9s d\u2019assistir a la Passi\u00f3 i al Certamen Literari, els infants van sortir a passejar pels carrers plens de vida i cultura, visitant les diferents paradetes de llibres i roses.<\/p>\n<p data-start=\"403\" data-end=\"647\">A la pla\u00e7a de la Pagesia, van tenir una sorpresa molt especial: van ser entrevistats per R\u00e0dio Esparreguera! Durant l\u2019entrevista, els nens i nenes van poder explicar el projecte que han treballat i el premi que han guanyat al Certamen Literari.<\/p>\n<p data-start=\"649\" data-end=\"1045\">El conte guardonat, titulat <strong data-start=\"677\" data-end=\"702\">\u201cUn castell en equip\u201d<\/strong>, \u00e9s una creaci\u00f3 col\u00b7lectiva de tot l\u2019alumnat d\u2019I5. La hist\u00f2ria parla del m\u00f3n dels castellers i transmet la import\u00e0ncia del treball en equip, la cooperaci\u00f3 i els valors que ens ajuden a cr\u00e9ixer com a grup i com a societat. A trav\u00e9s d\u2019aquest relat, els infants han reflectit com, entre tots i totes, es pot aconseguir construir un gran castell.<\/p>\n<p data-start=\"1047\" data-end=\"1173\">A m\u00e9s de l\u2019entrevista, els infants tamb\u00e9 van rebre felicitacions per la seva feina, fet que els va omplir d\u2019orgull i il\u00b7lusi\u00f3.<\/p>\n<p data-start=\"1175\" data-end=\"1270\">Sens dubte, una experi\u00e8ncia inoblidable que combina cultura, tradici\u00f3 i aprenentatge compartit!<\/p>\n","protected":false},"excerpt":{"rendered":"<p>L\u2019alumnat d\u2019I5 va gaudir d\u2019una jornada de Sant Jordi ben completa i emocionant. Despr\u00e9s d\u2019assistir a la Passi\u00f3 i al Certamen Literari, els infants van sortir a passejar pels carrers plens de vida i cultura, visitant les diferents paradetes de llibres i roses. A la pla\u00e7a de la Pagesia, van tenir una sorpresa molt especial: [&hellip;]<\/p>\n","protected":false},"author":1,"featured_media":7007,"comment_status":"open","ping_status":"open","sticky":false,"template":"","format":"standard","meta":{"_bbp_topic_count":0,"_bbp_reply_count":0,"_bbp_total_topic_count":0,"_bbp_total_reply_count":0,"_bbp_voice_count":0,"_bbp_anonymous_reply_count":0,"_bbp_topic_count_hidden":0,"_bbp_reply_count_hidden":0,"_bbp_forum_subforum_count":0,"site-sidebar-layout":"default","site-content-layout":"","ast-site-content-layout":"default","site-content-style":"default","site-sidebar-style":"default","ast-global-header-display":"","ast-banner-title-visibility":"","ast-main-header-display":"","ast-hfb-above-header-display":"","ast-hfb-below-header-display":"","ast-hfb-mobile-header-display":"","site-post-title":"","ast-breadcrumbs-content":"","ast-featured-img":"","footer-sml-layout":"","theme-transparent-header-meta":"default","adv-header-id-meta":"","stick-header-meta":"","header-above-stick-meta":"","header-main-stick-meta":"","header-below-stick-meta":"","astra-migrate-meta-layouts":"set","ast-page-background-enabled":"default","ast-page-background-meta":{"desktop":{"background-color":"var(--ast-global-color-4)","background-image":"","background-repeat":"repeat","background-position":"center center","background-size":"auto","background-attachment":"scroll","background-type":"","background-media":"","overlay-type":"","overlay-color":"","overlay-opacity":"","overlay-gradient":""},"tablet":{"background-color":"","background-image":"","background-repeat":"repeat","background-position":"center center","background-size":"auto","background-attachment":"scroll","background-type":"","background-media":"","overlay-type":"","overlay-color":"","overlay-opacity":"","overlay-gradient":""},"mobile":{"background-color":"","background-image":"","background-repeat":"repeat","background-position":"center center","background-size":"auto","background-attachment":"scroll","background-type":"","background-media":"","overlay-type":"","overlay-color":"","overlay-opacity":"","overlay-gradient":""}},"ast-content-background-meta":{"desktop":{"background-color":"var(--ast-global-color-5)","background-image":"","background-repeat":"repeat","background-position":"center center","background-size":"auto","background-attachment":"scroll","background-type":"","background-media":"","overlay-type":"","overlay-color":"","overlay-opacity":"","overlay-gradient":""},"tablet":{"background-color":"var(--ast-global-color-5)","background-image":"","background-repeat":"repeat","background-position":"center center","background-size":"auto","background-attachment":"scroll","background-type":"","background-media":"","overlay-type":"","overlay-color":"","overlay-opacity":"","overlay-gradient":""},"mobile":{"background-color":"var(--ast-global-color-5)","background-image":"","background-repeat":"repeat","background-position":"center center","background-size":"auto","background-attachment":"scroll","background-type":"","background-media":"","overlay-type":"","overlay-color":"","overlay-opacity":"","overlay-gradient":""}},"footnotes":""},"categories":[1,9,2,4],"tags":[],"class_list":["post-7006","post","type-post","status-publish","format-standard","has-post-thumbnail","hentry","category-general","category-i5","category-infantil","category-portada"],"post_mailing_queue_ids":[],"_links":{"self":[{"href":"https:\/\/agora.xtec.cat\/escolamontserratesparreguera\/wp-json\/wp\/v2\/posts\/7006","targetHints":{"allow":["GET"]}}],"collection":[{"href":"https:\/\/agora.xtec.cat\/escolamontserratesparreguera\/wp-json\/wp\/v2\/posts"}],"about":[{"href":"https:\/\/agora.xtec.cat\/escolamontserratesparreguera\/wp-json\/wp\/v2\/types\/post"}],"author":[{"embeddable":true,"href":"https:\/\/agora.xtec.cat\/escolamontserratesparreguera\/wp-json\/wp\/v2\/users\/1"}],"replies":[{"embeddable":true,"href":"https:\/\/agora.xtec.cat\/escolamontserratesparreguera\/wp-json\/wp\/v2\/comments?post=7006"}],"version-history":[{"count":2,"href":"https:\/\/agora.xtec.cat\/escolamontserratesparreguera\/wp-json\/wp\/v2\/posts\/7006\/revisions"}],"predecessor-version":[{"id":7009,"href":"https:\/\/agora.xtec.cat\/escolamontserratesparreguera\/wp-json\/wp\/v2\/posts\/7006\/revisions\/7009"}],"wp:featuredmedia":[{"embeddable":true,"href":"https:\/\/agora.xtec.cat\/escolamontserratesparreguera\/wp-json\/wp\/v2\/media\/7007"}],"wp:attachment":[{"href":"https:\/\/agora.xtec.cat\/escolamontserratesparreguera\/wp-json\/wp\/v2\/media?parent=7006"}],"wp:term":[{"taxonomy":"category","embeddable":true,"href":"https:\/\/agora.xtec.cat\/escolamontserratesparreguera\/wp-json\/wp\/v2\/categories?post=7006"},{"taxonomy":"post_tag","embeddable":true,"href":"https:\/\/agora.xtec.cat\/escolamontserratesparreguera\/wp-json\/wp\/v2\/tags?post=7006"}],"curies":[{"name":"wp","href":"https:\/\/api.w.org\/{rel}","templated":true}]}}