{"id":6964,"date":"2026-04-16T18:58:55","date_gmt":"2026-04-16T16:58:55","guid":{"rendered":"https:\/\/agora.xtec.cat\/escolamontserratesparreguera\/?p=6964"},"modified":"2026-04-16T18:58:55","modified_gmt":"2026-04-16T16:58:55","slug":"projecte-banda-concert-dinstruments-de-vent-a-carrec-de-4t-i-5e","status":"publish","type":"post","link":"https:\/\/agora.xtec.cat\/escolamontserratesparreguera\/general\/projecte-banda-concert-dinstruments-de-vent-a-carrec-de-4t-i-5e\/","title":{"rendered":"Projecte banda: Concert d\u2019instruments de vent a c\u00e0rrec de 4t i 5\u00e8"},"content":{"rendered":"<p data-start=\"164\" data-end=\"334\">Aquesta tarda, l\u2019alumnat de 4t i 5\u00e8 ha ofert un concert molt especial per a la resta de grups de l\u2019escola, compartint el treball musical que estan desenvolupant totse els dijous a l&#8217;escola de les arts.<\/p>\n<p data-start=\"336\" data-end=\"604\">Durant l\u2019actuaci\u00f3, els nens i nenes han interpretat diverses peces amb instruments de vent com el saxo, el clarinet, la trompeta, la flauta travessera i el tromb\u00f3.\u00a0M\u00e9s enll\u00e0 de la interpretaci\u00f3 musical, la proposta ha posat en valor l\u2019esfor\u00e7, la const\u00e0ncia i el treball en equip que implica l\u2019aprenentatge d\u2019un instrument.<\/p>\n<p data-start=\"766\" data-end=\"960\">El p\u00fablic ha gaudit molt de l\u2019actuaci\u00f3 i ha reconegut la dedicaci\u00f3 dels int\u00e8rprets amb una gran ovaci\u00f3 final. Sens dubte, una experi\u00e8ncia enriquidora tant per als m\u00fasics com per als espectadors.<\/p>\n<p data-start=\"766\" data-end=\"960\"><img loading=\"lazy\" decoding=\"async\" class=\"alignnone  wp-image-6965\" src=\"https:\/\/agora.xtec.cat\/escolamontserratesparreguera\/wp-content\/uploads\/usu2497\/2026\/04\/WhatsApp-Image-2026-04-16-at-18.39.02-2.jpeg\" alt=\"\" width=\"293\" height=\"391\" srcset=\"https:\/\/agora.xtec.cat\/escolamontserratesparreguera\/wp-content\/uploads\/usu2497\/2026\/04\/WhatsApp-Image-2026-04-16-at-18.39.02-2.jpeg 1200w, https:\/\/agora.xtec.cat\/escolamontserratesparreguera\/wp-content\/uploads\/usu2497\/2026\/04\/WhatsApp-Image-2026-04-16-at-18.39.02-2-768x1024.jpeg 768w, https:\/\/agora.xtec.cat\/escolamontserratesparreguera\/wp-content\/uploads\/usu2497\/2026\/04\/WhatsApp-Image-2026-04-16-at-18.39.02-2-1152x1536.jpeg 1152w\" sizes=\"auto, (max-width: 293px) 100vw, 293px\" \/> <img loading=\"lazy\" decoding=\"async\" class=\"alignnone  wp-image-6966\" src=\"https:\/\/agora.xtec.cat\/escolamontserratesparreguera\/wp-content\/uploads\/usu2497\/2026\/04\/WhatsApp-Image-2026-04-16-at-18.39.02-1.jpeg\" alt=\"\" width=\"528\" height=\"396\" srcset=\"https:\/\/agora.xtec.cat\/escolamontserratesparreguera\/wp-content\/uploads\/usu2497\/2026\/04\/WhatsApp-Image-2026-04-16-at-18.39.02-1.jpeg 1600w, https:\/\/agora.xtec.cat\/escolamontserratesparreguera\/wp-content\/uploads\/usu2497\/2026\/04\/WhatsApp-Image-2026-04-16-at-18.39.02-1-768x576.jpeg 768w, https:\/\/agora.xtec.cat\/escolamontserratesparreguera\/wp-content\/uploads\/usu2497\/2026\/04\/WhatsApp-Image-2026-04-16-at-18.39.02-1-1536x1152.jpeg 1536w\" sizes=\"auto, (max-width: 528px) 100vw, 528px\" \/> <img loading=\"lazy\" decoding=\"async\" class=\"alignnone  wp-image-6967\" src=\"https:\/\/agora.xtec.cat\/escolamontserratesparreguera\/wp-content\/uploads\/usu2497\/2026\/04\/WhatsApp-Image-2026-04-16-at-18.39.02.jpeg\" alt=\"\" width=\"520\" height=\"390\" srcset=\"https:\/\/agora.xtec.cat\/escolamontserratesparreguera\/wp-content\/uploads\/usu2497\/2026\/04\/WhatsApp-Image-2026-04-16-at-18.39.02.jpeg 1600w, https:\/\/agora.xtec.cat\/escolamontserratesparreguera\/wp-content\/uploads\/usu2497\/2026\/04\/WhatsApp-Image-2026-04-16-at-18.39.02-768x576.jpeg 768w, https:\/\/agora.xtec.cat\/escolamontserratesparreguera\/wp-content\/uploads\/usu2497\/2026\/04\/WhatsApp-Image-2026-04-16-at-18.39.02-1536x1152.jpeg 1536w\" sizes=\"auto, (max-width: 520px) 100vw, 520px\" \/><\/p>\n","protected":false},"excerpt":{"rendered":"<p>Aquesta tarda, l\u2019alumnat de 4t i 5\u00e8 ha ofert un concert molt especial per a la resta de grups de l\u2019escola, compartint el treball musical que estan desenvolupant totse els dijous a l&#8217;escola de les arts. Durant l\u2019actuaci\u00f3, els nens i nenes han interpretat diverses peces amb instruments de vent com el saxo, el clarinet, [&hellip;]<\/p>\n","protected":false},"author":1,"featured_media":6966,"comment_status":"open","ping_status":"open","sticky":false,"template":"","format":"standard","meta":{"_bbp_topic_count":0,"_bbp_reply_count":0,"_bbp_total_topic_count":0,"_bbp_total_reply_count":0,"_bbp_voice_count":0,"_bbp_anonymous_reply_count":0,"_bbp_topic_count_hidden":0,"_bbp_reply_count_hidden":0,"_bbp_forum_subforum_count":0,"site-sidebar-layout":"default","site-content-layout":"","ast-site-content-layout":"default","site-content-style":"default","site-sidebar-style":"default","ast-global-header-display":"","ast-banner-title-visibility":"","ast-main-header-display":"","ast-hfb-above-header-display":"","ast-hfb-below-header-display":"","ast-hfb-mobile-header-display":"","site-post-title":"","ast-breadcrumbs-content":"","ast-featured-img":"","footer-sml-layout":"","theme-transparent-header-meta":"default","adv-header-id-meta":"","stick-header-meta":"","header-above-stick-meta":"","header-main-stick-meta":"","header-below-stick-meta":"","astra-migrate-meta-layouts":"set","ast-page-background-enabled":"default","ast-page-background-meta":{"desktop":{"background-color":"var(--ast-global-color-4)","background-image":"","background-repeat":"repeat","background-position":"center center","background-size":"auto","background-attachment":"scroll","background-type":"","background-media":"","overlay-type":"","overlay-color":"","overlay-opacity":"","overlay-gradient":""},"tablet":{"background-color":"","background-image":"","background-repeat":"repeat","background-position":"center center","background-size":"auto","background-attachment":"scroll","background-type":"","background-media":"","overlay-type":"","overlay-color":"","overlay-opacity":"","overlay-gradient":""},"mobile":{"background-color":"","background-image":"","background-repeat":"repeat","background-position":"center center","background-size":"auto","background-attachment":"scroll","background-type":"","background-media":"","overlay-type":"","overlay-color":"","overlay-opacity":"","overlay-gradient":""}},"ast-content-background-meta":{"desktop":{"background-color":"var(--ast-global-color-5)","background-image":"","background-repeat":"repeat","background-position":"center center","background-size":"auto","background-attachment":"scroll","background-type":"","background-media":"","overlay-type":"","overlay-color":"","overlay-opacity":"","overlay-gradient":""},"tablet":{"background-color":"var(--ast-global-color-5)","background-image":"","background-repeat":"repeat","background-position":"center center","background-size":"auto","background-attachment":"scroll","background-type":"","background-media":"","overlay-type":"","overlay-color":"","overlay-opacity":"","overlay-gradient":""},"mobile":{"background-color":"var(--ast-global-color-5)","background-image":"","background-repeat":"repeat","background-position":"center center","background-size":"auto","background-attachment":"scroll","background-type":"","background-media":"","overlay-type":"","overlay-color":"","overlay-opacity":"","overlay-gradient":""}},"footnotes":""},"categories":[13,14,70,71,1,4,5],"tags":[],"class_list":["post-6964","post","type-post","status-publish","format-standard","has-post-thumbnail","hentry","category-4t","category-5e","category-cicle-mitja","category-cicle-superior","category-general","category-portada","category-primaria"],"post_mailing_queue_ids":[],"_links":{"self":[{"href":"https:\/\/agora.xtec.cat\/escolamontserratesparreguera\/wp-json\/wp\/v2\/posts\/6964","targetHints":{"allow":["GET"]}}],"collection":[{"href":"https:\/\/agora.xtec.cat\/escolamontserratesparreguera\/wp-json\/wp\/v2\/posts"}],"about":[{"href":"https:\/\/agora.xtec.cat\/escolamontserratesparreguera\/wp-json\/wp\/v2\/types\/post"}],"author":[{"embeddable":true,"href":"https:\/\/agora.xtec.cat\/escolamontserratesparreguera\/wp-json\/wp\/v2\/users\/1"}],"replies":[{"embeddable":true,"href":"https:\/\/agora.xtec.cat\/escolamontserratesparreguera\/wp-json\/wp\/v2\/comments?post=6964"}],"version-history":[{"count":1,"href":"https:\/\/agora.xtec.cat\/escolamontserratesparreguera\/wp-json\/wp\/v2\/posts\/6964\/revisions"}],"predecessor-version":[{"id":6968,"href":"https:\/\/agora.xtec.cat\/escolamontserratesparreguera\/wp-json\/wp\/v2\/posts\/6964\/revisions\/6968"}],"wp:featuredmedia":[{"embeddable":true,"href":"https:\/\/agora.xtec.cat\/escolamontserratesparreguera\/wp-json\/wp\/v2\/media\/6966"}],"wp:attachment":[{"href":"https:\/\/agora.xtec.cat\/escolamontserratesparreguera\/wp-json\/wp\/v2\/media?parent=6964"}],"wp:term":[{"taxonomy":"category","embeddable":true,"href":"https:\/\/agora.xtec.cat\/escolamontserratesparreguera\/wp-json\/wp\/v2\/categories?post=6964"},{"taxonomy":"post_tag","embeddable":true,"href":"https:\/\/agora.xtec.cat\/escolamontserratesparreguera\/wp-json\/wp\/v2\/tags?post=6964"}],"curies":[{"name":"wp","href":"https:\/\/api.w.org\/{rel}","templated":true}]}}