{"id":6961,"date":"2026-04-16T18:52:34","date_gmt":"2026-04-16T16:52:34","guid":{"rendered":"https:\/\/agora.xtec.cat\/escolamontserratesparreguera\/?p=6961"},"modified":"2026-04-16T18:52:34","modified_gmt":"2026-04-16T16:52:34","slug":"descobrim-la-biblioteca-del-poble-amb-lalumnat-di5","status":"publish","type":"post","link":"https:\/\/agora.xtec.cat\/escolamontserratesparreguera\/general\/descobrim-la-biblioteca-del-poble-amb-lalumnat-di5\/","title":{"rendered":"Descobrim la biblioteca del poble amb l\u2019alumnat d\u2019I5"},"content":{"rendered":"<p data-start=\"168\" data-end=\"340\">Els infants d\u2019I5 han viscut una sortida molt especial a la biblioteca municipal del poble, un espai ple d\u2019hist\u00f2ries, descobertes i oportunitats per despertar la imaginaci\u00f3.<\/p>\n<p data-start=\"342\" data-end=\"628\">Durant la visita, els nens i nenes han pogut con\u00e8ixer el funcionament de la biblioteca, explorar diferents contes i gaudir d\u2019una estona de lectura en un entorn tranquil i acollidor. L\u2019activitat ha estat pensada per apropar-los al m\u00f3n dels llibres d\u2019una manera vivencial i significativa.<\/p>\n<p data-start=\"805\" data-end=\"991\">La sortida ha estat una experi\u00e8ncia enriquidora que refor\u00e7a el vincle entre l\u2019escola i l\u2019entorn, i que convida els infants a continuar descobrint el plaer de llegir tamb\u00e9 fora de l\u2019aula.<\/p>\n<p data-start=\"805\" data-end=\"991\"><img loading=\"lazy\" decoding=\"async\" class=\"alignnone  wp-image-6962\" src=\"https:\/\/agora.xtec.cat\/escolamontserratesparreguera\/wp-content\/uploads\/usu2497\/2026\/04\/WhatsApp-Image-2026-04-16-at-08.49.08.jpeg\" alt=\"\" width=\"492\" height=\"369\" srcset=\"https:\/\/agora.xtec.cat\/escolamontserratesparreguera\/wp-content\/uploads\/usu2497\/2026\/04\/WhatsApp-Image-2026-04-16-at-08.49.08.jpeg 2000w, https:\/\/agora.xtec.cat\/escolamontserratesparreguera\/wp-content\/uploads\/usu2497\/2026\/04\/WhatsApp-Image-2026-04-16-at-08.49.08-768x576.jpeg 768w, https:\/\/agora.xtec.cat\/escolamontserratesparreguera\/wp-content\/uploads\/usu2497\/2026\/04\/WhatsApp-Image-2026-04-16-at-08.49.08-1536x1152.jpeg 1536w\" sizes=\"auto, (max-width: 492px) 100vw, 492px\" \/><\/p>\n","protected":false},"excerpt":{"rendered":"<p>Els infants d\u2019I5 han viscut una sortida molt especial a la biblioteca municipal del poble, un espai ple d\u2019hist\u00f2ries, descobertes i oportunitats per despertar la imaginaci\u00f3. Durant la visita, els nens i nenes han pogut con\u00e8ixer el funcionament de la biblioteca, explorar diferents contes i gaudir d\u2019una estona de lectura en un entorn tranquil i [&hellip;]<\/p>\n","protected":false},"author":1,"featured_media":6962,"comment_status":"open","ping_status":"open","sticky":false,"template":"","format":"standard","meta":{"_bbp_topic_count":0,"_bbp_reply_count":0,"_bbp_total_topic_count":0,"_bbp_total_reply_count":0,"_bbp_voice_count":0,"_bbp_anonymous_reply_count":0,"_bbp_topic_count_hidden":0,"_bbp_reply_count_hidden":0,"_bbp_forum_subforum_count":0,"site-sidebar-layout":"default","site-content-layout":"","ast-site-content-layout":"default","site-content-style":"default","site-sidebar-style":"default","ast-global-header-display":"","ast-banner-title-visibility":"","ast-main-header-display":"","ast-hfb-above-header-display":"","ast-hfb-below-header-display":"","ast-hfb-mobile-header-display":"","site-post-title":"","ast-breadcrumbs-content":"","ast-featured-img":"","footer-sml-layout":"","theme-transparent-header-meta":"default","adv-header-id-meta":"","stick-header-meta":"","header-above-stick-meta":"","header-main-stick-meta":"","header-below-stick-meta":"","astra-migrate-meta-layouts":"set","ast-page-background-enabled":"default","ast-page-background-meta":{"desktop":{"background-color":"var(--ast-global-color-4)","background-image":"","background-repeat":"repeat","background-position":"center center","background-size":"auto","background-attachment":"scroll","background-type":"","background-media":"","overlay-type":"","overlay-color":"","overlay-opacity":"","overlay-gradient":""},"tablet":{"background-color":"","background-image":"","background-repeat":"repeat","background-position":"center center","background-size":"auto","background-attachment":"scroll","background-type":"","background-media":"","overlay-type":"","overlay-color":"","overlay-opacity":"","overlay-gradient":""},"mobile":{"background-color":"","background-image":"","background-repeat":"repeat","background-position":"center center","background-size":"auto","background-attachment":"scroll","background-type":"","background-media":"","overlay-type":"","overlay-color":"","overlay-opacity":"","overlay-gradient":""}},"ast-content-background-meta":{"desktop":{"background-color":"var(--ast-global-color-5)","background-image":"","background-repeat":"repeat","background-position":"center center","background-size":"auto","background-attachment":"scroll","background-type":"","background-media":"","overlay-type":"","overlay-color":"","overlay-opacity":"","overlay-gradient":""},"tablet":{"background-color":"var(--ast-global-color-5)","background-image":"","background-repeat":"repeat","background-position":"center center","background-size":"auto","background-attachment":"scroll","background-type":"","background-media":"","overlay-type":"","overlay-color":"","overlay-opacity":"","overlay-gradient":""},"mobile":{"background-color":"var(--ast-global-color-5)","background-image":"","background-repeat":"repeat","background-position":"center center","background-size":"auto","background-attachment":"scroll","background-type":"","background-media":"","overlay-type":"","overlay-color":"","overlay-opacity":"","overlay-gradient":""}},"footnotes":""},"categories":[1,9,2,4],"tags":[],"class_list":["post-6961","post","type-post","status-publish","format-standard","has-post-thumbnail","hentry","category-general","category-i5","category-infantil","category-portada"],"post_mailing_queue_ids":[],"_links":{"self":[{"href":"https:\/\/agora.xtec.cat\/escolamontserratesparreguera\/wp-json\/wp\/v2\/posts\/6961","targetHints":{"allow":["GET"]}}],"collection":[{"href":"https:\/\/agora.xtec.cat\/escolamontserratesparreguera\/wp-json\/wp\/v2\/posts"}],"about":[{"href":"https:\/\/agora.xtec.cat\/escolamontserratesparreguera\/wp-json\/wp\/v2\/types\/post"}],"author":[{"embeddable":true,"href":"https:\/\/agora.xtec.cat\/escolamontserratesparreguera\/wp-json\/wp\/v2\/users\/1"}],"replies":[{"embeddable":true,"href":"https:\/\/agora.xtec.cat\/escolamontserratesparreguera\/wp-json\/wp\/v2\/comments?post=6961"}],"version-history":[{"count":1,"href":"https:\/\/agora.xtec.cat\/escolamontserratesparreguera\/wp-json\/wp\/v2\/posts\/6961\/revisions"}],"predecessor-version":[{"id":6963,"href":"https:\/\/agora.xtec.cat\/escolamontserratesparreguera\/wp-json\/wp\/v2\/posts\/6961\/revisions\/6963"}],"wp:featuredmedia":[{"embeddable":true,"href":"https:\/\/agora.xtec.cat\/escolamontserratesparreguera\/wp-json\/wp\/v2\/media\/6962"}],"wp:attachment":[{"href":"https:\/\/agora.xtec.cat\/escolamontserratesparreguera\/wp-json\/wp\/v2\/media?parent=6961"}],"wp:term":[{"taxonomy":"category","embeddable":true,"href":"https:\/\/agora.xtec.cat\/escolamontserratesparreguera\/wp-json\/wp\/v2\/categories?post=6961"},{"taxonomy":"post_tag","embeddable":true,"href":"https:\/\/agora.xtec.cat\/escolamontserratesparreguera\/wp-json\/wp\/v2\/tags?post=6961"}],"curies":[{"name":"wp","href":"https:\/\/api.w.org\/{rel}","templated":true}]}}