{"id":6573,"date":"2026-02-04T10:02:29","date_gmt":"2026-02-04T09:02:29","guid":{"rendered":"https:\/\/agora.xtec.cat\/escolamontserratesparreguera\/?p=6573"},"modified":"2026-02-04T10:03:18","modified_gmt":"2026-02-04T09:03:18","slug":"nova-bustia-deco-missatges-al-centre","status":"publish","type":"post","link":"https:\/\/agora.xtec.cat\/escolamontserratesparreguera\/general\/nova-bustia-deco-missatges-al-centre\/","title":{"rendered":"Nova b\u00fastia d\u2019eco-missatges al centre"},"content":{"rendered":"<p>Els delegats i delegades de la Comissi\u00f3 Verda han constru\u00eft un nou espai, elaborat \u00edntegrament amb materials reciclats, que funcionar\u00e0 com a b\u00fastia d\u2019\u201ceco-missatges\u201d.<\/p>\n<p>Aquesta iniciativa t\u00e9 com a objectiu recollir suggeriments i propostes de la comunitat educativa per continuar millorant el nostre centre com a escola verda.<\/p>\n<p>Animem tant les fam\u00edlies com l\u2019alumnat a participar-hi activament, aportant idees que contribueixin a fomentar valors de sostenibilitat i respecte pel medi ambient.<\/p>\n<p>Esperem les vostres aportacions i us agra\u00efm la vostra col\u00b7laboraci\u00f3.<\/p>\n<p>La Comissi\u00f3 Verda<\/p>\n<p><img loading=\"lazy\" decoding=\"async\" class=\"alignnone  wp-image-6576\" src=\"https:\/\/agora.xtec.cat\/escolamontserratesparreguera\/wp-content\/uploads\/usu2497\/2026\/02\/Diseno-sin-titulo-8-1.png\" alt=\"\" width=\"397\" height=\"530\" srcset=\"https:\/\/agora.xtec.cat\/escolamontserratesparreguera\/wp-content\/uploads\/usu2497\/2026\/02\/Diseno-sin-titulo-8-1.png 1080w, https:\/\/agora.xtec.cat\/escolamontserratesparreguera\/wp-content\/uploads\/usu2497\/2026\/02\/Diseno-sin-titulo-8-1-768x1024.png 768w\" sizes=\"auto, (max-width: 397px) 100vw, 397px\" \/><\/p>\n","protected":false},"excerpt":{"rendered":"<p>Els delegats i delegades de la Comissi\u00f3 Verda han constru\u00eft un nou espai, elaborat \u00edntegrament amb materials reciclats, que funcionar\u00e0 com a b\u00fastia d\u2019\u201ceco-missatges\u201d. Aquesta iniciativa t\u00e9 com a objectiu recollir suggeriments i propostes de la comunitat educativa per continuar millorant el nostre centre com a escola verda. Animem tant les fam\u00edlies com l\u2019alumnat a [&hellip;]<\/p>\n","protected":false},"author":1,"featured_media":6574,"comment_status":"open","ping_status":"open","sticky":false,"template":"","format":"standard","meta":{"_bbp_topic_count":0,"_bbp_reply_count":0,"_bbp_total_topic_count":0,"_bbp_total_reply_count":0,"_bbp_voice_count":0,"_bbp_anonymous_reply_count":0,"_bbp_topic_count_hidden":0,"_bbp_reply_count_hidden":0,"_bbp_forum_subforum_count":0,"site-sidebar-layout":"default","site-content-layout":"","ast-site-content-layout":"default","site-content-style":"default","site-sidebar-style":"default","ast-global-header-display":"","ast-banner-title-visibility":"","ast-main-header-display":"","ast-hfb-above-header-display":"","ast-hfb-below-header-display":"","ast-hfb-mobile-header-display":"","site-post-title":"","ast-breadcrumbs-content":"","ast-featured-img":"","footer-sml-layout":"","theme-transparent-header-meta":"default","adv-header-id-meta":"","stick-header-meta":"","header-above-stick-meta":"","header-main-stick-meta":"","header-below-stick-meta":"","astra-migrate-meta-layouts":"set","ast-page-background-enabled":"default","ast-page-background-meta":{"desktop":{"background-color":"var(--ast-global-color-4)","background-image":"","background-repeat":"repeat","background-position":"center center","background-size":"auto","background-attachment":"scroll","background-type":"","background-media":"","overlay-type":"","overlay-color":"","overlay-opacity":"","overlay-gradient":""},"tablet":{"background-color":"","background-image":"","background-repeat":"repeat","background-position":"center center","background-size":"auto","background-attachment":"scroll","background-type":"","background-media":"","overlay-type":"","overlay-color":"","overlay-opacity":"","overlay-gradient":""},"mobile":{"background-color":"","background-image":"","background-repeat":"repeat","background-position":"center center","background-size":"auto","background-attachment":"scroll","background-type":"","background-media":"","overlay-type":"","overlay-color":"","overlay-opacity":"","overlay-gradient":""}},"ast-content-background-meta":{"desktop":{"background-color":"var(--ast-global-color-5)","background-image":"","background-repeat":"repeat","background-position":"center center","background-size":"auto","background-attachment":"scroll","background-type":"","background-media":"","overlay-type":"","overlay-color":"","overlay-opacity":"","overlay-gradient":""},"tablet":{"background-color":"var(--ast-global-color-5)","background-image":"","background-repeat":"repeat","background-position":"center center","background-size":"auto","background-attachment":"scroll","background-type":"","background-media":"","overlay-type":"","overlay-color":"","overlay-opacity":"","overlay-gradient":""},"mobile":{"background-color":"var(--ast-global-color-5)","background-image":"","background-repeat":"repeat","background-position":"center center","background-size":"auto","background-attachment":"scroll","background-type":"","background-media":"","overlay-type":"","overlay-color":"","overlay-opacity":"","overlay-gradient":""}},"footnotes":""},"categories":[10,11,92,13,14,15,72,70,71,1,3,8,9,2,4,5],"tags":[],"class_list":["post-6573","post","type-post","status-publish","format-standard","has-post-thumbnail","hentry","category-1r","category-2n","category-3r","category-4t","category-5e","category-6e","category-cicle-inicial","category-cicle-mitja","category-cicle-superior","category-general","category-i3","category-i4","category-i5","category-infantil","category-portada","category-primaria"],"post_mailing_queue_ids":[],"_links":{"self":[{"href":"https:\/\/agora.xtec.cat\/escolamontserratesparreguera\/wp-json\/wp\/v2\/posts\/6573","targetHints":{"allow":["GET"]}}],"collection":[{"href":"https:\/\/agora.xtec.cat\/escolamontserratesparreguera\/wp-json\/wp\/v2\/posts"}],"about":[{"href":"https:\/\/agora.xtec.cat\/escolamontserratesparreguera\/wp-json\/wp\/v2\/types\/post"}],"author":[{"embeddable":true,"href":"https:\/\/agora.xtec.cat\/escolamontserratesparreguera\/wp-json\/wp\/v2\/users\/1"}],"replies":[{"embeddable":true,"href":"https:\/\/agora.xtec.cat\/escolamontserratesparreguera\/wp-json\/wp\/v2\/comments?post=6573"}],"version-history":[{"count":2,"href":"https:\/\/agora.xtec.cat\/escolamontserratesparreguera\/wp-json\/wp\/v2\/posts\/6573\/revisions"}],"predecessor-version":[{"id":6577,"href":"https:\/\/agora.xtec.cat\/escolamontserratesparreguera\/wp-json\/wp\/v2\/posts\/6573\/revisions\/6577"}],"wp:featuredmedia":[{"embeddable":true,"href":"https:\/\/agora.xtec.cat\/escolamontserratesparreguera\/wp-json\/wp\/v2\/media\/6574"}],"wp:attachment":[{"href":"https:\/\/agora.xtec.cat\/escolamontserratesparreguera\/wp-json\/wp\/v2\/media?parent=6573"}],"wp:term":[{"taxonomy":"category","embeddable":true,"href":"https:\/\/agora.xtec.cat\/escolamontserratesparreguera\/wp-json\/wp\/v2\/categories?post=6573"},{"taxonomy":"post_tag","embeddable":true,"href":"https:\/\/agora.xtec.cat\/escolamontserratesparreguera\/wp-json\/wp\/v2\/tags?post=6573"}],"curies":[{"name":"wp","href":"https:\/\/api.w.org\/{rel}","templated":true}]}}