{"id":5496,"date":"2025-03-06T12:08:16","date_gmt":"2025-03-06T11:08:16","guid":{"rendered":"https:\/\/agora.xtec.cat\/escolamontserratesparreguera\/?p=5496"},"modified":"2025-03-25T17:58:23","modified_gmt":"2025-03-25T16:58:23","slug":"trobades-que-omplen-el-cor","status":"publish","type":"post","link":"https:\/\/agora.xtec.cat\/escolamontserratesparreguera\/general\/trobades-que-omplen-el-cor\/","title":{"rendered":"Trobades que omplen el cor"},"content":{"rendered":"<p style=\"text-align: justify;\">La setmana passada vam rebre una d\u2019aquelles visites que t\u2019omplen el cor \ud83e\udde1. Vam tenir la sort de compartir una estona molt agradable amb algunes \u00e0vies de la resid\u00e8ncia de Can Comelles. Mireu que b\u00e9 ens ho vam passar! \ud83c\udfad<\/p>\n<p><img loading=\"lazy\" decoding=\"async\" class=\"wp-image-5498  aligncenter\" src=\"https:\/\/agora.xtec.cat\/escolamontserratesparreguera\/wp-content\/uploads\/usu2497\/2025\/03\/WhatsApp-Image-2025-03-06-at-11.59.23-1-e1741264932404.jpeg\" alt=\"\" width=\"394\" height=\"293\" srcset=\"https:\/\/agora.xtec.cat\/escolamontserratesparreguera\/wp-content\/uploads\/usu2497\/2025\/03\/WhatsApp-Image-2025-03-06-at-11.59.23-1-e1741264932404.jpeg 1536w, https:\/\/agora.xtec.cat\/escolamontserratesparreguera\/wp-content\/uploads\/usu2497\/2025\/03\/WhatsApp-Image-2025-03-06-at-11.59.23-1-e1741264932404-768x572.jpeg 768w, https:\/\/agora.xtec.cat\/escolamontserratesparreguera\/wp-content\/uploads\/usu2497\/2025\/03\/WhatsApp-Image-2025-03-06-at-11.59.23-1-e1741264932404-200x150.jpeg 200w\" sizes=\"auto, (max-width: 394px) 100vw, 394px\" \/><\/p>\n<p><img loading=\"lazy\" decoding=\"async\" class=\"wp-image-5499 aligncenter\" src=\"https:\/\/agora.xtec.cat\/escolamontserratesparreguera\/wp-content\/uploads\/usu2497\/2025\/03\/WhatsApp-Image-2025-03-06-at-11.59.23.jpeg\" alt=\"\" width=\"309\" height=\"412\" srcset=\"https:\/\/agora.xtec.cat\/escolamontserratesparreguera\/wp-content\/uploads\/usu2497\/2025\/03\/WhatsApp-Image-2025-03-06-at-11.59.23.jpeg 1536w, https:\/\/agora.xtec.cat\/escolamontserratesparreguera\/wp-content\/uploads\/usu2497\/2025\/03\/WhatsApp-Image-2025-03-06-at-11.59.23-768x1024.jpeg 768w, https:\/\/agora.xtec.cat\/escolamontserratesparreguera\/wp-content\/uploads\/usu2497\/2025\/03\/WhatsApp-Image-2025-03-06-at-11.59.23-1152x1536.jpeg 1152w\" sizes=\"auto, (max-width: 309px) 100vw, 309px\" \/><\/p>\n<p><!--more--><\/p>\n<p><img loading=\"lazy\" decoding=\"async\" class=\"alignnone wp-image-5497\" src=\"https:\/\/agora.xtec.cat\/escolamontserratesparreguera\/wp-content\/uploads\/usu2497\/2025\/03\/WhatsApp-Image-2025-03-06-at-11.59.23-2.jpeg\" alt=\"\" width=\"499\" height=\"665\" srcset=\"https:\/\/agora.xtec.cat\/escolamontserratesparreguera\/wp-content\/uploads\/usu2497\/2025\/03\/WhatsApp-Image-2025-03-06-at-11.59.23-2.jpeg 1536w, https:\/\/agora.xtec.cat\/escolamontserratesparreguera\/wp-content\/uploads\/usu2497\/2025\/03\/WhatsApp-Image-2025-03-06-at-11.59.23-2-768x1024.jpeg 768w, https:\/\/agora.xtec.cat\/escolamontserratesparreguera\/wp-content\/uploads\/usu2497\/2025\/03\/WhatsApp-Image-2025-03-06-at-11.59.23-2-1152x1536.jpeg 1152w\" sizes=\"auto, (max-width: 499px) 100vw, 499px\" \/> \u00a0\u00a0<img loading=\"lazy\" decoding=\"async\" class=\"alignnone wp-image-5500\" src=\"https:\/\/agora.xtec.cat\/escolamontserratesparreguera\/wp-content\/uploads\/usu2497\/2025\/03\/WhatsApp-Image-2025-03-06-at-11.59.24-2.jpeg\" alt=\"\" width=\"495\" height=\"660\" srcset=\"https:\/\/agora.xtec.cat\/escolamontserratesparreguera\/wp-content\/uploads\/usu2497\/2025\/03\/WhatsApp-Image-2025-03-06-at-11.59.24-2.jpeg 1536w, https:\/\/agora.xtec.cat\/escolamontserratesparreguera\/wp-content\/uploads\/usu2497\/2025\/03\/WhatsApp-Image-2025-03-06-at-11.59.24-2-768x1024.jpeg 768w, https:\/\/agora.xtec.cat\/escolamontserratesparreguera\/wp-content\/uploads\/usu2497\/2025\/03\/WhatsApp-Image-2025-03-06-at-11.59.24-2-1152x1536.jpeg 1152w\" sizes=\"auto, (max-width: 495px) 100vw, 495px\" \/><\/p>\n","protected":false},"excerpt":{"rendered":"<p>La setmana passada vam rebre una d\u2019aquelles visites que t\u2019omplen el cor \ud83e\udde1. Vam tenir la sort de compartir una estona molt agradable amb algunes \u00e0vies de la resid\u00e8ncia de Can Comelles. Mireu que b\u00e9 ens ho vam passar! \ud83c\udfad<\/p>\n","protected":false},"author":1,"featured_media":0,"comment_status":"open","ping_status":"closed","sticky":false,"template":"","format":"standard","meta":{"_bbp_topic_count":0,"_bbp_reply_count":0,"_bbp_total_topic_count":0,"_bbp_total_reply_count":0,"_bbp_voice_count":0,"_bbp_anonymous_reply_count":0,"_bbp_topic_count_hidden":0,"_bbp_reply_count_hidden":0,"_bbp_forum_subforum_count":0,"site-sidebar-layout":"default","site-content-layout":"","ast-site-content-layout":"","site-content-style":"default","site-sidebar-style":"default","ast-global-header-display":"","ast-banner-title-visibility":"","ast-main-header-display":"","ast-hfb-above-header-display":"","ast-hfb-below-header-display":"","ast-hfb-mobile-header-display":"","site-post-title":"","ast-breadcrumbs-content":"","ast-featured-img":"","footer-sml-layout":"","theme-transparent-header-meta":"","adv-header-id-meta":"","stick-header-meta":"","header-above-stick-meta":"","header-main-stick-meta":"","header-below-stick-meta":"","astra-migrate-meta-layouts":"default","ast-page-background-enabled":"default","ast-page-background-meta":{"desktop":{"background-color":"var(--ast-global-color-4)","background-image":"","background-repeat":"repeat","background-position":"center center","background-size":"auto","background-attachment":"scroll","background-type":"","background-media":"","overlay-type":"","overlay-color":"","overlay-opacity":"","overlay-gradient":""},"tablet":{"background-color":"","background-image":"","background-repeat":"repeat","background-position":"center center","background-size":"auto","background-attachment":"scroll","background-type":"","background-media":"","overlay-type":"","overlay-color":"","overlay-opacity":"","overlay-gradient":""},"mobile":{"background-color":"","background-image":"","background-repeat":"repeat","background-position":"center center","background-size":"auto","background-attachment":"scroll","background-type":"","background-media":"","overlay-type":"","overlay-color":"","overlay-opacity":"","overlay-gradient":""}},"ast-content-background-meta":{"desktop":{"background-color":"var(--ast-global-color-5)","background-image":"","background-repeat":"repeat","background-position":"center center","background-size":"auto","background-attachment":"scroll","background-type":"","background-media":"","overlay-type":"","overlay-color":"","overlay-opacity":"","overlay-gradient":""},"tablet":{"background-color":"var(--ast-global-color-5)","background-image":"","background-repeat":"repeat","background-position":"center center","background-size":"auto","background-attachment":"scroll","background-type":"","background-media":"","overlay-type":"","overlay-color":"","overlay-opacity":"","overlay-gradient":""},"mobile":{"background-color":"var(--ast-global-color-5)","background-image":"","background-repeat":"repeat","background-position":"center center","background-size":"auto","background-attachment":"scroll","background-type":"","background-media":"","overlay-type":"","overlay-color":"","overlay-opacity":"","overlay-gradient":""}},"footnotes":""},"categories":[92,13,70,1,4,5],"tags":[],"class_list":["post-5496","post","type-post","status-publish","format-standard","hentry","category-3r","category-4t","category-cicle-mitja","category-general","category-portada","category-primaria"],"post_mailing_queue_ids":[],"_links":{"self":[{"href":"https:\/\/agora.xtec.cat\/escolamontserratesparreguera\/wp-json\/wp\/v2\/posts\/5496","targetHints":{"allow":["GET"]}}],"collection":[{"href":"https:\/\/agora.xtec.cat\/escolamontserratesparreguera\/wp-json\/wp\/v2\/posts"}],"about":[{"href":"https:\/\/agora.xtec.cat\/escolamontserratesparreguera\/wp-json\/wp\/v2\/types\/post"}],"author":[{"embeddable":true,"href":"https:\/\/agora.xtec.cat\/escolamontserratesparreguera\/wp-json\/wp\/v2\/users\/1"}],"replies":[{"embeddable":true,"href":"https:\/\/agora.xtec.cat\/escolamontserratesparreguera\/wp-json\/wp\/v2\/comments?post=5496"}],"version-history":[{"count":6,"href":"https:\/\/agora.xtec.cat\/escolamontserratesparreguera\/wp-json\/wp\/v2\/posts\/5496\/revisions"}],"predecessor-version":[{"id":5658,"href":"https:\/\/agora.xtec.cat\/escolamontserratesparreguera\/wp-json\/wp\/v2\/posts\/5496\/revisions\/5658"}],"wp:attachment":[{"href":"https:\/\/agora.xtec.cat\/escolamontserratesparreguera\/wp-json\/wp\/v2\/media?parent=5496"}],"wp:term":[{"taxonomy":"category","embeddable":true,"href":"https:\/\/agora.xtec.cat\/escolamontserratesparreguera\/wp-json\/wp\/v2\/categories?post=5496"},{"taxonomy":"post_tag","embeddable":true,"href":"https:\/\/agora.xtec.cat\/escolamontserratesparreguera\/wp-json\/wp\/v2\/tags?post=5496"}],"curies":[{"name":"wp","href":"https:\/\/api.w.org\/{rel}","templated":true}]}}