{"id":4466,"date":"2024-05-17T16:30:51","date_gmt":"2024-05-17T14:30:51","guid":{"rendered":"https:\/\/agora.xtec.cat\/escolamontserratesparreguera\/?p=4466"},"modified":"2024-05-27T11:53:03","modified_gmt":"2024-05-27T09:53:03","slug":"cantania-2024-el-naufragi","status":"publish","type":"post","link":"https:\/\/agora.xtec.cat\/escolamontserratesparreguera\/general\/cantania-2024-el-naufragi\/","title":{"rendered":"Cant\u00e0nia 2024: El Naufragi"},"content":{"rendered":"<p>Despr\u00e9s de molts assajos, nervis, can\u00e7ons, hores, balls\u2026 ha arribat el gran dia i ho hem gaudit a l\u2019 Auditori de Barcelona amb moltes m\u00e9s escoles de Catalunya.<br \/>\n17 de maig ser\u00e0 un gran dia per recordar per aquests nens i nenes de 5\u00e8. \ud83d\udef6\ud83c\udfdd\ufe0f\ud83c\udfa4\u26c8\ufe0f<br \/>\nDiran que va ser un somni, que ens ho v\u00e0rem inventar, PER\u00d2 LA NOSTRA ILLA SEMPRE SER\u00c0 REAL\u203c\ufe0f#lam\u00fasicaensuneix<\/p>\n<p><img loading=\"lazy\" decoding=\"async\" class=\"alignnone size-large wp-image-4467\" src=\"https:\/\/agora.xtec.cat\/escolamontserratesparreguera\/wp-content\/uploads\/usu2497\/2024\/05\/IMG_6062-4000x3000.jpeg\" alt=\"\" width=\"4000\" height=\"3000\" srcset=\"https:\/\/agora.xtec.cat\/escolamontserratesparreguera\/wp-content\/uploads\/usu2497\/2024\/05\/IMG_6062-4000x3000.jpeg 4000w, https:\/\/agora.xtec.cat\/escolamontserratesparreguera\/wp-content\/uploads\/usu2497\/2024\/05\/IMG_6062-768x576.jpeg 768w, https:\/\/agora.xtec.cat\/escolamontserratesparreguera\/wp-content\/uploads\/usu2497\/2024\/05\/IMG_6062-1536x1152.jpeg 1536w, https:\/\/agora.xtec.cat\/escolamontserratesparreguera\/wp-content\/uploads\/usu2497\/2024\/05\/IMG_6062-2048x1536.jpeg 2048w, https:\/\/agora.xtec.cat\/escolamontserratesparreguera\/wp-content\/uploads\/usu2497\/2024\/05\/IMG_6062-200x150.jpeg 200w\" sizes=\"auto, (max-width: 4000px) 100vw, 4000px\" \/><\/p>\n","protected":false},"excerpt":{"rendered":"<p>Despr\u00e9s de molts assajos, nervis, can\u00e7ons, hores, balls\u2026 ha arribat el gran dia i ho hem gaudit a l\u2019 Auditori de Barcelona amb moltes m\u00e9s escoles de Catalunya. 17 de maig ser\u00e0 un gran dia per recordar per aquests nens i nenes de 5\u00e8. \ud83d\udef6\ud83c\udfdd\ufe0f\ud83c\udfa4\u26c8\ufe0f Diran que va ser un somni, que ens ho v\u00e0rem [&hellip;]<\/p>\n","protected":false},"author":1,"featured_media":0,"comment_status":"open","ping_status":"closed","sticky":false,"template":"","format":"standard","meta":{"_bbp_topic_count":0,"_bbp_reply_count":0,"_bbp_total_topic_count":0,"_bbp_total_reply_count":0,"_bbp_voice_count":0,"_bbp_anonymous_reply_count":0,"_bbp_topic_count_hidden":0,"_bbp_reply_count_hidden":0,"_bbp_forum_subforum_count":0,"site-sidebar-layout":"default","site-content-layout":"","ast-site-content-layout":"","site-content-style":"default","site-sidebar-style":"default","ast-global-header-display":"","ast-banner-title-visibility":"","ast-main-header-display":"","ast-hfb-above-header-display":"","ast-hfb-below-header-display":"","ast-hfb-mobile-header-display":"","site-post-title":"","ast-breadcrumbs-content":"","ast-featured-img":"","footer-sml-layout":"","theme-transparent-header-meta":"","adv-header-id-meta":"","stick-header-meta":"","header-above-stick-meta":"","header-main-stick-meta":"","header-below-stick-meta":"","astra-migrate-meta-layouts":"default","ast-page-background-enabled":"default","ast-page-background-meta":{"desktop":{"background-color":"var(--ast-global-color-4)","background-image":"","background-repeat":"repeat","background-position":"center center","background-size":"auto","background-attachment":"scroll","background-type":"","background-media":"","overlay-type":"","overlay-color":"","overlay-opacity":"","overlay-gradient":""},"tablet":{"background-color":"","background-image":"","background-repeat":"repeat","background-position":"center center","background-size":"auto","background-attachment":"scroll","background-type":"","background-media":"","overlay-type":"","overlay-color":"","overlay-opacity":"","overlay-gradient":""},"mobile":{"background-color":"","background-image":"","background-repeat":"repeat","background-position":"center center","background-size":"auto","background-attachment":"scroll","background-type":"","background-media":"","overlay-type":"","overlay-color":"","overlay-opacity":"","overlay-gradient":""}},"ast-content-background-meta":{"desktop":{"background-color":"var(--ast-global-color-5)","background-image":"","background-repeat":"repeat","background-position":"center center","background-size":"auto","background-attachment":"scroll","background-type":"","background-media":"","overlay-type":"","overlay-color":"","overlay-opacity":"","overlay-gradient":""},"tablet":{"background-color":"var(--ast-global-color-5)","background-image":"","background-repeat":"repeat","background-position":"center center","background-size":"auto","background-attachment":"scroll","background-type":"","background-media":"","overlay-type":"","overlay-color":"","overlay-opacity":"","overlay-gradient":""},"mobile":{"background-color":"var(--ast-global-color-5)","background-image":"","background-repeat":"repeat","background-position":"center center","background-size":"auto","background-attachment":"scroll","background-type":"","background-media":"","overlay-type":"","overlay-color":"","overlay-opacity":"","overlay-gradient":""}},"footnotes":""},"categories":[14,1,4],"tags":[],"class_list":["post-4466","post","type-post","status-publish","format-standard","hentry","category-5e","category-general","category-portada"],"post_mailing_queue_ids":[],"_links":{"self":[{"href":"https:\/\/agora.xtec.cat\/escolamontserratesparreguera\/wp-json\/wp\/v2\/posts\/4466","targetHints":{"allow":["GET"]}}],"collection":[{"href":"https:\/\/agora.xtec.cat\/escolamontserratesparreguera\/wp-json\/wp\/v2\/posts"}],"about":[{"href":"https:\/\/agora.xtec.cat\/escolamontserratesparreguera\/wp-json\/wp\/v2\/types\/post"}],"author":[{"embeddable":true,"href":"https:\/\/agora.xtec.cat\/escolamontserratesparreguera\/wp-json\/wp\/v2\/users\/1"}],"replies":[{"embeddable":true,"href":"https:\/\/agora.xtec.cat\/escolamontserratesparreguera\/wp-json\/wp\/v2\/comments?post=4466"}],"version-history":[{"count":2,"href":"https:\/\/agora.xtec.cat\/escolamontserratesparreguera\/wp-json\/wp\/v2\/posts\/4466\/revisions"}],"predecessor-version":[{"id":4472,"href":"https:\/\/agora.xtec.cat\/escolamontserratesparreguera\/wp-json\/wp\/v2\/posts\/4466\/revisions\/4472"}],"wp:attachment":[{"href":"https:\/\/agora.xtec.cat\/escolamontserratesparreguera\/wp-json\/wp\/v2\/media?parent=4466"}],"wp:term":[{"taxonomy":"category","embeddable":true,"href":"https:\/\/agora.xtec.cat\/escolamontserratesparreguera\/wp-json\/wp\/v2\/categories?post=4466"},{"taxonomy":"post_tag","embeddable":true,"href":"https:\/\/agora.xtec.cat\/escolamontserratesparreguera\/wp-json\/wp\/v2\/tags?post=4466"}],"curies":[{"name":"wp","href":"https:\/\/api.w.org\/{rel}","templated":true}]}}