{"id":1389,"date":"2022-04-24T21:08:30","date_gmt":"2022-04-24T19:08:30","guid":{"rendered":"https:\/\/agora.xtec.cat\/escolamontserratesparreguera\/?p=1389"},"modified":"2022-06-03T13:40:08","modified_gmt":"2022-06-03T11:40:08","slug":"setmana-cultural-sant-jordi-22","status":"publish","type":"post","link":"https:\/\/agora.xtec.cat\/escolamontserratesparreguera\/general\/setmana-cultural-sant-jordi-22\/","title":{"rendered":"Setmana cultural Sant Jordi 22"},"content":{"rendered":"<p>Durant aquesta setmana cultural hem portat a terme diferents activitats amb els infants i les seves fam\u00edlies: narraci\u00f3 de contes, confecci\u00f3 de flors, ball, certamen literari,&#8230;<\/p>\n<p><img loading=\"lazy\" decoding=\"async\" class=\"alignnone wp-image-1393\" src=\"https:\/\/agora.xtec.cat\/escolamontserratesparreguera\/wp-content\/uploads\/usu2497\/2022\/04\/TRIPTIC-2022-04-24-210650.png\" alt=\"\" width=\"413\" height=\"536\" \/><\/p>\n<p>Per tal de poder visualtizar les fotos de les diverses activitats cliqueu sobre els t\u00edtols:<\/p>\n<ul style=\"list-style-type: circle;\">\n<li>Taller en fam\u00edlia\/Flors primaverals:\n<ul>\n<li style=\"list-style-type: none;\">\n<ul style=\"list-style-type: circle;\">\n<li><a href=\"https:\/\/photos.app.goo.gl\/qyLDDMizpyzVHRze9\">Educaci\u00f3 Infantil<\/a><\/li>\n<li><a href=\"https:\/\/photos.app.goo.gl\/fq1T66diUvF1qCEu7\">Educaci\u00f3 Prim\u00e0ria\u00a0<\/a><\/li>\n<\/ul>\n<\/li>\n<\/ul>\n<\/li>\n<li><a href=\"https:\/\/photos.app.goo.gl\/qUdCwgG96ZUZcCbV6\">Ball de l&#8217;AMPA<\/a><\/li>\n<li>Certamen literari a la Passi\u00f3\n<ul style=\"list-style-type: circle;\">\n<li><a href=\"https:\/\/photos.app.goo.gl\/h5zBCU9wv21X4bEz7\">Enlla\u00e7 infantil<\/a><\/li>\n<\/ul>\n<\/li>\n<li><a href=\"https:\/\/photos.app.goo.gl\/kpa4bniopKd8PErx7\">Jocs Florals a l&#8217;escola<\/a><\/li>\n<\/ul>\n","protected":false},"excerpt":{"rendered":"<p>Durant aquesta setmana cultural hem portat a terme diferents activitats amb els infants i les seves fam\u00edlies: narraci\u00f3 de contes, confecci\u00f3 de flors, ball, certamen literari,&#8230; Per tal de poder visualtizar les fotos de les diverses activitats cliqueu sobre els t\u00edtols: Taller en fam\u00edlia\/Flors primaverals: Educaci\u00f3 Infantil Educaci\u00f3 Prim\u00e0ria\u00a0 Ball de l&#8217;AMPA Certamen literari a [&hellip;]<\/p>\n","protected":false},"author":1,"featured_media":0,"comment_status":"open","ping_status":"closed","sticky":false,"template":"","format":"standard","meta":{"_bbp_topic_count":0,"_bbp_reply_count":0,"_bbp_total_topic_count":0,"_bbp_total_reply_count":0,"_bbp_voice_count":0,"_bbp_anonymous_reply_count":0,"_bbp_topic_count_hidden":0,"_bbp_reply_count_hidden":0,"_bbp_forum_subforum_count":0,"site-sidebar-layout":"default","site-content-layout":"","ast-site-content-layout":"","site-content-style":"default","site-sidebar-style":"default","ast-global-header-display":"","ast-banner-title-visibility":"","ast-main-header-display":"","ast-hfb-above-header-display":"","ast-hfb-below-header-display":"","ast-hfb-mobile-header-display":"","site-post-title":"","ast-breadcrumbs-content":"","ast-featured-img":"","footer-sml-layout":"","theme-transparent-header-meta":"","adv-header-id-meta":"","stick-header-meta":"","header-above-stick-meta":"","header-main-stick-meta":"","header-below-stick-meta":"","astra-migrate-meta-layouts":"default","ast-page-background-enabled":"default","ast-page-background-meta":{"desktop":{"background-color":"var(--ast-global-color-4)","background-image":"","background-repeat":"repeat","background-position":"center center","background-size":"auto","background-attachment":"scroll","background-type":"","background-media":"","overlay-type":"","overlay-color":"","overlay-opacity":"","overlay-gradient":""},"tablet":{"background-color":"","background-image":"","background-repeat":"repeat","background-position":"center center","background-size":"auto","background-attachment":"scroll","background-type":"","background-media":"","overlay-type":"","overlay-color":"","overlay-opacity":"","overlay-gradient":""},"mobile":{"background-color":"","background-image":"","background-repeat":"repeat","background-position":"center center","background-size":"auto","background-attachment":"scroll","background-type":"","background-media":"","overlay-type":"","overlay-color":"","overlay-opacity":"","overlay-gradient":""}},"ast-content-background-meta":{"desktop":{"background-color":"var(--ast-global-color-5)","background-image":"","background-repeat":"repeat","background-position":"center center","background-size":"auto","background-attachment":"scroll","background-type":"","background-media":"","overlay-type":"","overlay-color":"","overlay-opacity":"","overlay-gradient":""},"tablet":{"background-color":"var(--ast-global-color-5)","background-image":"","background-repeat":"repeat","background-position":"center center","background-size":"auto","background-attachment":"scroll","background-type":"","background-media":"","overlay-type":"","overlay-color":"","overlay-opacity":"","overlay-gradient":""},"mobile":{"background-color":"var(--ast-global-color-5)","background-image":"","background-repeat":"repeat","background-position":"center center","background-size":"auto","background-attachment":"scroll","background-type":"","background-media":"","overlay-type":"","overlay-color":"","overlay-opacity":"","overlay-gradient":""}},"footnotes":""},"categories":[15,70,71,1,9,2,4],"tags":[],"class_list":["post-1389","post","type-post","status-publish","format-standard","hentry","category-6e","category-cicle-mitja","category-cicle-superior","category-general","category-i5","category-infantil","category-portada"],"post_mailing_queue_ids":[],"_links":{"self":[{"href":"https:\/\/agora.xtec.cat\/escolamontserratesparreguera\/wp-json\/wp\/v2\/posts\/1389","targetHints":{"allow":["GET"]}}],"collection":[{"href":"https:\/\/agora.xtec.cat\/escolamontserratesparreguera\/wp-json\/wp\/v2\/posts"}],"about":[{"href":"https:\/\/agora.xtec.cat\/escolamontserratesparreguera\/wp-json\/wp\/v2\/types\/post"}],"author":[{"embeddable":true,"href":"https:\/\/agora.xtec.cat\/escolamontserratesparreguera\/wp-json\/wp\/v2\/users\/1"}],"replies":[{"embeddable":true,"href":"https:\/\/agora.xtec.cat\/escolamontserratesparreguera\/wp-json\/wp\/v2\/comments?post=1389"}],"version-history":[{"count":3,"href":"https:\/\/agora.xtec.cat\/escolamontserratesparreguera\/wp-json\/wp\/v2\/posts\/1389\/revisions"}],"predecessor-version":[{"id":1443,"href":"https:\/\/agora.xtec.cat\/escolamontserratesparreguera\/wp-json\/wp\/v2\/posts\/1389\/revisions\/1443"}],"wp:attachment":[{"href":"https:\/\/agora.xtec.cat\/escolamontserratesparreguera\/wp-json\/wp\/v2\/media?parent=1389"}],"wp:term":[{"taxonomy":"category","embeddable":true,"href":"https:\/\/agora.xtec.cat\/escolamontserratesparreguera\/wp-json\/wp\/v2\/categories?post=1389"},{"taxonomy":"post_tag","embeddable":true,"href":"https:\/\/agora.xtec.cat\/escolamontserratesparreguera\/wp-json\/wp\/v2\/tags?post=1389"}],"curies":[{"name":"wp","href":"https:\/\/api.w.org\/{rel}","templated":true}]}}