{"id":1343,"date":"2022-04-21T14:41:20","date_gmt":"2022-04-21T12:41:20","guid":{"rendered":"https:\/\/agora.xtec.cat\/escolamontserratesparreguera\/?p=1343"},"modified":"2024-02-13T23:09:30","modified_gmt":"2024-02-13T22:09:30","slug":"informacio-colonies-educacio-infantil","status":"publish","type":"post","link":"https:\/\/agora.xtec.cat\/escolamontserratesparreguera\/general\/informacio-colonies-educacio-infantil\/","title":{"rendered":"Informaci\u00f3 Col\u00f2nies Educaci\u00f3 infantil"},"content":{"rendered":"<p>&nbsp;<\/p>\n<p><img loading=\"lazy\" decoding=\"async\" class=\"alignnone size-full wp-image-3834\" src=\"https:\/\/agora.xtec.cat\/escolamontserratesparreguera\/wp-content\/uploads\/usu2497\/2022\/04\/Captura-de-pantalla-2024-02-13-230830.png\" alt=\"\" width=\"611\" height=\"779\" \/><\/p>\n<p>Ja queda molt poc per marxar de col\u00f2nies, menys de dues setmanes!<\/p>\n<p>A\u00a0<span style=\"font-family: inherit; font-size: 1em;\">continuaci\u00f3 us enllacem els documents que varem donar a la reuni\u00f3 el dilluns i el men\u00fa que ens ha enviat la casa de col\u00f2nies. Recordeu portar el document amb dades personals dels vostres fills i filles com a molt tard <strong>dimarts 26 d&#8217;abril<\/strong>.<\/span><\/p>\n<p style=\"text-align: center;\"><a href=\"https:\/\/drive.google.com\/file\/d\/1TpxlO0pDPq489MlzEhENOwmEWXeCn6aZ\/view?usp=sharing\"><strong>LLIBRET INFORMATIU<\/strong><\/a><\/p>\n<p style=\"text-align: center;\"><a href=\"https:\/\/drive.google.com\/file\/d\/1g9C5F9Pv9rvl7Mly0yc9lv68DJ2OUwnw\/view?usp=sharing\"><strong>PRESENTACI\u00d3 DE LA REUNI\u00d3<\/strong><\/a><\/p>\n<p style=\"text-align: center;\"><a href=\"https:\/\/drive.google.com\/file\/d\/1LQgwmod7pHKfe-JtWezyJiTiPyEBTd1X\/view?usp=sharing\"><strong>DOCUMENT DADES PERSONALS<\/strong><\/a><\/p>\n<p style=\"text-align: center;\"><a href=\"https:\/\/drive.google.com\/file\/d\/1_5pWCHy0_qwmUC-VdVZWKWTXAP_kkQSS\/view?usp=sharing\"><strong>LOGOTIP BOSSES MOTXILLA<\/strong><\/a><\/p>\n<p>Recordeu portar la <strong>targeta sanit\u00e0ria el mateix dimarts 3 de maig<\/strong> i donar-la en m\u00e0 a la tutora. Qualsevol dubte poseu-vos en contacte amb la mestra tutora.<\/p>\n<p>Apa, prepareu la motxilla que marxem en un tres i no res!<\/p>\n","protected":false},"excerpt":{"rendered":"<p>&nbsp; Ja queda molt poc per marxar de col\u00f2nies, menys de dues setmanes! A\u00a0continuaci\u00f3 us enllacem els documents que varem donar a la reuni\u00f3 el dilluns i el men\u00fa que ens ha enviat la casa de col\u00f2nies. Recordeu portar el document amb dades personals dels vostres fills i filles com a molt tard dimarts 26 [&hellip;]<\/p>\n","protected":false},"author":3,"featured_media":0,"comment_status":"open","ping_status":"closed","sticky":false,"template":"","format":"standard","meta":{"_bbp_topic_count":0,"_bbp_reply_count":0,"_bbp_total_topic_count":0,"_bbp_total_reply_count":0,"_bbp_voice_count":0,"_bbp_anonymous_reply_count":0,"_bbp_topic_count_hidden":0,"_bbp_reply_count_hidden":0,"_bbp_forum_subforum_count":0,"site-sidebar-layout":"default","site-content-layout":"","ast-site-content-layout":"","site-content-style":"default","site-sidebar-style":"default","ast-global-header-display":"","ast-banner-title-visibility":"","ast-main-header-display":"","ast-hfb-above-header-display":"","ast-hfb-below-header-display":"","ast-hfb-mobile-header-display":"","site-post-title":"","ast-breadcrumbs-content":"","ast-featured-img":"","footer-sml-layout":"","theme-transparent-header-meta":"","adv-header-id-meta":"","stick-header-meta":"","header-above-stick-meta":"","header-main-stick-meta":"","header-below-stick-meta":"","astra-migrate-meta-layouts":"default","ast-page-background-enabled":"default","ast-page-background-meta":{"desktop":{"background-color":"var(--ast-global-color-4)","background-image":"","background-repeat":"repeat","background-position":"center center","background-size":"auto","background-attachment":"scroll","background-type":"","background-media":"","overlay-type":"","overlay-color":"","overlay-opacity":"","overlay-gradient":""},"tablet":{"background-color":"","background-image":"","background-repeat":"repeat","background-position":"center center","background-size":"auto","background-attachment":"scroll","background-type":"","background-media":"","overlay-type":"","overlay-color":"","overlay-opacity":"","overlay-gradient":""},"mobile":{"background-color":"","background-image":"","background-repeat":"repeat","background-position":"center center","background-size":"auto","background-attachment":"scroll","background-type":"","background-media":"","overlay-type":"","overlay-color":"","overlay-opacity":"","overlay-gradient":""}},"ast-content-background-meta":{"desktop":{"background-color":"var(--ast-global-color-5)","background-image":"","background-repeat":"repeat","background-position":"center center","background-size":"auto","background-attachment":"scroll","background-type":"","background-media":"","overlay-type":"","overlay-color":"","overlay-opacity":"","overlay-gradient":""},"tablet":{"background-color":"var(--ast-global-color-5)","background-image":"","background-repeat":"repeat","background-position":"center center","background-size":"auto","background-attachment":"scroll","background-type":"","background-media":"","overlay-type":"","overlay-color":"","overlay-opacity":"","overlay-gradient":""},"mobile":{"background-color":"var(--ast-global-color-5)","background-image":"","background-repeat":"repeat","background-position":"center center","background-size":"auto","background-attachment":"scroll","background-type":"","background-media":"","overlay-type":"","overlay-color":"","overlay-opacity":"","overlay-gradient":""}},"footnotes":""},"categories":[1,3,8,9,2,4],"tags":[73,77,74,75,76],"class_list":["post-1343","post","type-post","status-publish","format-standard","hentry","category-general","category-i3","category-i4","category-i5","category-infantil","category-portada","tag-colonies","tag-educacio-infantil","tag-p3","tag-p4","tag-p5"],"post_mailing_queue_ids":[],"_links":{"self":[{"href":"https:\/\/agora.xtec.cat\/escolamontserratesparreguera\/wp-json\/wp\/v2\/posts\/1343","targetHints":{"allow":["GET"]}}],"collection":[{"href":"https:\/\/agora.xtec.cat\/escolamontserratesparreguera\/wp-json\/wp\/v2\/posts"}],"about":[{"href":"https:\/\/agora.xtec.cat\/escolamontserratesparreguera\/wp-json\/wp\/v2\/types\/post"}],"author":[{"embeddable":true,"href":"https:\/\/agora.xtec.cat\/escolamontserratesparreguera\/wp-json\/wp\/v2\/users\/3"}],"replies":[{"embeddable":true,"href":"https:\/\/agora.xtec.cat\/escolamontserratesparreguera\/wp-json\/wp\/v2\/comments?post=1343"}],"version-history":[{"count":5,"href":"https:\/\/agora.xtec.cat\/escolamontserratesparreguera\/wp-json\/wp\/v2\/posts\/1343\/revisions"}],"predecessor-version":[{"id":3836,"href":"https:\/\/agora.xtec.cat\/escolamontserratesparreguera\/wp-json\/wp\/v2\/posts\/1343\/revisions\/3836"}],"wp:attachment":[{"href":"https:\/\/agora.xtec.cat\/escolamontserratesparreguera\/wp-json\/wp\/v2\/media?parent=1343"}],"wp:term":[{"taxonomy":"category","embeddable":true,"href":"https:\/\/agora.xtec.cat\/escolamontserratesparreguera\/wp-json\/wp\/v2\/categories?post=1343"},{"taxonomy":"post_tag","embeddable":true,"href":"https:\/\/agora.xtec.cat\/escolamontserratesparreguera\/wp-json\/wp\/v2\/tags?post=1343"}],"curies":[{"name":"wp","href":"https:\/\/api.w.org\/{rel}","templated":true}]}}