{"id":3732,"date":"2021-11-10T13:54:32","date_gmt":"2021-11-10T12:54:32","guid":{"rendered":"https:\/\/agora.xtec.cat\/escolamontbrio\/?p=3732"},"modified":"2021-11-10T13:58:00","modified_gmt":"2021-11-10T12:58:00","slug":"descobrim-noves-olors-i-nous-sabors","status":"publish","type":"post","link":"https:\/\/agora.xtec.cat\/escolamontbrio\/p3\/descobrim-noves-olors-i-nous-sabors\/","title":{"rendered":"Descobrim noves olors i nous sabors!"},"content":{"rendered":"<p style=\"text-align: center;\">Els infants de p3 hem vist que al nostre pati hi tenim moltes plantes&#8230;. Hem recollit mostres de plantes arom\u00e0tiques i fem col\u00f2nia! Quina bona olor!!!!!!!<\/p>\n<p style=\"text-align: center;\">Tamb\u00e9 hem tastat els fruits t\u00edpics de la tardor! Mmmmmm que bons!!!!!<\/p>\n<p>Si\u00a0<a href=\"https:\/\/drive.google.com\/drive\/folders\/1zsTSyBxQ8Qx2DehZ6s0TUdDyVRPjMLPc?usp=sharing\"><strong><em>cliqueu aqu\u00ed<\/em><\/strong><\/a> podreu veure totes les fotos\u00a0(us haureu d\u2019identificar amb el vostre usuari de l\u2019escola\u00a0<em>xxx@escolamontbrio.cat<\/em>, el mateix que per accedir al Classroom).<\/p>\n<p><a href=\"https:\/\/agora.xtec.cat\/escolamontbrio\/wp-content\/uploads\/usu1765\/2021\/11\/b24aee8c-ef38-4dcc-9625-d88c2b4d1651.jpg\"><img loading=\"lazy\" decoding=\"async\" class=\"wp-image-3733 aligncenter\" src=\"https:\/\/agora.xtec.cat\/escolamontbrio\/wp-content\/uploads\/usu1765\/2021\/11\/b24aee8c-ef38-4dcc-9625-d88c2b4d1651.jpg\" alt=\"\" width=\"658\" height=\"370\" srcset=\"https:\/\/agora.xtec.cat\/escolamontbrio\/wp-content\/uploads\/usu1765\/2021\/11\/b24aee8c-ef38-4dcc-9625-d88c2b4d1651.jpg 1024w, https:\/\/agora.xtec.cat\/escolamontbrio\/wp-content\/uploads\/usu1765\/2021\/11\/b24aee8c-ef38-4dcc-9625-d88c2b4d1651-300x169.jpg 300w, https:\/\/agora.xtec.cat\/escolamontbrio\/wp-content\/uploads\/usu1765\/2021\/11\/b24aee8c-ef38-4dcc-9625-d88c2b4d1651-768x432.jpg 768w\" sizes=\"auto, (max-width: 658px) 100vw, 658px\" \/><\/a><\/p>\n","protected":false},"excerpt":{"rendered":"<p>Els infants de p3 hem vist que al nostre pati hi tenim moltes plantes&#8230;. Hem recollit mostres de plantes arom\u00e0tiques i fem col\u00f2nia! Quina bona olor!!!!!!! Tamb\u00e9 hem tastat els fruits t\u00edpics de la tardor! Mmmmmm que bons!!!!! Si\u00a0cliqueu aqu\u00ed podreu veure totes les fotos\u00a0(us haureu d\u2019identificar amb el vostre usuari de l\u2019escola\u00a0xxx@escolamontbrio.cat, el mateix [&hellip;]<\/p>\n","protected":false},"author":4,"featured_media":3733,"comment_status":"open","ping_status":"closed","sticky":false,"template":"","format":"standard","meta":{"_bbp_topic_count":0,"_bbp_reply_count":0,"_bbp_total_topic_count":0,"_bbp_total_reply_count":0,"_bbp_voice_count":0,"_bbp_anonymous_reply_count":0,"_bbp_topic_count_hidden":0,"_bbp_reply_count_hidden":0,"_bbp_forum_subforum_count":0,"site-sidebar-layout":"default","site-content-layout":"","ast-site-content-layout":"","site-content-style":"default","site-sidebar-style":"default","ast-global-header-display":"","ast-banner-title-visibility":"","ast-main-header-display":"","ast-hfb-above-header-display":"","ast-hfb-below-header-display":"","ast-hfb-mobile-header-display":"","site-post-title":"","ast-breadcrumbs-content":"","ast-featured-img":"","footer-sml-layout":"","theme-transparent-header-meta":"","adv-header-id-meta":"","stick-header-meta":"","header-above-stick-meta":"","header-main-stick-meta":"","header-below-stick-meta":"","astra-migrate-meta-layouts":"default","ast-page-background-enabled":"default","ast-page-background-meta":{"desktop":{"background-color":"var(--ast-global-color-4)","background-image":"","background-repeat":"repeat","background-position":"center center","background-size":"auto","background-attachment":"scroll","background-type":"","background-media":"","overlay-type":"","overlay-color":"","overlay-opacity":"","overlay-gradient":""},"tablet":{"background-color":"","background-image":"","background-repeat":"repeat","background-position":"center center","background-size":"auto","background-attachment":"scroll","background-type":"","background-media":"","overlay-type":"","overlay-color":"","overlay-opacity":"","overlay-gradient":""},"mobile":{"background-color":"","background-image":"","background-repeat":"repeat","background-position":"center center","background-size":"auto","background-attachment":"scroll","background-type":"","background-media":"","overlay-type":"","overlay-color":"","overlay-opacity":"","overlay-gradient":""}},"ast-content-background-meta":{"desktop":{"background-color":"var(--ast-global-color-5)","background-image":"","background-repeat":"repeat","background-position":"center center","background-size":"auto","background-attachment":"scroll","background-type":"","background-media":"","overlay-type":"","overlay-color":"","overlay-opacity":"","overlay-gradient":""},"tablet":{"background-color":"var(--ast-global-color-5)","background-image":"","background-repeat":"repeat","background-position":"center center","background-size":"auto","background-attachment":"scroll","background-type":"","background-media":"","overlay-type":"","overlay-color":"","overlay-opacity":"","overlay-gradient":""},"mobile":{"background-color":"var(--ast-global-color-5)","background-image":"","background-repeat":"repeat","background-position":"center center","background-size":"auto","background-attachment":"scroll","background-type":"","background-media":"","overlay-type":"","overlay-color":"","overlay-opacity":"","overlay-gradient":""}},"footnotes":""},"categories":[3],"tags":[296,297,295],"class_list":["post-3732","post","type-post","status-publish","format-standard","has-post-thumbnail","hentry","category-p3","tag-colonia","tag-fruits-de-tardor","tag-olors-aromatiques"],"post_mailing_queue_ids":[],"_links":{"self":[{"href":"https:\/\/agora.xtec.cat\/escolamontbrio\/wp-json\/wp\/v2\/posts\/3732","targetHints":{"allow":["GET"]}}],"collection":[{"href":"https:\/\/agora.xtec.cat\/escolamontbrio\/wp-json\/wp\/v2\/posts"}],"about":[{"href":"https:\/\/agora.xtec.cat\/escolamontbrio\/wp-json\/wp\/v2\/types\/post"}],"author":[{"embeddable":true,"href":"https:\/\/agora.xtec.cat\/escolamontbrio\/wp-json\/wp\/v2\/users\/4"}],"replies":[{"embeddable":true,"href":"https:\/\/agora.xtec.cat\/escolamontbrio\/wp-json\/wp\/v2\/comments?post=3732"}],"version-history":[{"count":2,"href":"https:\/\/agora.xtec.cat\/escolamontbrio\/wp-json\/wp\/v2\/posts\/3732\/revisions"}],"predecessor-version":[{"id":3735,"href":"https:\/\/agora.xtec.cat\/escolamontbrio\/wp-json\/wp\/v2\/posts\/3732\/revisions\/3735"}],"wp:featuredmedia":[{"embeddable":true,"href":"https:\/\/agora.xtec.cat\/escolamontbrio\/wp-json\/wp\/v2\/media\/3733"}],"wp:attachment":[{"href":"https:\/\/agora.xtec.cat\/escolamontbrio\/wp-json\/wp\/v2\/media?parent=3732"}],"wp:term":[{"taxonomy":"category","embeddable":true,"href":"https:\/\/agora.xtec.cat\/escolamontbrio\/wp-json\/wp\/v2\/categories?post=3732"},{"taxonomy":"post_tag","embeddable":true,"href":"https:\/\/agora.xtec.cat\/escolamontbrio\/wp-json\/wp\/v2\/tags?post=3732"}],"curies":[{"name":"wp","href":"https:\/\/api.w.org\/{rel}","templated":true}]}}