{"id":3203,"date":"2021-03-27T20:02:57","date_gmt":"2021-03-27T19:02:57","guid":{"rendered":"http:\/\/agora.xtec.cat\/escolamontbrio\/?p=3203"},"modified":"2021-03-27T20:02:57","modified_gmt":"2021-03-27T19:02:57","slug":"projecte-sobre-el-maltractament-infantil-6e-b","status":"publish","type":"post","link":"https:\/\/agora.xtec.cat\/escolamontbrio\/6e\/projecte-sobre-el-maltractament-infantil-6e-b\/","title":{"rendered":"Projecte sobre el maltractament infantil [6\u00e8 B]"},"content":{"rendered":"<p><a href=\"https:\/\/photos.app.goo.gl\/SWYuC4dXRDYBVM6aA\" target=\"_blank\" rel=\"noopener noreferrer\"><img loading=\"lazy\" decoding=\"async\" class=\"wp-image-3204 alignright\" src=\"https:\/\/agora.xtec.cat\/escolamontbrio\/wp-content\/uploads\/usu1765\/2021\/03\/projecte6B-1024x768.jpg\" alt=\"\" width=\"360\" height=\"270\" srcset=\"https:\/\/agora.xtec.cat\/escolamontbrio\/wp-content\/uploads\/usu1765\/2021\/03\/projecte6B-1024x768.jpg 1024w, https:\/\/agora.xtec.cat\/escolamontbrio\/wp-content\/uploads\/usu1765\/2021\/03\/projecte6B-300x225.jpg 300w, https:\/\/agora.xtec.cat\/escolamontbrio\/wp-content\/uploads\/usu1765\/2021\/03\/projecte6B-768x576.jpg 768w, https:\/\/agora.xtec.cat\/escolamontbrio\/wp-content\/uploads\/usu1765\/2021\/03\/projecte6B-200x150.jpg 200w, https:\/\/agora.xtec.cat\/escolamontbrio\/wp-content\/uploads\/usu1765\/2021\/03\/projecte6B.jpg 1292w\" sizes=\"auto, (max-width: 360px) 100vw, 360px\" \/><\/a>El divendres 6 de mar\u00e7 vam comen\u00e7ar el <strong>projecte<\/strong> del <strong>maltractament infantil<\/strong>.<\/p>\n<p>El vam dividir en quatre apartats: la v\u00edctima, l&#8217;agressor, tipus de maltractament i localitzaci\u00f3. Vam fer 4 grups i cada persona del grup tenia una funci\u00f3: coordinador, secretari, responsable del material i portaveu, fent aix\u00ed un equip cooperatiu.<br \/>\nEns ho vam passar molt b\u00e9 i vam aprendre moltes coses.<\/p>\n<p>Clica a sobre la foto per veure&#8217;n m\u00e9s.<\/p>\n","protected":false},"excerpt":{"rendered":"<p>El divendres 6 de mar\u00e7 vam comen\u00e7ar el projecte del maltractament infantil. El vam dividir en quatre apartats: la v\u00edctima, l&#8217;agressor, tipus de maltractament i localitzaci\u00f3. Vam fer 4 grups i cada persona del grup tenia una funci\u00f3: coordinador, secretari, responsable del material i portaveu, fent aix\u00ed un equip cooperatiu. Ens ho vam passar molt [&hellip;]<\/p>\n","protected":false},"author":1,"featured_media":3204,"comment_status":"closed","ping_status":"closed","sticky":false,"template":"","format":"standard","meta":{"_bbp_topic_count":0,"_bbp_reply_count":0,"_bbp_total_topic_count":0,"_bbp_total_reply_count":0,"_bbp_voice_count":0,"_bbp_anonymous_reply_count":0,"_bbp_topic_count_hidden":0,"_bbp_reply_count_hidden":0,"_bbp_forum_subforum_count":0,"site-sidebar-layout":"default","site-content-layout":"","ast-site-content-layout":"","site-content-style":"default","site-sidebar-style":"default","ast-global-header-display":"","ast-banner-title-visibility":"","ast-main-header-display":"","ast-hfb-above-header-display":"","ast-hfb-below-header-display":"","ast-hfb-mobile-header-display":"","site-post-title":"","ast-breadcrumbs-content":"","ast-featured-img":"","footer-sml-layout":"","theme-transparent-header-meta":"","adv-header-id-meta":"","stick-header-meta":"","header-above-stick-meta":"","header-main-stick-meta":"","header-below-stick-meta":"","astra-migrate-meta-layouts":"default","ast-page-background-enabled":"default","ast-page-background-meta":{"desktop":{"background-color":"var(--ast-global-color-4)","background-image":"","background-repeat":"repeat","background-position":"center center","background-size":"auto","background-attachment":"scroll","background-type":"","background-media":"","overlay-type":"","overlay-color":"","overlay-opacity":"","overlay-gradient":""},"tablet":{"background-color":"","background-image":"","background-repeat":"repeat","background-position":"center center","background-size":"auto","background-attachment":"scroll","background-type":"","background-media":"","overlay-type":"","overlay-color":"","overlay-opacity":"","overlay-gradient":""},"mobile":{"background-color":"","background-image":"","background-repeat":"repeat","background-position":"center center","background-size":"auto","background-attachment":"scroll","background-type":"","background-media":"","overlay-type":"","overlay-color":"","overlay-opacity":"","overlay-gradient":""}},"ast-content-background-meta":{"desktop":{"background-color":"var(--ast-global-color-5)","background-image":"","background-repeat":"repeat","background-position":"center center","background-size":"auto","background-attachment":"scroll","background-type":"","background-media":"","overlay-type":"","overlay-color":"","overlay-opacity":"","overlay-gradient":""},"tablet":{"background-color":"var(--ast-global-color-5)","background-image":"","background-repeat":"repeat","background-position":"center center","background-size":"auto","background-attachment":"scroll","background-type":"","background-media":"","overlay-type":"","overlay-color":"","overlay-opacity":"","overlay-gradient":""},"mobile":{"background-color":"var(--ast-global-color-5)","background-image":"","background-repeat":"repeat","background-position":"center center","background-size":"auto","background-attachment":"scroll","background-type":"","background-media":"","overlay-type":"","overlay-color":"","overlay-opacity":"","overlay-gradient":""}},"footnotes":""},"categories":[135],"tags":[247,81],"class_list":["post-3203","post","type-post","status-publish","format-standard","has-post-thumbnail","hentry","category-6e","tag-maltractament-infantil","tag-projecte"],"post_mailing_queue_ids":[],"_links":{"self":[{"href":"https:\/\/agora.xtec.cat\/escolamontbrio\/wp-json\/wp\/v2\/posts\/3203","targetHints":{"allow":["GET"]}}],"collection":[{"href":"https:\/\/agora.xtec.cat\/escolamontbrio\/wp-json\/wp\/v2\/posts"}],"about":[{"href":"https:\/\/agora.xtec.cat\/escolamontbrio\/wp-json\/wp\/v2\/types\/post"}],"author":[{"embeddable":true,"href":"https:\/\/agora.xtec.cat\/escolamontbrio\/wp-json\/wp\/v2\/users\/1"}],"replies":[{"embeddable":true,"href":"https:\/\/agora.xtec.cat\/escolamontbrio\/wp-json\/wp\/v2\/comments?post=3203"}],"version-history":[{"count":1,"href":"https:\/\/agora.xtec.cat\/escolamontbrio\/wp-json\/wp\/v2\/posts\/3203\/revisions"}],"predecessor-version":[{"id":3206,"href":"https:\/\/agora.xtec.cat\/escolamontbrio\/wp-json\/wp\/v2\/posts\/3203\/revisions\/3206"}],"wp:featuredmedia":[{"embeddable":true,"href":"https:\/\/agora.xtec.cat\/escolamontbrio\/wp-json\/wp\/v2\/media\/3204"}],"wp:attachment":[{"href":"https:\/\/agora.xtec.cat\/escolamontbrio\/wp-json\/wp\/v2\/media?parent=3203"}],"wp:term":[{"taxonomy":"category","embeddable":true,"href":"https:\/\/agora.xtec.cat\/escolamontbrio\/wp-json\/wp\/v2\/categories?post=3203"},{"taxonomy":"post_tag","embeddable":true,"href":"https:\/\/agora.xtec.cat\/escolamontbrio\/wp-json\/wp\/v2\/tags?post=3203"}],"curies":[{"name":"wp","href":"https:\/\/api.w.org\/{rel}","templated":true}]}}