{"id":1456,"date":"2018-09-11T23:33:15","date_gmt":"2018-09-11T21:33:15","guid":{"rendered":"http:\/\/agora.xtec.cat\/escolamontbrio\/?p=1456"},"modified":"2018-09-12T19:41:45","modified_gmt":"2018-09-12T17:41:45","slug":"material-per-psicomotricitat-a-infantil","status":"publish","type":"post","link":"https:\/\/agora.xtec.cat\/escolamontbrio\/p3\/material-per-psicomotricitat-a-infantil\/","title":{"rendered":"Material per psicomotricitat a infantil"},"content":{"rendered":"<p>Des de l\u2019\u00e0rea d\u2019educaci\u00f3 f\u00edsica es demana que els\/les alumnes d&#8217;infantil <strong><u>portin obligat\u00f2riament l\u2019equipament adequat<\/u><\/strong> per poder fer les classes de psicomotricitat. Aquest material \u00e9s el seg\u00fcent:<\/p>\n<ul>\n<li><strong>Xandall<\/strong>: curt o llarg (segons l\u2019\u00e8poca de l\u2019any).<\/li>\n<li><strong>Cal\u00e7at esportiu amb velcro i mitjons<\/strong>. Hi haur\u00e0 dies que treballarem descal\u00e7ats.<\/li>\n<\/ul>\n<p>Les classes es faran:<\/p>\n<ul>\n<li><strong>P3 A<\/strong>: cada dimarts d&#8217;11:30 h a 12:30.<\/li>\n<li><strong>P3 B<\/strong>: cada dijous d&#8217;11:30 h a 12:30.<\/li>\n<li><strong>P4 <\/strong>(grup 1): cada dilluns d&#8217;11:30 h a 12:30.<\/li>\n<li><strong>P4 <\/strong>(grup 2): cada dimecres de 15 h a 16.<\/li>\n<li><strong>P5 A<\/strong>: cada dijous de 10 h a 11.<\/li>\n<li><strong>P5 B<\/strong>: cada dimarts de 10 h a 11.<\/li>\n<\/ul>\n<p>L&#8217;equip de mestres.<\/p>\n<p><a href=\"http:\/\/agora.xtec.cat\/escolamontbrio\/wp-content\/uploads\/usu1765\/2018\/09\/psico.jpg\"><img loading=\"lazy\" decoding=\"async\" class=\"alignnone wp-image-1457\" src=\"http:\/\/agora.xtec.cat\/escolamontbrio\/wp-content\/uploads\/usu1765\/2018\/09\/psico.jpg\" alt=\"\" width=\"650\" height=\"283\" srcset=\"https:\/\/agora.xtec.cat\/escolamontbrio\/wp-content\/uploads\/usu1765\/2018\/09\/psico.jpg 960w, https:\/\/agora.xtec.cat\/escolamontbrio\/wp-content\/uploads\/usu1765\/2018\/09\/psico-300x131.jpg 300w, https:\/\/agora.xtec.cat\/escolamontbrio\/wp-content\/uploads\/usu1765\/2018\/09\/psico-768x334.jpg 768w\" sizes=\"auto, (max-width: 650px) 100vw, 650px\" \/><\/a><\/p>\n","protected":false},"excerpt":{"rendered":"<p>Des de l\u2019\u00e0rea d\u2019educaci\u00f3 f\u00edsica es demana que els\/les alumnes d&#8217;infantil portin obligat\u00f2riament l\u2019equipament adequat per poder fer les classes de psicomotricitat. Aquest material \u00e9s el seg\u00fcent: Xandall: curt o llarg (segons l\u2019\u00e8poca de l\u2019any). Cal\u00e7at esportiu amb velcro i mitjons. Hi haur\u00e0 dies que treballarem descal\u00e7ats. Les classes es faran: P3 A: cada dimarts [&hellip;]<\/p>\n","protected":false},"author":4,"featured_media":1457,"comment_status":"closed","ping_status":"closed","sticky":false,"template":"","format":"standard","meta":{"_bbp_topic_count":0,"_bbp_reply_count":0,"_bbp_total_topic_count":0,"_bbp_total_reply_count":0,"_bbp_voice_count":0,"_bbp_anonymous_reply_count":0,"_bbp_topic_count_hidden":0,"_bbp_reply_count_hidden":0,"_bbp_forum_subforum_count":0,"site-sidebar-layout":"default","site-content-layout":"","ast-site-content-layout":"","site-content-style":"default","site-sidebar-style":"default","ast-global-header-display":"","ast-banner-title-visibility":"","ast-main-header-display":"","ast-hfb-above-header-display":"","ast-hfb-below-header-display":"","ast-hfb-mobile-header-display":"","site-post-title":"","ast-breadcrumbs-content":"","ast-featured-img":"","footer-sml-layout":"","theme-transparent-header-meta":"","adv-header-id-meta":"","stick-header-meta":"","header-above-stick-meta":"","header-main-stick-meta":"","header-below-stick-meta":"","astra-migrate-meta-layouts":"default","ast-page-background-enabled":"default","ast-page-background-meta":{"desktop":{"background-color":"var(--ast-global-color-4)","background-image":"","background-repeat":"repeat","background-position":"center center","background-size":"auto","background-attachment":"scroll","background-type":"","background-media":"","overlay-type":"","overlay-color":"","overlay-opacity":"","overlay-gradient":""},"tablet":{"background-color":"","background-image":"","background-repeat":"repeat","background-position":"center center","background-size":"auto","background-attachment":"scroll","background-type":"","background-media":"","overlay-type":"","overlay-color":"","overlay-opacity":"","overlay-gradient":""},"mobile":{"background-color":"","background-image":"","background-repeat":"repeat","background-position":"center center","background-size":"auto","background-attachment":"scroll","background-type":"","background-media":"","overlay-type":"","overlay-color":"","overlay-opacity":"","overlay-gradient":""}},"ast-content-background-meta":{"desktop":{"background-color":"var(--ast-global-color-5)","background-image":"","background-repeat":"repeat","background-position":"center center","background-size":"auto","background-attachment":"scroll","background-type":"","background-media":"","overlay-type":"","overlay-color":"","overlay-opacity":"","overlay-gradient":""},"tablet":{"background-color":"var(--ast-global-color-5)","background-image":"","background-repeat":"repeat","background-position":"center center","background-size":"auto","background-attachment":"scroll","background-type":"","background-media":"","overlay-type":"","overlay-color":"","overlay-opacity":"","overlay-gradient":""},"mobile":{"background-color":"var(--ast-global-color-5)","background-image":"","background-repeat":"repeat","background-position":"center center","background-size":"auto","background-attachment":"scroll","background-type":"","background-media":"","overlay-type":"","overlay-color":"","overlay-opacity":"","overlay-gradient":""}},"footnotes":""},"categories":[3,8,9,4],"tags":[136,18],"class_list":["post-1456","post","type-post","status-publish","format-standard","has-post-thumbnail","hentry","category-p3","category-p4","category-p5","category-portada","tag-material","tag-psicomotricitat"],"post_mailing_queue_ids":[],"_links":{"self":[{"href":"https:\/\/agora.xtec.cat\/escolamontbrio\/wp-json\/wp\/v2\/posts\/1456","targetHints":{"allow":["GET"]}}],"collection":[{"href":"https:\/\/agora.xtec.cat\/escolamontbrio\/wp-json\/wp\/v2\/posts"}],"about":[{"href":"https:\/\/agora.xtec.cat\/escolamontbrio\/wp-json\/wp\/v2\/types\/post"}],"author":[{"embeddable":true,"href":"https:\/\/agora.xtec.cat\/escolamontbrio\/wp-json\/wp\/v2\/users\/4"}],"replies":[{"embeddable":true,"href":"https:\/\/agora.xtec.cat\/escolamontbrio\/wp-json\/wp\/v2\/comments?post=1456"}],"version-history":[{"count":3,"href":"https:\/\/agora.xtec.cat\/escolamontbrio\/wp-json\/wp\/v2\/posts\/1456\/revisions"}],"predecessor-version":[{"id":1463,"href":"https:\/\/agora.xtec.cat\/escolamontbrio\/wp-json\/wp\/v2\/posts\/1456\/revisions\/1463"}],"wp:featuredmedia":[{"embeddable":true,"href":"https:\/\/agora.xtec.cat\/escolamontbrio\/wp-json\/wp\/v2\/media\/1457"}],"wp:attachment":[{"href":"https:\/\/agora.xtec.cat\/escolamontbrio\/wp-json\/wp\/v2\/media?parent=1456"}],"wp:term":[{"taxonomy":"category","embeddable":true,"href":"https:\/\/agora.xtec.cat\/escolamontbrio\/wp-json\/wp\/v2\/categories?post=1456"},{"taxonomy":"post_tag","embeddable":true,"href":"https:\/\/agora.xtec.cat\/escolamontbrio\/wp-json\/wp\/v2\/tags?post=1456"}],"curies":[{"name":"wp","href":"https:\/\/api.w.org\/{rel}","templated":true}]}}