{"id":9624,"date":"2022-06-27T11:54:47","date_gmt":"2022-06-27T09:54:47","guid":{"rendered":"https:\/\/agora.xtec.cat\/escolametllers\/?p=9624"},"modified":"2022-09-24T13:58:02","modified_gmt":"2022-09-24T11:58:02","slug":"preparem-la-festa-major-infantil","status":"publish","type":"post","link":"https:\/\/agora.xtec.cat\/escolametllers\/infantil\/preparem-la-festa-major-infantil\/","title":{"rendered":"PREPAREM LA FESTA MAJOR INFANTIL"},"content":{"rendered":"<p>Uns dies abans que vinguessin a visitar-nos els personatges de la Festa Major Infantil, tot l\u2019alumnat de l\u2019escola vam confegir uns cercles molt especials. Eren els cercles que despr\u00e9s els membres del Sidral varen fer sevir per a decorar la Pla\u00e7a Major de Sant Joan, l\u2019espai on se celebra la festa del confeti de la FMI.<\/p>\n<p>La consigna d\u2019aquesta edici\u00f3 va ser que els cercles estiguessin decorats amb algun dibuix o algun escrit que tract\u00e9s el benestar dels infants i la salut en general (f\u00edsica i emocional).<\/p>\n<p>A la classe del Mic un dia vam pintar una cara dels cercles amb <em>Playcolors<\/em> i un altre dia vam pintar l\u2019altra banda amb pintura. Vam decidir fer-hi cares contentes, semblants a les emoticones dels m\u00f2bils.<\/p>\n<p>El dia que van venir els personatges de la FMI a veure\u2019ns (Quico, S\u00faper iaia, S\u00faper Pet,..), tot l\u2019alumnat de l\u2019escola els vam rebre molt contents al pati de Prim\u00e0ria. Ens van fer cantar i ballar molt, i ens van animar a participar de tots els actes de la FMI.<\/p>\n<p>Us convidem a veure algunes fotos relacionades tant amb l\u2019elaboraci\u00f3 de la decoraci\u00f3 com amb la visita dels nostres estimats personatges de la Festa Major Infantil.<\/p>\n<p><a href=\"https:\/\/photos.app.goo.gl\/tCDieZ6PpReTSV5K6\"><img loading=\"lazy\" decoding=\"async\" class=\"alignnone wp-image-9625\" src=\"https:\/\/agora.xtec.cat\/escolametllers\/wp-content\/uploads\/usu1580\/2022\/06\/20220613_104843-1024x768.jpg\" alt=\"\" width=\"528\" height=\"396\" srcset=\"https:\/\/agora.xtec.cat\/escolametllers\/wp-content\/uploads\/usu1580\/2022\/06\/20220613_104843-1024x768.jpg 1024w, https:\/\/agora.xtec.cat\/escolametllers\/wp-content\/uploads\/usu1580\/2022\/06\/20220613_104843-300x225.jpg 300w, https:\/\/agora.xtec.cat\/escolametllers\/wp-content\/uploads\/usu1580\/2022\/06\/20220613_104843-768x576.jpg 768w, https:\/\/agora.xtec.cat\/escolametllers\/wp-content\/uploads\/usu1580\/2022\/06\/20220613_104843-200x150.jpg 200w, https:\/\/agora.xtec.cat\/escolametllers\/wp-content\/uploads\/usu1580\/2022\/06\/20220613_104843.jpg 1152w\" sizes=\"auto, (max-width: 528px) 100vw, 528px\" \/><\/a><\/p>\n","protected":false},"excerpt":{"rendered":"<p>Uns dies abans que vinguessin a visitar-nos els personatges de la Festa Major Infantil, tot l\u2019alumnat de l\u2019escola vam confegir uns cercles molt especials. Eren els cercles que despr\u00e9s els membres del Sidral varen fer sevir per a decorar la Pla\u00e7a Major de Sant Joan, l\u2019espai on se celebra la festa del confeti de la [&hellip;]<\/p>\n","protected":false},"author":1,"featured_media":0,"comment_status":"open","ping_status":"closed","sticky":false,"template":"","format":"standard","meta":{"_bbp_topic_count":0,"_bbp_reply_count":0,"_bbp_total_topic_count":0,"_bbp_total_reply_count":0,"_bbp_voice_count":0,"_bbp_anonymous_reply_count":0,"_bbp_topic_count_hidden":0,"_bbp_reply_count_hidden":0,"_bbp_forum_subforum_count":0,"site-sidebar-layout":"default","site-content-layout":"","ast-site-content-layout":"","site-content-style":"default","site-sidebar-style":"default","ast-global-header-display":"","ast-banner-title-visibility":"","ast-main-header-display":"","ast-hfb-above-header-display":"","ast-hfb-below-header-display":"","ast-hfb-mobile-header-display":"","site-post-title":"","ast-breadcrumbs-content":"","ast-featured-img":"","footer-sml-layout":"","theme-transparent-header-meta":"","adv-header-id-meta":"","stick-header-meta":"","header-above-stick-meta":"","header-main-stick-meta":"","header-below-stick-meta":"","astra-migrate-meta-layouts":"default","ast-page-background-enabled":"default","ast-page-background-meta":{"desktop":{"background-color":"var(--ast-global-color-4)","background-image":"","background-repeat":"repeat","background-position":"center center","background-size":"auto","background-attachment":"scroll","background-type":"","background-media":"","overlay-type":"","overlay-color":"","overlay-opacity":"","overlay-gradient":""},"tablet":{"background-color":"","background-image":"","background-repeat":"repeat","background-position":"center center","background-size":"auto","background-attachment":"scroll","background-type":"","background-media":"","overlay-type":"","overlay-color":"","overlay-opacity":"","overlay-gradient":""},"mobile":{"background-color":"","background-image":"","background-repeat":"repeat","background-position":"center center","background-size":"auto","background-attachment":"scroll","background-type":"","background-media":"","overlay-type":"","overlay-color":"","overlay-opacity":"","overlay-gradient":""}},"ast-content-background-meta":{"desktop":{"background-color":"var(--ast-global-color-5)","background-image":"","background-repeat":"repeat","background-position":"center center","background-size":"auto","background-attachment":"scroll","background-type":"","background-media":"","overlay-type":"","overlay-color":"","overlay-opacity":"","overlay-gradient":""},"tablet":{"background-color":"var(--ast-global-color-5)","background-image":"","background-repeat":"repeat","background-position":"center center","background-size":"auto","background-attachment":"scroll","background-type":"","background-media":"","overlay-type":"","overlay-color":"","overlay-opacity":"","overlay-gradient":""},"mobile":{"background-color":"var(--ast-global-color-5)","background-image":"","background-repeat":"repeat","background-position":"center center","background-size":"auto","background-attachment":"scroll","background-type":"","background-media":"","overlay-type":"","overlay-color":"","overlay-opacity":"","overlay-gradient":""}},"footnotes":""},"categories":[176,8,2],"tags":[56],"class_list":["post-9624","post","type-post","status-publish","format-standard","hentry","category-21-22","category-eic","category-infantil","tag-festamajor"],"post_mailing_queue_ids":[],"_links":{"self":[{"href":"https:\/\/agora.xtec.cat\/escolametllers\/wp-json\/wp\/v2\/posts\/9624","targetHints":{"allow":["GET"]}}],"collection":[{"href":"https:\/\/agora.xtec.cat\/escolametllers\/wp-json\/wp\/v2\/posts"}],"about":[{"href":"https:\/\/agora.xtec.cat\/escolametllers\/wp-json\/wp\/v2\/types\/post"}],"author":[{"embeddable":true,"href":"https:\/\/agora.xtec.cat\/escolametllers\/wp-json\/wp\/v2\/users\/1"}],"replies":[{"embeddable":true,"href":"https:\/\/agora.xtec.cat\/escolametllers\/wp-json\/wp\/v2\/comments?post=9624"}],"version-history":[{"count":1,"href":"https:\/\/agora.xtec.cat\/escolametllers\/wp-json\/wp\/v2\/posts\/9624\/revisions"}],"predecessor-version":[{"id":9626,"href":"https:\/\/agora.xtec.cat\/escolametllers\/wp-json\/wp\/v2\/posts\/9624\/revisions\/9626"}],"wp:attachment":[{"href":"https:\/\/agora.xtec.cat\/escolametllers\/wp-json\/wp\/v2\/media?parent=9624"}],"wp:term":[{"taxonomy":"category","embeddable":true,"href":"https:\/\/agora.xtec.cat\/escolametllers\/wp-json\/wp\/v2\/categories?post=9624"},{"taxonomy":"post_tag","embeddable":true,"href":"https:\/\/agora.xtec.cat\/escolametllers\/wp-json\/wp\/v2\/tags?post=9624"}],"curies":[{"name":"wp","href":"https:\/\/api.w.org\/{rel}","templated":true}]}}