{"id":9592,"date":"2022-06-26T18:41:17","date_gmt":"2022-06-26T16:41:17","guid":{"rendered":"https:\/\/agora.xtec.cat\/escolametllers\/?p=9592"},"modified":"2022-09-24T13:58:47","modified_gmt":"2022-09-24T11:58:47","slug":"exposicions-orals","status":"publish","type":"post","link":"https:\/\/agora.xtec.cat\/escolametllers\/infantil\/exposicions-orals\/","title":{"rendered":"EXPOSICIONS ORALS"},"content":{"rendered":"<p>&nbsp;<\/p>\n<p>Durant el 2n i 3r trimestres tots els alumnes d\u2019EI3 i EI4 han fet la seva exposici\u00f3 oral. Els d\u2019EI3 ens han explicat\u00a0 viv\u00e8ncies pr\u00f2pies a trav\u00e9s de fotos que han enganixat en una cartolina i els d\u2019EI4 el seu conte preferit.<\/p>\n<p>Moltes gr\u00e0cies, mares i pares, pel vostre esfor\u00e7 i suport a l\u2019hora de preparar les activitats d\u2019expressi\u00f3 oral dels vostres fills i filles!<\/p>\n<p>Les exposicions orals ens permeten per una banda fomentar i refor\u00e7ar l\u2019expressi\u00f3 oral, i per una altra banda, guanyar confian\u00e7a i seguretat a l\u2019hora d\u2019expressar-nos davant un p\u00fablic. Tamb\u00e9 ens ofereixen la possibilitat de \u00a0treballar els h\u00e0bits que cal tenir presents quan escoltem a alg\u00fa que ens est\u00e0 explicant coses (mirar als ulls de qui ens parla, seure b\u00e9, escoltar amb atenci\u00f3, aixecar la m\u00e0 si volem fer una pregunta&#8230;.)<\/p>\n<p>Mireu que b\u00e9\u00a0 ho han fet!!<\/p>\n<p><a href=\"https:\/\/photos.app.goo.gl\/E56qPErWx6bFfVpj9\"><img loading=\"lazy\" decoding=\"async\" class=\"alignnone wp-image-9593\" src=\"https:\/\/agora.xtec.cat\/escolametllers\/wp-content\/uploads\/usu1580\/2022\/06\/expressio-1024x768.jpg\" alt=\"\" width=\"345\" height=\"259\" srcset=\"https:\/\/agora.xtec.cat\/escolametllers\/wp-content\/uploads\/usu1580\/2022\/06\/expressio-1024x768.jpg 1024w, https:\/\/agora.xtec.cat\/escolametllers\/wp-content\/uploads\/usu1580\/2022\/06\/expressio-300x225.jpg 300w, https:\/\/agora.xtec.cat\/escolametllers\/wp-content\/uploads\/usu1580\/2022\/06\/expressio-768x576.jpg 768w, https:\/\/agora.xtec.cat\/escolametllers\/wp-content\/uploads\/usu1580\/2022\/06\/expressio-200x150.jpg 200w, https:\/\/agora.xtec.cat\/escolametllers\/wp-content\/uploads\/usu1580\/2022\/06\/expressio.jpg 1032w\" sizes=\"auto, (max-width: 345px) 100vw, 345px\" \/><\/a><\/p>\n<p>&nbsp;<\/p>\n<p>&nbsp;<\/p>\n","protected":false},"excerpt":{"rendered":"<p>&nbsp; Durant el 2n i 3r trimestres tots els alumnes d\u2019EI3 i EI4 han fet la seva exposici\u00f3 oral. Els d\u2019EI3 ens han explicat\u00a0 viv\u00e8ncies pr\u00f2pies a trav\u00e9s de fotos que han enganixat en una cartolina i els d\u2019EI4 el seu conte preferit. Moltes gr\u00e0cies, mares i pares, pel vostre esfor\u00e7 i suport a l\u2019hora [&hellip;]<\/p>\n","protected":false},"author":1,"featured_media":0,"comment_status":"open","ping_status":"closed","sticky":false,"template":"","format":"standard","meta":{"_bbp_topic_count":0,"_bbp_reply_count":0,"_bbp_total_topic_count":0,"_bbp_total_reply_count":0,"_bbp_voice_count":0,"_bbp_anonymous_reply_count":0,"_bbp_topic_count_hidden":0,"_bbp_reply_count_hidden":0,"_bbp_forum_subforum_count":0,"site-sidebar-layout":"default","site-content-layout":"","ast-site-content-layout":"","site-content-style":"default","site-sidebar-style":"default","ast-global-header-display":"","ast-banner-title-visibility":"","ast-main-header-display":"","ast-hfb-above-header-display":"","ast-hfb-below-header-display":"","ast-hfb-mobile-header-display":"","site-post-title":"","ast-breadcrumbs-content":"","ast-featured-img":"","footer-sml-layout":"","theme-transparent-header-meta":"","adv-header-id-meta":"","stick-header-meta":"","header-above-stick-meta":"","header-main-stick-meta":"","header-below-stick-meta":"","astra-migrate-meta-layouts":"default","ast-page-background-enabled":"default","ast-page-background-meta":{"desktop":{"background-color":"var(--ast-global-color-4)","background-image":"","background-repeat":"repeat","background-position":"center center","background-size":"auto","background-attachment":"scroll","background-type":"","background-media":"","overlay-type":"","overlay-color":"","overlay-opacity":"","overlay-gradient":""},"tablet":{"background-color":"","background-image":"","background-repeat":"repeat","background-position":"center center","background-size":"auto","background-attachment":"scroll","background-type":"","background-media":"","overlay-type":"","overlay-color":"","overlay-opacity":"","overlay-gradient":""},"mobile":{"background-color":"","background-image":"","background-repeat":"repeat","background-position":"center center","background-size":"auto","background-attachment":"scroll","background-type":"","background-media":"","overlay-type":"","overlay-color":"","overlay-opacity":"","overlay-gradient":""}},"ast-content-background-meta":{"desktop":{"background-color":"var(--ast-global-color-5)","background-image":"","background-repeat":"repeat","background-position":"center center","background-size":"auto","background-attachment":"scroll","background-type":"","background-media":"","overlay-type":"","overlay-color":"","overlay-opacity":"","overlay-gradient":""},"tablet":{"background-color":"var(--ast-global-color-5)","background-image":"","background-repeat":"repeat","background-position":"center center","background-size":"auto","background-attachment":"scroll","background-type":"","background-media":"","overlay-type":"","overlay-color":"","overlay-opacity":"","overlay-gradient":""},"mobile":{"background-color":"var(--ast-global-color-5)","background-image":"","background-repeat":"repeat","background-position":"center center","background-size":"auto","background-attachment":"scroll","background-type":"","background-media":"","overlay-type":"","overlay-color":"","overlay-opacity":"","overlay-gradient":""}},"footnotes":""},"categories":[2,61],"tags":[212],"class_list":["post-9592","post","type-post","status-publish","format-standard","hentry","category-infantil","category-prom17b","tag-llengua"],"post_mailing_queue_ids":[],"_links":{"self":[{"href":"https:\/\/agora.xtec.cat\/escolametllers\/wp-json\/wp\/v2\/posts\/9592","targetHints":{"allow":["GET"]}}],"collection":[{"href":"https:\/\/agora.xtec.cat\/escolametllers\/wp-json\/wp\/v2\/posts"}],"about":[{"href":"https:\/\/agora.xtec.cat\/escolametllers\/wp-json\/wp\/v2\/types\/post"}],"author":[{"embeddable":true,"href":"https:\/\/agora.xtec.cat\/escolametllers\/wp-json\/wp\/v2\/users\/1"}],"replies":[{"embeddable":true,"href":"https:\/\/agora.xtec.cat\/escolametllers\/wp-json\/wp\/v2\/comments?post=9592"}],"version-history":[{"count":1,"href":"https:\/\/agora.xtec.cat\/escolametllers\/wp-json\/wp\/v2\/posts\/9592\/revisions"}],"predecessor-version":[{"id":9594,"href":"https:\/\/agora.xtec.cat\/escolametllers\/wp-json\/wp\/v2\/posts\/9592\/revisions\/9594"}],"wp:attachment":[{"href":"https:\/\/agora.xtec.cat\/escolametllers\/wp-json\/wp\/v2\/media?parent=9592"}],"wp:term":[{"taxonomy":"category","embeddable":true,"href":"https:\/\/agora.xtec.cat\/escolametllers\/wp-json\/wp\/v2\/categories?post=9592"},{"taxonomy":"post_tag","embeddable":true,"href":"https:\/\/agora.xtec.cat\/escolametllers\/wp-json\/wp\/v2\/tags?post=9592"}],"curies":[{"name":"wp","href":"https:\/\/api.w.org\/{rel}","templated":true}]}}