{"id":9376,"date":"2022-06-14T12:04:44","date_gmt":"2022-06-14T10:04:44","guid":{"rendered":"https:\/\/agora.xtec.cat\/escolametllers\/?p=9376"},"modified":"2022-09-24T14:10:20","modified_gmt":"2022-09-24T12:10:20","slug":"les-praxies-bucofonatories","status":"publish","type":"post","link":"https:\/\/agora.xtec.cat\/escolametllers\/infantil\/les-praxies-bucofonatories\/","title":{"rendered":"LES PR\u00c0XIES BUCOFONAT\u00d2RIES"},"content":{"rendered":"<p>A l\u2019escola al llarg del curs hem practicat les <strong>pr\u00e0xies bucofonat\u00f2ries<\/strong>, la finalitat de les quals \u00e9s aconseguir una millor mobilitat dels \u00f2rgans bucofacials per tal d\u2019aconseguir millorar la compet\u00e8ncia comunicativa dels infants. A m\u00e9s les pr\u00e0xies bucofonat\u00f2ries ens ajuden a con\u00e8ixer millor el nostre aparell bucofonador i a aprendre a dominar-lo, per aix\u00ed poder iniciar-nos amb seguretat amb el treball d\u2019articulaci\u00f3 dels fonemes.<\/p>\n<p>Fent aquests exercicis ajudem als infants a potenciar l\u2019agilitat, la mobilitat, la pressi\u00f3 i el tancament labial. Alhora tamb\u00e9 els va b\u00e9 per adquirir control, tonicitat i for\u00e7a lingual, labial, bucal i respirat\u00f2ria, i tamb\u00e9 per facilitar l\u2019ajust fon\u00e8tic dels sons del catal\u00e0.<\/p>\n<p>Aqu\u00ed podeu veure algunes fots d\u2019aquest tipus d\u2019exercicis.<\/p>\n<p><a href=\"https:\/\/photos.app.goo.gl\/Uo8NbGbeJtx8M2527\"><img loading=\"lazy\" decoding=\"async\" class=\"alignnone wp-image-9377\" src=\"https:\/\/agora.xtec.cat\/escolametllers\/wp-content\/uploads\/usu1580\/2022\/06\/foto-LAMINES-praxies-bucofonatories-1024x768.jpg\" alt=\"\" width=\"447\" height=\"336\" srcset=\"https:\/\/agora.xtec.cat\/escolametllers\/wp-content\/uploads\/usu1580\/2022\/06\/foto-LAMINES-praxies-bucofonatories-1024x768.jpg 1024w, https:\/\/agora.xtec.cat\/escolametllers\/wp-content\/uploads\/usu1580\/2022\/06\/foto-LAMINES-praxies-bucofonatories-300x225.jpg 300w, https:\/\/agora.xtec.cat\/escolametllers\/wp-content\/uploads\/usu1580\/2022\/06\/foto-LAMINES-praxies-bucofonatories-768x576.jpg 768w, https:\/\/agora.xtec.cat\/escolametllers\/wp-content\/uploads\/usu1580\/2022\/06\/foto-LAMINES-praxies-bucofonatories-200x150.jpg 200w, https:\/\/agora.xtec.cat\/escolametllers\/wp-content\/uploads\/usu1580\/2022\/06\/foto-LAMINES-praxies-bucofonatories.jpg 1152w\" sizes=\"auto, (max-width: 447px) 100vw, 447px\" \/><\/a><\/p>\n","protected":false},"excerpt":{"rendered":"<p>A l\u2019escola al llarg del curs hem practicat les pr\u00e0xies bucofonat\u00f2ries, la finalitat de les quals \u00e9s aconseguir una millor mobilitat dels \u00f2rgans bucofacials per tal d\u2019aconseguir millorar la compet\u00e8ncia comunicativa dels infants. A m\u00e9s les pr\u00e0xies bucofonat\u00f2ries ens ajuden a con\u00e8ixer millor el nostre aparell bucofonador i a aprendre a dominar-lo, per aix\u00ed poder [&hellip;]<\/p>\n","protected":false},"author":1,"featured_media":0,"comment_status":"open","ping_status":"closed","sticky":false,"template":"","format":"standard","meta":{"_bbp_topic_count":0,"_bbp_reply_count":0,"_bbp_total_topic_count":0,"_bbp_total_reply_count":0,"_bbp_voice_count":0,"_bbp_anonymous_reply_count":0,"_bbp_topic_count_hidden":0,"_bbp_reply_count_hidden":0,"_bbp_forum_subforum_count":0,"site-sidebar-layout":"default","site-content-layout":"","ast-site-content-layout":"","site-content-style":"default","site-sidebar-style":"default","ast-global-header-display":"","ast-banner-title-visibility":"","ast-main-header-display":"","ast-hfb-above-header-display":"","ast-hfb-below-header-display":"","ast-hfb-mobile-header-display":"","site-post-title":"","ast-breadcrumbs-content":"","ast-featured-img":"","footer-sml-layout":"","theme-transparent-header-meta":"","adv-header-id-meta":"","stick-header-meta":"","header-above-stick-meta":"","header-main-stick-meta":"","header-below-stick-meta":"","astra-migrate-meta-layouts":"default","ast-page-background-enabled":"default","ast-page-background-meta":{"desktop":{"background-color":"var(--ast-global-color-4)","background-image":"","background-repeat":"repeat","background-position":"center center","background-size":"auto","background-attachment":"scroll","background-type":"","background-media":"","overlay-type":"","overlay-color":"","overlay-opacity":"","overlay-gradient":""},"tablet":{"background-color":"","background-image":"","background-repeat":"repeat","background-position":"center center","background-size":"auto","background-attachment":"scroll","background-type":"","background-media":"","overlay-type":"","overlay-color":"","overlay-opacity":"","overlay-gradient":""},"mobile":{"background-color":"","background-image":"","background-repeat":"repeat","background-position":"center center","background-size":"auto","background-attachment":"scroll","background-type":"","background-media":"","overlay-type":"","overlay-color":"","overlay-opacity":"","overlay-gradient":""}},"ast-content-background-meta":{"desktop":{"background-color":"var(--ast-global-color-5)","background-image":"","background-repeat":"repeat","background-position":"center center","background-size":"auto","background-attachment":"scroll","background-type":"","background-media":"","overlay-type":"","overlay-color":"","overlay-opacity":"","overlay-gradient":""},"tablet":{"background-color":"var(--ast-global-color-5)","background-image":"","background-repeat":"repeat","background-position":"center center","background-size":"auto","background-attachment":"scroll","background-type":"","background-media":"","overlay-type":"","overlay-color":"","overlay-opacity":"","overlay-gradient":""},"mobile":{"background-color":"var(--ast-global-color-5)","background-image":"","background-repeat":"repeat","background-position":"center center","background-size":"auto","background-attachment":"scroll","background-type":"","background-media":"","overlay-type":"","overlay-color":"","overlay-opacity":"","overlay-gradient":""}},"footnotes":""},"categories":[176,8,2],"tags":[212,138],"class_list":["post-9376","post","type-post","status-publish","format-standard","hentry","category-21-22","category-eic","category-infantil","tag-llengua","tag-salut"],"post_mailing_queue_ids":[],"_links":{"self":[{"href":"https:\/\/agora.xtec.cat\/escolametllers\/wp-json\/wp\/v2\/posts\/9376","targetHints":{"allow":["GET"]}}],"collection":[{"href":"https:\/\/agora.xtec.cat\/escolametllers\/wp-json\/wp\/v2\/posts"}],"about":[{"href":"https:\/\/agora.xtec.cat\/escolametllers\/wp-json\/wp\/v2\/types\/post"}],"author":[{"embeddable":true,"href":"https:\/\/agora.xtec.cat\/escolametllers\/wp-json\/wp\/v2\/users\/1"}],"replies":[{"embeddable":true,"href":"https:\/\/agora.xtec.cat\/escolametllers\/wp-json\/wp\/v2\/comments?post=9376"}],"version-history":[{"count":1,"href":"https:\/\/agora.xtec.cat\/escolametllers\/wp-json\/wp\/v2\/posts\/9376\/revisions"}],"predecessor-version":[{"id":9378,"href":"https:\/\/agora.xtec.cat\/escolametllers\/wp-json\/wp\/v2\/posts\/9376\/revisions\/9378"}],"wp:attachment":[{"href":"https:\/\/agora.xtec.cat\/escolametllers\/wp-json\/wp\/v2\/media?parent=9376"}],"wp:term":[{"taxonomy":"category","embeddable":true,"href":"https:\/\/agora.xtec.cat\/escolametllers\/wp-json\/wp\/v2\/categories?post=9376"},{"taxonomy":"post_tag","embeddable":true,"href":"https:\/\/agora.xtec.cat\/escolametllers\/wp-json\/wp\/v2\/tags?post=9376"}],"curies":[{"name":"wp","href":"https:\/\/api.w.org\/{rel}","templated":true}]}}