{"id":9370,"date":"2022-06-14T10:56:37","date_gmt":"2022-06-14T08:56:37","guid":{"rendered":"https:\/\/agora.xtec.cat\/escolametllers\/?p=9370"},"modified":"2022-09-24T14:09:38","modified_gmt":"2022-09-24T12:09:38","slug":"activitat-dexpressio-oral","status":"publish","type":"post","link":"https:\/\/agora.xtec.cat\/escolametllers\/infantil\/activitat-dexpressio-oral\/","title":{"rendered":"ACTIVITAT D&#8217;EXPRESSI\u00d3 ORAL"},"content":{"rendered":"<p>Durant el 2n i 3r trimestres tots els alumnes d\u2019EI3 i EI4 han fet la seva exposici\u00f3 oral. Els d\u2019EI3 ens han explicat les fotos de la seva cartolina i els d\u2019EI4 el seu conte preferit, que havien preparat tamb\u00e9 pr\u00e8viament a casa.<\/p>\n<p>Moltes gr\u00e0cies, mares i pares, pel vostre esfor\u00e7 i suport a l\u2019hora de preparar les activitats d\u2019expressi\u00f3 oral dels vostres fills i filles!<\/p>\n<p>Amb aquest tipus d\u2019activitats aconseguim que poc a poc els infants vagin guanyant confian\u00e7a i seguretat a l\u2019hora de parlar davant dels companys i, alhora, vagin perdent la timidesa i la por a fer-ho. A m\u00e9s, s\u00f3n activitats que ens ajuden a treballar els h\u00e0bits que cal tenir presents quan escoltem a alg\u00fa que ens est\u00e0 explicant coses (mirar als ulls de qui ens parla, seure b\u00e9, escoltar amb atenci\u00f3, aixecar la m\u00e0 si volem fer una pregunta&#8230;)<\/p>\n<p>Des d\u2019aqu\u00ed felicitem a tots els Mics per la feina fet i us convidem a compartir amb ells les fotos seg\u00fcents&#8230;<\/p>\n<p><a href=\"https:\/\/photos.app.goo.gl\/Bx4HF3Fx1q2w2pLq9\"><img loading=\"lazy\" decoding=\"async\" class=\"alignnone wp-image-9371\" src=\"https:\/\/agora.xtec.cat\/escolametllers\/wp-content\/uploads\/usu1580\/2022\/06\/20220524_094528-1024x768.jpg\" alt=\"\" width=\"524\" height=\"393\" srcset=\"https:\/\/agora.xtec.cat\/escolametllers\/wp-content\/uploads\/usu1580\/2022\/06\/20220524_094528-1024x768.jpg 1024w, https:\/\/agora.xtec.cat\/escolametllers\/wp-content\/uploads\/usu1580\/2022\/06\/20220524_094528-300x225.jpg 300w, https:\/\/agora.xtec.cat\/escolametllers\/wp-content\/uploads\/usu1580\/2022\/06\/20220524_094528-768x576.jpg 768w, https:\/\/agora.xtec.cat\/escolametllers\/wp-content\/uploads\/usu1580\/2022\/06\/20220524_094528-200x150.jpg 200w, https:\/\/agora.xtec.cat\/escolametllers\/wp-content\/uploads\/usu1580\/2022\/06\/20220524_094528.jpg 1152w\" sizes=\"auto, (max-width: 524px) 100vw, 524px\" \/><\/a><\/p>\n","protected":false},"excerpt":{"rendered":"<p>Durant el 2n i 3r trimestres tots els alumnes d\u2019EI3 i EI4 han fet la seva exposici\u00f3 oral. Els d\u2019EI3 ens han explicat les fotos de la seva cartolina i els d\u2019EI4 el seu conte preferit, que havien preparat tamb\u00e9 pr\u00e8viament a casa. Moltes gr\u00e0cies, mares i pares, pel vostre esfor\u00e7 i suport a l\u2019hora [&hellip;]<\/p>\n","protected":false},"author":1,"featured_media":0,"comment_status":"open","ping_status":"closed","sticky":false,"template":"","format":"standard","meta":{"_bbp_topic_count":0,"_bbp_reply_count":0,"_bbp_total_topic_count":0,"_bbp_total_reply_count":0,"_bbp_voice_count":0,"_bbp_anonymous_reply_count":0,"_bbp_topic_count_hidden":0,"_bbp_reply_count_hidden":0,"_bbp_forum_subforum_count":0,"site-sidebar-layout":"default","site-content-layout":"","ast-site-content-layout":"","site-content-style":"default","site-sidebar-style":"default","ast-global-header-display":"","ast-banner-title-visibility":"","ast-main-header-display":"","ast-hfb-above-header-display":"","ast-hfb-below-header-display":"","ast-hfb-mobile-header-display":"","site-post-title":"","ast-breadcrumbs-content":"","ast-featured-img":"","footer-sml-layout":"","theme-transparent-header-meta":"","adv-header-id-meta":"","stick-header-meta":"","header-above-stick-meta":"","header-main-stick-meta":"","header-below-stick-meta":"","astra-migrate-meta-layouts":"default","ast-page-background-enabled":"default","ast-page-background-meta":{"desktop":{"background-color":"var(--ast-global-color-4)","background-image":"","background-repeat":"repeat","background-position":"center center","background-size":"auto","background-attachment":"scroll","background-type":"","background-media":"","overlay-type":"","overlay-color":"","overlay-opacity":"","overlay-gradient":""},"tablet":{"background-color":"","background-image":"","background-repeat":"repeat","background-position":"center center","background-size":"auto","background-attachment":"scroll","background-type":"","background-media":"","overlay-type":"","overlay-color":"","overlay-opacity":"","overlay-gradient":""},"mobile":{"background-color":"","background-image":"","background-repeat":"repeat","background-position":"center center","background-size":"auto","background-attachment":"scroll","background-type":"","background-media":"","overlay-type":"","overlay-color":"","overlay-opacity":"","overlay-gradient":""}},"ast-content-background-meta":{"desktop":{"background-color":"var(--ast-global-color-5)","background-image":"","background-repeat":"repeat","background-position":"center center","background-size":"auto","background-attachment":"scroll","background-type":"","background-media":"","overlay-type":"","overlay-color":"","overlay-opacity":"","overlay-gradient":""},"tablet":{"background-color":"var(--ast-global-color-5)","background-image":"","background-repeat":"repeat","background-position":"center center","background-size":"auto","background-attachment":"scroll","background-type":"","background-media":"","overlay-type":"","overlay-color":"","overlay-opacity":"","overlay-gradient":""},"mobile":{"background-color":"var(--ast-global-color-5)","background-image":"","background-repeat":"repeat","background-position":"center center","background-size":"auto","background-attachment":"scroll","background-type":"","background-media":"","overlay-type":"","overlay-color":"","overlay-opacity":"","overlay-gradient":""}},"footnotes":""},"categories":[176,8,2],"tags":[212],"class_list":["post-9370","post","type-post","status-publish","format-standard","hentry","category-21-22","category-eic","category-infantil","tag-llengua"],"post_mailing_queue_ids":[],"_links":{"self":[{"href":"https:\/\/agora.xtec.cat\/escolametllers\/wp-json\/wp\/v2\/posts\/9370","targetHints":{"allow":["GET"]}}],"collection":[{"href":"https:\/\/agora.xtec.cat\/escolametllers\/wp-json\/wp\/v2\/posts"}],"about":[{"href":"https:\/\/agora.xtec.cat\/escolametllers\/wp-json\/wp\/v2\/types\/post"}],"author":[{"embeddable":true,"href":"https:\/\/agora.xtec.cat\/escolametllers\/wp-json\/wp\/v2\/users\/1"}],"replies":[{"embeddable":true,"href":"https:\/\/agora.xtec.cat\/escolametllers\/wp-json\/wp\/v2\/comments?post=9370"}],"version-history":[{"count":1,"href":"https:\/\/agora.xtec.cat\/escolametllers\/wp-json\/wp\/v2\/posts\/9370\/revisions"}],"predecessor-version":[{"id":9372,"href":"https:\/\/agora.xtec.cat\/escolametllers\/wp-json\/wp\/v2\/posts\/9370\/revisions\/9372"}],"wp:attachment":[{"href":"https:\/\/agora.xtec.cat\/escolametllers\/wp-json\/wp\/v2\/media?parent=9370"}],"wp:term":[{"taxonomy":"category","embeddable":true,"href":"https:\/\/agora.xtec.cat\/escolametllers\/wp-json\/wp\/v2\/categories?post=9370"},{"taxonomy":"post_tag","embeddable":true,"href":"https:\/\/agora.xtec.cat\/escolametllers\/wp-json\/wp\/v2\/tags?post=9370"}],"curies":[{"name":"wp","href":"https:\/\/api.w.org\/{rel}","templated":true}]}}