{"id":9061,"date":"2022-05-04T12:21:16","date_gmt":"2022-05-04T10:21:16","guid":{"rendered":"https:\/\/agora.xtec.cat\/escolametllers\/?p=9061"},"modified":"2022-09-20T19:18:29","modified_gmt":"2022-09-20T17:18:29","slug":"celebrem-sant-jordi","status":"publish","type":"post","link":"https:\/\/agora.xtec.cat\/escolametllers\/infantil\/celebrem-sant-jordi\/","title":{"rendered":"CELEBREM SANT JORDI"},"content":{"rendered":"<p>Com cada any, tots els alumnes de l\u2019escola hem celebrat la Diada de Sant Jordi fent diferents activitats. Uns dies abans de Sant Jordi els d\u2019Educaci\u00f3 Infantil vam inventar-nos un conte i vam fer una petita manualitat. A la classe del Mic vam crear uns dracs molt bonics amb tubs de paper de v\u00e0ter. S\u00f3n uns dracs molt especials: quan bufes per dins el tub, el foc que treuen per la boca es belluga.<\/p>\n<p>Pel que fa al nostre conte inventat, porta per t\u00edtol<strong><em>: LA FADA I L\u2019UNICORN<\/em><\/strong><em>. <\/em>El proc\u00e9s de creaci\u00f3 del conte va ser una mica llarg perqu\u00e8 primer vam proposar molts personatges que ens agradaven i despr\u00e9s vam haver de votar els que finalment vol\u00edem que sortissin al conte. Un cop triats els dos personatges m\u00e9s votats, la hist\u00f2ria va anar sortint com si res. Tots an\u00e0vem fent propostes i entre tots decid\u00edem si ens agradava o no. Uns quants de nosaltres vam demostrar tenir molta imaginaci\u00f3 i ser molt creatius i al final ens va sortir un conte molt divertit! Quan ja vam tenir la hist\u00f2ria, un altre dia vam fer el fons amb aquarel\u00b7les i <em>Playcolors<\/em> (cadasc\u00fa va pintar el seu full) i en un altre moment vam fer els dibuixos. D\u2019aquesta manera cadasc\u00fa va poder il\u00b7lustrar el seu conte.<\/p>\n<p>Aquests contes inventats i els dracs que vam fer els vam exposar al vest\u00edbul de Prim\u00e0ria, junt amb tots els treballs de Sant Jordi de la resta d\u2019alumnes de l\u2019escola. <strong>El dijous 28 al mat\u00ed vam anar per torns a veure l\u2019exposici\u00f3. <\/strong>Tot el que hi vam veure ens va agradar molt!<\/p>\n<p>Altres activitats que vam fer, relacionades tamb\u00e9 amb la celebraci\u00f3 de Sant Jordi, van ser:<\/p>\n<ul>\n<li><strong>Dia 20 d\u2019abril<\/strong>: Vam gaudir de la representaci\u00f3 de la Llegenda de Sant Jordi que ens van venir a fer a l\u2019escola el <strong>Servei Ocupacional d\u2019Ampans<\/strong> de Sant Joan de Vilatorrada. Ens va agradar molt i, a m\u00e9s, ens van regalar un titella de pal d\u2019algun dels personatges que sortia a la llegenda.<\/li>\n<li><strong>Dia 22 d\u2019abril<\/strong>: Vam anar a comprar contes a la paradeta de roses i llibres que va fer l\u2019<strong>AMPA<\/strong> davant la nostra escola.<\/li>\n<li><strong>Dia 28 d\u2019abril<\/strong>: A la tarda vam fer una petita <em>festa<\/em> al pati dels grans. Tots els alumnes de l\u2019escola vam trobar-nos per ballar el <strong>Galop,<\/strong> tot movent el nostre mocador blanc. La festa es va acabar <strong>ballant una sardana<\/strong><\/li>\n<li><strong>Dia 29 d\u2019abril<\/strong>: Vam anar al gimn\u00e0s dels grans a veure la representaci\u00f3 de la Llegenda de Sant Jordi que van fer els alumnes d\u2019EI5 de la nostra escola. Ens va agradar molt\u00edssim!<\/li>\n<\/ul>\n<p>Aqu\u00ed us deixem un recull de fotos de tot plegat&#8230;<\/p>\n<p><a href=\"https:\/\/photos.app.goo.gl\/qWQpZzp2HiB4fmqFA\"><img loading=\"lazy\" decoding=\"async\" class=\"alignnone wp-image-9062\" src=\"https:\/\/agora.xtec.cat\/escolametllers\/wp-content\/uploads\/usu1580\/2022\/05\/20220422_100100-1024x768.jpg\" alt=\"\" width=\"726\" height=\"545\" srcset=\"https:\/\/agora.xtec.cat\/escolametllers\/wp-content\/uploads\/usu1580\/2022\/05\/20220422_100100-1024x768.jpg 1024w, https:\/\/agora.xtec.cat\/escolametllers\/wp-content\/uploads\/usu1580\/2022\/05\/20220422_100100-300x225.jpg 300w, https:\/\/agora.xtec.cat\/escolametllers\/wp-content\/uploads\/usu1580\/2022\/05\/20220422_100100-768x576.jpg 768w, https:\/\/agora.xtec.cat\/escolametllers\/wp-content\/uploads\/usu1580\/2022\/05\/20220422_100100-200x150.jpg 200w, https:\/\/agora.xtec.cat\/escolametllers\/wp-content\/uploads\/usu1580\/2022\/05\/20220422_100100.jpg 1152w\" sizes=\"auto, (max-width: 726px) 100vw, 726px\" \/><\/a><\/p>\n","protected":false},"excerpt":{"rendered":"<p>Com cada any, tots els alumnes de l\u2019escola hem celebrat la Diada de Sant Jordi fent diferents activitats. Uns dies abans de Sant Jordi els d\u2019Educaci\u00f3 Infantil vam inventar-nos un conte i vam fer una petita manualitat. A la classe del Mic vam crear uns dracs molt bonics amb tubs de paper de v\u00e0ter. S\u00f3n [&hellip;]<\/p>\n","protected":false},"author":1,"featured_media":0,"comment_status":"open","ping_status":"closed","sticky":false,"template":"","format":"standard","meta":{"_bbp_topic_count":0,"_bbp_reply_count":0,"_bbp_total_topic_count":0,"_bbp_total_reply_count":0,"_bbp_voice_count":0,"_bbp_anonymous_reply_count":0,"_bbp_topic_count_hidden":0,"_bbp_reply_count_hidden":0,"_bbp_forum_subforum_count":0,"site-sidebar-layout":"default","site-content-layout":"","ast-site-content-layout":"","site-content-style":"default","site-sidebar-style":"default","ast-global-header-display":"","ast-banner-title-visibility":"","ast-main-header-display":"","ast-hfb-above-header-display":"","ast-hfb-below-header-display":"","ast-hfb-mobile-header-display":"","site-post-title":"","ast-breadcrumbs-content":"","ast-featured-img":"","footer-sml-layout":"","theme-transparent-header-meta":"","adv-header-id-meta":"","stick-header-meta":"","header-above-stick-meta":"","header-main-stick-meta":"","header-below-stick-meta":"","astra-migrate-meta-layouts":"default","ast-page-background-enabled":"default","ast-page-background-meta":{"desktop":{"background-color":"var(--ast-global-color-4)","background-image":"","background-repeat":"repeat","background-position":"center center","background-size":"auto","background-attachment":"scroll","background-type":"","background-media":"","overlay-type":"","overlay-color":"","overlay-opacity":"","overlay-gradient":""},"tablet":{"background-color":"","background-image":"","background-repeat":"repeat","background-position":"center center","background-size":"auto","background-attachment":"scroll","background-type":"","background-media":"","overlay-type":"","overlay-color":"","overlay-opacity":"","overlay-gradient":""},"mobile":{"background-color":"","background-image":"","background-repeat":"repeat","background-position":"center center","background-size":"auto","background-attachment":"scroll","background-type":"","background-media":"","overlay-type":"","overlay-color":"","overlay-opacity":"","overlay-gradient":""}},"ast-content-background-meta":{"desktop":{"background-color":"var(--ast-global-color-5)","background-image":"","background-repeat":"repeat","background-position":"center center","background-size":"auto","background-attachment":"scroll","background-type":"","background-media":"","overlay-type":"","overlay-color":"","overlay-opacity":"","overlay-gradient":""},"tablet":{"background-color":"var(--ast-global-color-5)","background-image":"","background-repeat":"repeat","background-position":"center center","background-size":"auto","background-attachment":"scroll","background-type":"","background-media":"","overlay-type":"","overlay-color":"","overlay-opacity":"","overlay-gradient":""},"mobile":{"background-color":"var(--ast-global-color-5)","background-image":"","background-repeat":"repeat","background-position":"center center","background-size":"auto","background-attachment":"scroll","background-type":"","background-media":"","overlay-type":"","overlay-color":"","overlay-opacity":"","overlay-gradient":""}},"footnotes":""},"categories":[176,8,2],"tags":[242],"class_list":["post-9061","post","type-post","status-publish","format-standard","hentry","category-21-22","category-eic","category-infantil","tag-sant-jordi"],"post_mailing_queue_ids":[],"_links":{"self":[{"href":"https:\/\/agora.xtec.cat\/escolametllers\/wp-json\/wp\/v2\/posts\/9061","targetHints":{"allow":["GET"]}}],"collection":[{"href":"https:\/\/agora.xtec.cat\/escolametllers\/wp-json\/wp\/v2\/posts"}],"about":[{"href":"https:\/\/agora.xtec.cat\/escolametllers\/wp-json\/wp\/v2\/types\/post"}],"author":[{"embeddable":true,"href":"https:\/\/agora.xtec.cat\/escolametllers\/wp-json\/wp\/v2\/users\/1"}],"replies":[{"embeddable":true,"href":"https:\/\/agora.xtec.cat\/escolametllers\/wp-json\/wp\/v2\/comments?post=9061"}],"version-history":[{"count":1,"href":"https:\/\/agora.xtec.cat\/escolametllers\/wp-json\/wp\/v2\/posts\/9061\/revisions"}],"predecessor-version":[{"id":9063,"href":"https:\/\/agora.xtec.cat\/escolametllers\/wp-json\/wp\/v2\/posts\/9061\/revisions\/9063"}],"wp:attachment":[{"href":"https:\/\/agora.xtec.cat\/escolametllers\/wp-json\/wp\/v2\/media?parent=9061"}],"wp:term":[{"taxonomy":"category","embeddable":true,"href":"https:\/\/agora.xtec.cat\/escolametllers\/wp-json\/wp\/v2\/categories?post=9061"},{"taxonomy":"post_tag","embeddable":true,"href":"https:\/\/agora.xtec.cat\/escolametllers\/wp-json\/wp\/v2\/tags?post=9061"}],"curies":[{"name":"wp","href":"https:\/\/api.w.org\/{rel}","templated":true}]}}