{"id":9058,"date":"2022-05-04T11:23:54","date_gmt":"2022-05-04T09:23:54","guid":{"rendered":"https:\/\/agora.xtec.cat\/escolametllers\/?p=9058"},"modified":"2022-05-04T11:23:54","modified_gmt":"2022-05-04T09:23:54","slug":"colonies-a-can-vilalta-5","status":"publish","type":"post","link":"https:\/\/agora.xtec.cat\/escolametllers\/infantil\/colonies-a-can-vilalta-5\/","title":{"rendered":"COL\u00d2NIES A CAN VILALTA"},"content":{"rendered":"<p>Els dies <strong>25 i 26 d\u2019abril<\/strong> els infants d\u2019Educaci\u00f3 Infantil de la nostra escola vam anar de col\u00f2nies a <strong>Can Vilalta<\/strong> (Moi\u00e0).<\/p>\n<p>All\u00e0 vam con\u00e8ixer al m\u00e9s savi de tots els mags, el <strong>Bruixot Tabalot<\/strong>, que ens va ensenyar uns quants secrets que tenia ben guardats.<\/p>\n<p>Alhora vam viure tots plegats molts moments especials de jocs i aventures, vam fer-nos unes varetes m\u00e0giques, vam buscar estrelles, vam gaudir d\u2019un castell de focs, etc. I, sobretot, vam dormir en lliteres, cosa que a gaireb\u00e9 tots ens va fer molt\u00edssima il\u00b7lusi\u00f3.<\/p>\n<p>Estem contents d\u2019haver pogut anar de col\u00f2nies, ja que amb els nostres amics i amigues vam poder compartir grans emocions i viv\u00e8ncies que segurament no oblidarem mai.<\/p>\n<p>Aquest \u00e9s el recull de fotos d\u2019aquells dos dies tan especials&#8230;<\/p>\n<p>&nbsp;<\/p>\n<p><a href=\"https:\/\/photos.app.goo.gl\/QJ2EsH53dJKQAZyu8\"><img loading=\"lazy\" decoding=\"async\" class=\"alignnone  wp-image-9059\" src=\"https:\/\/agora.xtec.cat\/escolametllers\/wp-content\/uploads\/usu1580\/2022\/05\/20220425_111129-1024x768.jpg\" alt=\"\" width=\"738\" height=\"554\" srcset=\"https:\/\/agora.xtec.cat\/escolametllers\/wp-content\/uploads\/usu1580\/2022\/05\/20220425_111129-1024x768.jpg 1024w, https:\/\/agora.xtec.cat\/escolametllers\/wp-content\/uploads\/usu1580\/2022\/05\/20220425_111129-300x225.jpg 300w, https:\/\/agora.xtec.cat\/escolametllers\/wp-content\/uploads\/usu1580\/2022\/05\/20220425_111129-768x576.jpg 768w, https:\/\/agora.xtec.cat\/escolametllers\/wp-content\/uploads\/usu1580\/2022\/05\/20220425_111129-200x150.jpg 200w, https:\/\/agora.xtec.cat\/escolametllers\/wp-content\/uploads\/usu1580\/2022\/05\/20220425_111129.jpg 1152w\" sizes=\"auto, (max-width: 738px) 100vw, 738px\" \/><\/a><\/p>\n","protected":false},"excerpt":{"rendered":"<p>Els dies 25 i 26 d\u2019abril els infants d\u2019Educaci\u00f3 Infantil de la nostra escola vam anar de col\u00f2nies a Can Vilalta (Moi\u00e0). All\u00e0 vam con\u00e8ixer al m\u00e9s savi de tots els mags, el Bruixot Tabalot, que ens va ensenyar uns quants secrets que tenia ben guardats. Alhora vam viure tots plegats molts moments especials de [&hellip;]<\/p>\n","protected":false},"author":1,"featured_media":0,"comment_status":"open","ping_status":"closed","sticky":false,"template":"","format":"standard","meta":{"_bbp_topic_count":0,"_bbp_reply_count":0,"_bbp_total_topic_count":0,"_bbp_total_reply_count":0,"_bbp_voice_count":0,"_bbp_anonymous_reply_count":0,"_bbp_topic_count_hidden":0,"_bbp_reply_count_hidden":0,"_bbp_forum_subforum_count":0,"site-sidebar-layout":"default","site-content-layout":"","ast-site-content-layout":"","site-content-style":"default","site-sidebar-style":"default","ast-global-header-display":"","ast-banner-title-visibility":"","ast-main-header-display":"","ast-hfb-above-header-display":"","ast-hfb-below-header-display":"","ast-hfb-mobile-header-display":"","site-post-title":"","ast-breadcrumbs-content":"","ast-featured-img":"","footer-sml-layout":"","theme-transparent-header-meta":"","adv-header-id-meta":"","stick-header-meta":"","header-above-stick-meta":"","header-main-stick-meta":"","header-below-stick-meta":"","astra-migrate-meta-layouts":"default","ast-page-background-enabled":"default","ast-page-background-meta":{"desktop":{"background-color":"var(--ast-global-color-4)","background-image":"","background-repeat":"repeat","background-position":"center center","background-size":"auto","background-attachment":"scroll","background-type":"","background-media":"","overlay-type":"","overlay-color":"","overlay-opacity":"","overlay-gradient":""},"tablet":{"background-color":"","background-image":"","background-repeat":"repeat","background-position":"center center","background-size":"auto","background-attachment":"scroll","background-type":"","background-media":"","overlay-type":"","overlay-color":"","overlay-opacity":"","overlay-gradient":""},"mobile":{"background-color":"","background-image":"","background-repeat":"repeat","background-position":"center center","background-size":"auto","background-attachment":"scroll","background-type":"","background-media":"","overlay-type":"","overlay-color":"","overlay-opacity":"","overlay-gradient":""}},"ast-content-background-meta":{"desktop":{"background-color":"var(--ast-global-color-5)","background-image":"","background-repeat":"repeat","background-position":"center center","background-size":"auto","background-attachment":"scroll","background-type":"","background-media":"","overlay-type":"","overlay-color":"","overlay-opacity":"","overlay-gradient":""},"tablet":{"background-color":"var(--ast-global-color-5)","background-image":"","background-repeat":"repeat","background-position":"center center","background-size":"auto","background-attachment":"scroll","background-type":"","background-media":"","overlay-type":"","overlay-color":"","overlay-opacity":"","overlay-gradient":""},"mobile":{"background-color":"var(--ast-global-color-5)","background-image":"","background-repeat":"repeat","background-position":"center center","background-size":"auto","background-attachment":"scroll","background-type":"","background-media":"","overlay-type":"","overlay-color":"","overlay-opacity":"","overlay-gradient":""}},"footnotes":""},"categories":[176,8,2],"tags":[121],"class_list":["post-9058","post","type-post","status-publish","format-standard","hentry","category-21-22","category-eic","category-infantil","tag-colonies"],"post_mailing_queue_ids":[],"_links":{"self":[{"href":"https:\/\/agora.xtec.cat\/escolametllers\/wp-json\/wp\/v2\/posts\/9058","targetHints":{"allow":["GET"]}}],"collection":[{"href":"https:\/\/agora.xtec.cat\/escolametllers\/wp-json\/wp\/v2\/posts"}],"about":[{"href":"https:\/\/agora.xtec.cat\/escolametllers\/wp-json\/wp\/v2\/types\/post"}],"author":[{"embeddable":true,"href":"https:\/\/agora.xtec.cat\/escolametllers\/wp-json\/wp\/v2\/users\/1"}],"replies":[{"embeddable":true,"href":"https:\/\/agora.xtec.cat\/escolametllers\/wp-json\/wp\/v2\/comments?post=9058"}],"version-history":[{"count":1,"href":"https:\/\/agora.xtec.cat\/escolametllers\/wp-json\/wp\/v2\/posts\/9058\/revisions"}],"predecessor-version":[{"id":9060,"href":"https:\/\/agora.xtec.cat\/escolametllers\/wp-json\/wp\/v2\/posts\/9058\/revisions\/9060"}],"wp:attachment":[{"href":"https:\/\/agora.xtec.cat\/escolametllers\/wp-json\/wp\/v2\/media?parent=9058"}],"wp:term":[{"taxonomy":"category","embeddable":true,"href":"https:\/\/agora.xtec.cat\/escolametllers\/wp-json\/wp\/v2\/categories?post=9058"},{"taxonomy":"post_tag","embeddable":true,"href":"https:\/\/agora.xtec.cat\/escolametllers\/wp-json\/wp\/v2\/tags?post=9058"}],"curies":[{"name":"wp","href":"https:\/\/api.w.org\/{rel}","templated":true}]}}