{"id":9035,"date":"2022-05-03T12:00:06","date_gmt":"2022-05-03T10:00:06","guid":{"rendered":"https:\/\/agora.xtec.cat\/escolametllers\/?p=9035"},"modified":"2022-05-03T12:00:06","modified_gmt":"2022-05-03T10:00:06","slug":"sant-jordi-2022-6","status":"publish","type":"post","link":"https:\/\/agora.xtec.cat\/escolametllers\/infantil\/sant-jordi-2022-6\/","title":{"rendered":"SANT JORDI 2022"},"content":{"rendered":"<p>La classe de la FROZEN aquest any per celebrar ST. JORDI ens vam inventar un conte entre tots i totes: &#8220;LA PRINCESA GRANOTA&#8221;. Vam dibuixar els personatges i els vam enganxar en un full on haviem fet una t\u00e8cnica d&#8217;art amb escuma i colorant alimentari per fer el fons. Com a manualitat vam fer una rosa de gomma eva que anava enrotllada a una c\u00e0psula de caf\u00e8. I tant el conte com la manualitat la vam exposar al vest\u00edbul.<\/p>\n<p>Vam anar a veure la paradeta de St. Jordi que l&#8217;Ampa va posar amb llibres a l&#8217;entrada de l&#8217;escola. Vam escollir el conte: &#8220;AIRE&#8221;<\/p>\n<p>Tamb\u00e9, pels volts del dia de St Jordi, ens van venir a visitar uns quants nois i noies d&#8217;Ampans, que ens van portar uns titelles de la Llegenda de St Jordi per pintar i despr\u00e9s ens van fer la representaci\u00f3 del conte a l&#8217;aula de psicomotricitat. Ho van fer molt i molt b\u00e9 !!! <em>(Podeu veure les fotos a instagram)<\/em><\/p>\n<p style=\"text-align: left;\">Vam ballar el Galop i la Sardana juntament amb la resta de nens i nenes de l&#8217;escola.<\/p>\n<p>I per acabar-ho de celebrar, els nens i nenes d&#8217;EI5 ens van representar la Llegenda de St Jordi i a tots i totes ens van emocionar!!!<\/p>\n<p style=\"text-align: center;\"><a href=\"https:\/\/photos.app.goo.gl\/LYQsYhzXqAeJAp3S6\"><img loading=\"lazy\" decoding=\"async\" class=\"alignnone wp-image-9037 size-full\" src=\"https:\/\/agora.xtec.cat\/escolametllers\/wp-content\/uploads\/usu1580\/2022\/05\/IMG_5793-1-rotated-e1651571853858.jpg\" alt=\"\" width=\"448\" height=\"336\" srcset=\"https:\/\/agora.xtec.cat\/escolametllers\/wp-content\/uploads\/usu1580\/2022\/05\/IMG_5793-1-rotated-e1651571853858.jpg 448w, https:\/\/agora.xtec.cat\/escolametllers\/wp-content\/uploads\/usu1580\/2022\/05\/IMG_5793-1-rotated-e1651571853858-300x225.jpg 300w, https:\/\/agora.xtec.cat\/escolametllers\/wp-content\/uploads\/usu1580\/2022\/05\/IMG_5793-1-rotated-e1651571853858-200x150.jpg 200w\" sizes=\"auto, (max-width: 448px) 100vw, 448px\" \/><\/a><\/p>\n","protected":false},"excerpt":{"rendered":"<p>La classe de la FROZEN aquest any per celebrar ST. JORDI ens vam inventar un conte entre tots i totes: &#8220;LA PRINCESA GRANOTA&#8221;. Vam dibuixar els personatges i els vam enganxar en un full on haviem fet una t\u00e8cnica d&#8217;art amb escuma i colorant alimentari per fer el fons. Com a manualitat vam fer una [&hellip;]<\/p>\n","protected":false},"author":1,"featured_media":0,"comment_status":"open","ping_status":"closed","sticky":false,"template":"","format":"standard","meta":{"_bbp_topic_count":0,"_bbp_reply_count":0,"_bbp_total_topic_count":0,"_bbp_total_reply_count":0,"_bbp_voice_count":0,"_bbp_anonymous_reply_count":0,"_bbp_topic_count_hidden":0,"_bbp_reply_count_hidden":0,"_bbp_forum_subforum_count":0,"site-sidebar-layout":"default","site-content-layout":"","ast-site-content-layout":"","site-content-style":"default","site-sidebar-style":"default","ast-global-header-display":"","ast-banner-title-visibility":"","ast-main-header-display":"","ast-hfb-above-header-display":"","ast-hfb-below-header-display":"","ast-hfb-mobile-header-display":"","site-post-title":"","ast-breadcrumbs-content":"","ast-featured-img":"","footer-sml-layout":"","theme-transparent-header-meta":"","adv-header-id-meta":"","stick-header-meta":"","header-above-stick-meta":"","header-main-stick-meta":"","header-below-stick-meta":"","astra-migrate-meta-layouts":"default","ast-page-background-enabled":"default","ast-page-background-meta":{"desktop":{"background-color":"var(--ast-global-color-4)","background-image":"","background-repeat":"repeat","background-position":"center center","background-size":"auto","background-attachment":"scroll","background-type":"","background-media":"","overlay-type":"","overlay-color":"","overlay-opacity":"","overlay-gradient":""},"tablet":{"background-color":"","background-image":"","background-repeat":"repeat","background-position":"center center","background-size":"auto","background-attachment":"scroll","background-type":"","background-media":"","overlay-type":"","overlay-color":"","overlay-opacity":"","overlay-gradient":""},"mobile":{"background-color":"","background-image":"","background-repeat":"repeat","background-position":"center center","background-size":"auto","background-attachment":"scroll","background-type":"","background-media":"","overlay-type":"","overlay-color":"","overlay-opacity":"","overlay-gradient":""}},"ast-content-background-meta":{"desktop":{"background-color":"var(--ast-global-color-5)","background-image":"","background-repeat":"repeat","background-position":"center center","background-size":"auto","background-attachment":"scroll","background-type":"","background-media":"","overlay-type":"","overlay-color":"","overlay-opacity":"","overlay-gradient":""},"tablet":{"background-color":"var(--ast-global-color-5)","background-image":"","background-repeat":"repeat","background-position":"center center","background-size":"auto","background-attachment":"scroll","background-type":"","background-media":"","overlay-type":"","overlay-color":"","overlay-opacity":"","overlay-gradient":""},"mobile":{"background-color":"var(--ast-global-color-5)","background-image":"","background-repeat":"repeat","background-position":"center center","background-size":"auto","background-attachment":"scroll","background-type":"","background-media":"","overlay-type":"","overlay-color":"","overlay-opacity":"","overlay-gradient":""}},"footnotes":""},"categories":[176,2,3],"tags":[242],"class_list":["post-9035","post","type-post","status-publish","format-standard","hentry","category-21-22","category-infantil","category-prom17a","tag-sant-jordi"],"post_mailing_queue_ids":[],"_links":{"self":[{"href":"https:\/\/agora.xtec.cat\/escolametllers\/wp-json\/wp\/v2\/posts\/9035","targetHints":{"allow":["GET"]}}],"collection":[{"href":"https:\/\/agora.xtec.cat\/escolametllers\/wp-json\/wp\/v2\/posts"}],"about":[{"href":"https:\/\/agora.xtec.cat\/escolametllers\/wp-json\/wp\/v2\/types\/post"}],"author":[{"embeddable":true,"href":"https:\/\/agora.xtec.cat\/escolametllers\/wp-json\/wp\/v2\/users\/1"}],"replies":[{"embeddable":true,"href":"https:\/\/agora.xtec.cat\/escolametllers\/wp-json\/wp\/v2\/comments?post=9035"}],"version-history":[{"count":1,"href":"https:\/\/agora.xtec.cat\/escolametllers\/wp-json\/wp\/v2\/posts\/9035\/revisions"}],"predecessor-version":[{"id":9039,"href":"https:\/\/agora.xtec.cat\/escolametllers\/wp-json\/wp\/v2\/posts\/9035\/revisions\/9039"}],"wp:attachment":[{"href":"https:\/\/agora.xtec.cat\/escolametllers\/wp-json\/wp\/v2\/media?parent=9035"}],"wp:term":[{"taxonomy":"category","embeddable":true,"href":"https:\/\/agora.xtec.cat\/escolametllers\/wp-json\/wp\/v2\/categories?post=9035"},{"taxonomy":"post_tag","embeddable":true,"href":"https:\/\/agora.xtec.cat\/escolametllers\/wp-json\/wp\/v2\/tags?post=9035"}],"curies":[{"name":"wp","href":"https:\/\/api.w.org\/{rel}","templated":true}]}}