{"id":9014,"date":"2022-05-02T12:10:56","date_gmt":"2022-05-02T10:10:56","guid":{"rendered":"https:\/\/agora.xtec.cat\/escolametllers\/?p=9014"},"modified":"2022-09-24T15:07:58","modified_gmt":"2022-09-24T13:07:58","slug":"caramelles-3","status":"publish","type":"post","link":"https:\/\/agora.xtec.cat\/escolametllers\/infantil\/caramelles-3\/","title":{"rendered":"CARAMELLES"},"content":{"rendered":"<p>El dia 8 d\u2019abril al mat\u00ed tots els infants d\u2019Educaci\u00f3 Infantil vam sortir de l\u2019escola per cantar les <strong>Caramelles. <\/strong>En primer lloc vam cantar-les a les escales de l\u2019esgl\u00e9sia, despr\u00e9s a les grades del Parc Catalunya i finalment davant del centre que l\u2019Associaci\u00f3 AMPANS t\u00e9 a Sant Joan de Vilatorrada.<\/p>\n<p>Est\u00e0vem tots una mica nerviosos i el fet de veure tanta gent a alguns ens va imposar molt, per\u00f2 vam cantar amb ganes i ens van sortir unes caramelles ben llu\u00efdes!<\/p>\n<p>Tamb\u00e9 ens va agradar molt posar-nos la <strong>barretina<\/strong> al cap. F\u00e8iem molta <em>patxoca!<\/em><\/p>\n<p>Ens va venir a veure molta gent: mares i pares, avis i \u00e0vies, &#8230; i tothom ens va felicitar.<\/p>\n<p>A la tarda, al pati dels grans, vam gaudir de les danses de Caramelles que s\u2019havien preparat totes les classes de Prim\u00e0ria. Ens van agradar molt!\u00a0 I de nou tamb\u00e9 vam cantar les nostres Caramelles, ja que tots els alumnes de Prim\u00e0ria de l\u2019escola encara no les havien sentit.<\/p>\n<p>Fou un \u00faltim dia de trimestre molt atape\u00eft per\u00f2 el vam gaudir de ple.<\/p>\n<p>Aqu\u00ed us deixem un recull de fotos d\u2019aquella jornada.<\/p>\n<p><a href=\"https:\/\/photos.app.goo.gl\/XtXw2HJJKn4PjeLZ8\"><img loading=\"lazy\" decoding=\"async\" class=\"alignnone wp-image-9015\" src=\"https:\/\/agora.xtec.cat\/escolametllers\/wp-content\/uploads\/usu1580\/2022\/05\/20220408_105001-1024x768.jpg\" alt=\"\" width=\"560\" height=\"420\" srcset=\"https:\/\/agora.xtec.cat\/escolametllers\/wp-content\/uploads\/usu1580\/2022\/05\/20220408_105001-1024x768.jpg 1024w, https:\/\/agora.xtec.cat\/escolametllers\/wp-content\/uploads\/usu1580\/2022\/05\/20220408_105001-300x225.jpg 300w, https:\/\/agora.xtec.cat\/escolametllers\/wp-content\/uploads\/usu1580\/2022\/05\/20220408_105001-768x576.jpg 768w, https:\/\/agora.xtec.cat\/escolametllers\/wp-content\/uploads\/usu1580\/2022\/05\/20220408_105001-200x150.jpg 200w, https:\/\/agora.xtec.cat\/escolametllers\/wp-content\/uploads\/usu1580\/2022\/05\/20220408_105001.jpg 1152w\" sizes=\"auto, (max-width: 560px) 100vw, 560px\" \/><\/a><\/p>\n","protected":false},"excerpt":{"rendered":"<p>El dia 8 d\u2019abril al mat\u00ed tots els infants d\u2019Educaci\u00f3 Infantil vam sortir de l\u2019escola per cantar les Caramelles. En primer lloc vam cantar-les a les escales de l\u2019esgl\u00e9sia, despr\u00e9s a les grades del Parc Catalunya i finalment davant del centre que l\u2019Associaci\u00f3 AMPANS t\u00e9 a Sant Joan de Vilatorrada. Est\u00e0vem tots una mica nerviosos [&hellip;]<\/p>\n","protected":false},"author":1,"featured_media":0,"comment_status":"open","ping_status":"closed","sticky":false,"template":"","format":"standard","meta":{"_bbp_topic_count":0,"_bbp_reply_count":0,"_bbp_total_topic_count":0,"_bbp_total_reply_count":0,"_bbp_voice_count":0,"_bbp_anonymous_reply_count":0,"_bbp_topic_count_hidden":0,"_bbp_reply_count_hidden":0,"_bbp_forum_subforum_count":0,"site-sidebar-layout":"default","site-content-layout":"","ast-site-content-layout":"","site-content-style":"default","site-sidebar-style":"default","ast-global-header-display":"","ast-banner-title-visibility":"","ast-main-header-display":"","ast-hfb-above-header-display":"","ast-hfb-below-header-display":"","ast-hfb-mobile-header-display":"","site-post-title":"","ast-breadcrumbs-content":"","ast-featured-img":"","footer-sml-layout":"","theme-transparent-header-meta":"","adv-header-id-meta":"","stick-header-meta":"","header-above-stick-meta":"","header-main-stick-meta":"","header-below-stick-meta":"","astra-migrate-meta-layouts":"default","ast-page-background-enabled":"default","ast-page-background-meta":{"desktop":{"background-color":"var(--ast-global-color-4)","background-image":"","background-repeat":"repeat","background-position":"center center","background-size":"auto","background-attachment":"scroll","background-type":"","background-media":"","overlay-type":"","overlay-color":"","overlay-opacity":"","overlay-gradient":""},"tablet":{"background-color":"","background-image":"","background-repeat":"repeat","background-position":"center center","background-size":"auto","background-attachment":"scroll","background-type":"","background-media":"","overlay-type":"","overlay-color":"","overlay-opacity":"","overlay-gradient":""},"mobile":{"background-color":"","background-image":"","background-repeat":"repeat","background-position":"center center","background-size":"auto","background-attachment":"scroll","background-type":"","background-media":"","overlay-type":"","overlay-color":"","overlay-opacity":"","overlay-gradient":""}},"ast-content-background-meta":{"desktop":{"background-color":"var(--ast-global-color-5)","background-image":"","background-repeat":"repeat","background-position":"center center","background-size":"auto","background-attachment":"scroll","background-type":"","background-media":"","overlay-type":"","overlay-color":"","overlay-opacity":"","overlay-gradient":""},"tablet":{"background-color":"var(--ast-global-color-5)","background-image":"","background-repeat":"repeat","background-position":"center center","background-size":"auto","background-attachment":"scroll","background-type":"","background-media":"","overlay-type":"","overlay-color":"","overlay-opacity":"","overlay-gradient":""},"mobile":{"background-color":"var(--ast-global-color-5)","background-image":"","background-repeat":"repeat","background-position":"center center","background-size":"auto","background-attachment":"scroll","background-type":"","background-media":"","overlay-type":"","overlay-color":"","overlay-opacity":"","overlay-gradient":""}},"footnotes":""},"categories":[176,8,2],"tags":[241],"class_list":["post-9014","post","type-post","status-publish","format-standard","hentry","category-21-22","category-eic","category-infantil","tag-caramelles"],"post_mailing_queue_ids":[],"_links":{"self":[{"href":"https:\/\/agora.xtec.cat\/escolametllers\/wp-json\/wp\/v2\/posts\/9014","targetHints":{"allow":["GET"]}}],"collection":[{"href":"https:\/\/agora.xtec.cat\/escolametllers\/wp-json\/wp\/v2\/posts"}],"about":[{"href":"https:\/\/agora.xtec.cat\/escolametllers\/wp-json\/wp\/v2\/types\/post"}],"author":[{"embeddable":true,"href":"https:\/\/agora.xtec.cat\/escolametllers\/wp-json\/wp\/v2\/users\/1"}],"replies":[{"embeddable":true,"href":"https:\/\/agora.xtec.cat\/escolametllers\/wp-json\/wp\/v2\/comments?post=9014"}],"version-history":[{"count":1,"href":"https:\/\/agora.xtec.cat\/escolametllers\/wp-json\/wp\/v2\/posts\/9014\/revisions"}],"predecessor-version":[{"id":9016,"href":"https:\/\/agora.xtec.cat\/escolametllers\/wp-json\/wp\/v2\/posts\/9014\/revisions\/9016"}],"wp:attachment":[{"href":"https:\/\/agora.xtec.cat\/escolametllers\/wp-json\/wp\/v2\/media?parent=9014"}],"wp:term":[{"taxonomy":"category","embeddable":true,"href":"https:\/\/agora.xtec.cat\/escolametllers\/wp-json\/wp\/v2\/categories?post=9014"},{"taxonomy":"post_tag","embeddable":true,"href":"https:\/\/agora.xtec.cat\/escolametllers\/wp-json\/wp\/v2\/tags?post=9014"}],"curies":[{"name":"wp","href":"https:\/\/api.w.org\/{rel}","templated":true}]}}