{"id":9004,"date":"2022-05-02T10:00:22","date_gmt":"2022-05-02T08:00:22","guid":{"rendered":"https:\/\/agora.xtec.cat\/escolametllers\/?p=9004"},"modified":"2022-09-24T15:11:49","modified_gmt":"2022-09-24T13:11:49","slug":"fem-germinar-ametlles","status":"publish","type":"post","link":"https:\/\/agora.xtec.cat\/escolametllers\/infantil\/fem-germinar-ametlles\/","title":{"rendered":"FEM GERMINAR AMETLLES"},"content":{"rendered":"<p>A mitjans del mes de febrer vam posar ametlles embolicades en paper de cuina, amb la intenci\u00f3 de fer-les germinar. Vam mullar el paper de cuina, vam embolicar-hi 5 ametlles i finalment vam embolicar el <em>paquetet <\/em>amb paper d\u2019alumini, perqu\u00e8 es mantingu\u00e9s millor la humitat. Despr\u00e9s vam ficar-ho dins la nevera que tenim al menjador de l\u2019escola i cada dilluns an\u00e0vem a controlar si hi havia algun canvi.<\/p>\n<p>Al cap de dues setmanes algunes ametlles ja van comen\u00e7ar a germinar, cosa que ens va fer molta il\u00b7lusi\u00f3. De les 5 que vam posar-hi, ens en van germinar 4 (la cinquena creiem que se\u2019ns va <em>espatllar <\/em>una mica quan vam treure-la de la closca i des del principi ja tenia un aspecte molt lleig). Al final, de les 4 que ens van germinar, vam poder aprofitar-ne nom\u00e9s 3, ja que alg\u00fa de la classe va trencar la quarta per la meitat.<\/p>\n<p>Aleshores, quan els brots de les 3 ametlles ja eren una mica llargs, vam plantar-les per separat en diferents testos. Entre tots vam posar-hi terra, vam regar i vam decidir posar les torretes damunt un moble que tenim just al darrera de les finestres de la classe (aix\u00ed tindrien m\u00e9s claror). Les vam continuar regant de manera peri\u00f2dica i poc a poc vam poder ser testimonis de com creixien de r\u00e0pid els nostres ametllers, sobretot dos. Quina il\u00b7lusi\u00f3! I <em>que r\u00e0pid que creixen! <\/em>diuen els infants<em>.<\/em><\/p>\n<p>De moment els seguim cuidant a l\u2019aula per\u00f2 algun dia haurem de decidir on els volem plantar, si al bosc o al pati de la nostra escola&#8230;<\/p>\n<p>Aqu\u00ed us deixem el recull de fotos del proc\u00e9s de germinaci\u00f3 i plantaci\u00f3 dels nostres ametllers.<\/p>\n<p><a href=\"https:\/\/photos.app.goo.gl\/U42E44jEWXznk3ye6\"><img loading=\"lazy\" decoding=\"async\" class=\"alignnone wp-image-9005\" src=\"https:\/\/agora.xtec.cat\/escolametllers\/wp-content\/uploads\/usu1580\/2022\/05\/20220309_120112-1024x768.jpg\" alt=\"\" width=\"555\" height=\"416\" srcset=\"https:\/\/agora.xtec.cat\/escolametllers\/wp-content\/uploads\/usu1580\/2022\/05\/20220309_120112-1024x768.jpg 1024w, https:\/\/agora.xtec.cat\/escolametllers\/wp-content\/uploads\/usu1580\/2022\/05\/20220309_120112-300x225.jpg 300w, https:\/\/agora.xtec.cat\/escolametllers\/wp-content\/uploads\/usu1580\/2022\/05\/20220309_120112-768x576.jpg 768w, https:\/\/agora.xtec.cat\/escolametllers\/wp-content\/uploads\/usu1580\/2022\/05\/20220309_120112-200x150.jpg 200w, https:\/\/agora.xtec.cat\/escolametllers\/wp-content\/uploads\/usu1580\/2022\/05\/20220309_120112.jpg 1152w\" sizes=\"auto, (max-width: 555px) 100vw, 555px\" \/><\/a><\/p>\n","protected":false},"excerpt":{"rendered":"<p>A mitjans del mes de febrer vam posar ametlles embolicades en paper de cuina, amb la intenci\u00f3 de fer-les germinar. Vam mullar el paper de cuina, vam embolicar-hi 5 ametlles i finalment vam embolicar el paquetet amb paper d\u2019alumini, perqu\u00e8 es mantingu\u00e9s millor la humitat. Despr\u00e9s vam ficar-ho dins la nevera que tenim al menjador [&hellip;]<\/p>\n","protected":false},"author":1,"featured_media":0,"comment_status":"open","ping_status":"closed","sticky":false,"template":"","format":"standard","meta":{"_bbp_topic_count":0,"_bbp_reply_count":0,"_bbp_total_topic_count":0,"_bbp_total_reply_count":0,"_bbp_voice_count":0,"_bbp_anonymous_reply_count":0,"_bbp_topic_count_hidden":0,"_bbp_reply_count_hidden":0,"_bbp_forum_subforum_count":0,"site-sidebar-layout":"default","site-content-layout":"","ast-site-content-layout":"","site-content-style":"default","site-sidebar-style":"default","ast-global-header-display":"","ast-banner-title-visibility":"","ast-main-header-display":"","ast-hfb-above-header-display":"","ast-hfb-below-header-display":"","ast-hfb-mobile-header-display":"","site-post-title":"","ast-breadcrumbs-content":"","ast-featured-img":"","footer-sml-layout":"","theme-transparent-header-meta":"","adv-header-id-meta":"","stick-header-meta":"","header-above-stick-meta":"","header-main-stick-meta":"","header-below-stick-meta":"","astra-migrate-meta-layouts":"default","ast-page-background-enabled":"default","ast-page-background-meta":{"desktop":{"background-color":"var(--ast-global-color-4)","background-image":"","background-repeat":"repeat","background-position":"center center","background-size":"auto","background-attachment":"scroll","background-type":"","background-media":"","overlay-type":"","overlay-color":"","overlay-opacity":"","overlay-gradient":""},"tablet":{"background-color":"","background-image":"","background-repeat":"repeat","background-position":"center center","background-size":"auto","background-attachment":"scroll","background-type":"","background-media":"","overlay-type":"","overlay-color":"","overlay-opacity":"","overlay-gradient":""},"mobile":{"background-color":"","background-image":"","background-repeat":"repeat","background-position":"center center","background-size":"auto","background-attachment":"scroll","background-type":"","background-media":"","overlay-type":"","overlay-color":"","overlay-opacity":"","overlay-gradient":""}},"ast-content-background-meta":{"desktop":{"background-color":"var(--ast-global-color-5)","background-image":"","background-repeat":"repeat","background-position":"center center","background-size":"auto","background-attachment":"scroll","background-type":"","background-media":"","overlay-type":"","overlay-color":"","overlay-opacity":"","overlay-gradient":""},"tablet":{"background-color":"var(--ast-global-color-5)","background-image":"","background-repeat":"repeat","background-position":"center center","background-size":"auto","background-attachment":"scroll","background-type":"","background-media":"","overlay-type":"","overlay-color":"","overlay-opacity":"","overlay-gradient":""},"mobile":{"background-color":"var(--ast-global-color-5)","background-image":"","background-repeat":"repeat","background-position":"center center","background-size":"auto","background-attachment":"scroll","background-type":"","background-media":"","overlay-type":"","overlay-color":"","overlay-opacity":"","overlay-gradient":""}},"footnotes":""},"categories":[176,8,2],"tags":[204],"class_list":["post-9004","post","type-post","status-publish","format-standard","hentry","category-21-22","category-eic","category-infantil","tag-projectes"],"post_mailing_queue_ids":[],"_links":{"self":[{"href":"https:\/\/agora.xtec.cat\/escolametllers\/wp-json\/wp\/v2\/posts\/9004","targetHints":{"allow":["GET"]}}],"collection":[{"href":"https:\/\/agora.xtec.cat\/escolametllers\/wp-json\/wp\/v2\/posts"}],"about":[{"href":"https:\/\/agora.xtec.cat\/escolametllers\/wp-json\/wp\/v2\/types\/post"}],"author":[{"embeddable":true,"href":"https:\/\/agora.xtec.cat\/escolametllers\/wp-json\/wp\/v2\/users\/1"}],"replies":[{"embeddable":true,"href":"https:\/\/agora.xtec.cat\/escolametllers\/wp-json\/wp\/v2\/comments?post=9004"}],"version-history":[{"count":1,"href":"https:\/\/agora.xtec.cat\/escolametllers\/wp-json\/wp\/v2\/posts\/9004\/revisions"}],"predecessor-version":[{"id":9006,"href":"https:\/\/agora.xtec.cat\/escolametllers\/wp-json\/wp\/v2\/posts\/9004\/revisions\/9006"}],"wp:attachment":[{"href":"https:\/\/agora.xtec.cat\/escolametllers\/wp-json\/wp\/v2\/media?parent=9004"}],"wp:term":[{"taxonomy":"category","embeddable":true,"href":"https:\/\/agora.xtec.cat\/escolametllers\/wp-json\/wp\/v2\/categories?post=9004"},{"taxonomy":"post_tag","embeddable":true,"href":"https:\/\/agora.xtec.cat\/escolametllers\/wp-json\/wp\/v2\/tags?post=9004"}],"curies":[{"name":"wp","href":"https:\/\/api.w.org\/{rel}","templated":true}]}}