{"id":8999,"date":"2022-05-01T19:39:46","date_gmt":"2022-05-01T17:39:46","guid":{"rendered":"https:\/\/agora.xtec.cat\/escolametllers\/?p=8999"},"modified":"2022-09-24T15:11:55","modified_gmt":"2022-09-24T13:11:55","slug":"sant-jordi","status":"publish","type":"post","link":"https:\/\/agora.xtec.cat\/escolametllers\/primaria\/prom14a\/sant-jordi\/","title":{"rendered":"Sant Jordi"},"content":{"rendered":"<p>Hem celebrat Sant Jordi!<\/p>\n<p>Vam comen\u00e7ar el divendres 22 d&#8217;abril visitant la parada de llibres que vam muntar a l&#8217;escola l&#8217;AFA, vam comprar un llibre titulat &#8220;El Llu\u00eds i l&#8217;alzina&#8221;.<\/p>\n<p>Els racons d&#8217;aquest mes d&#8217;abril eren de Sant Jordi.<\/p>\n<p>Durant aquesta setmana hem fet activitats per commemorar aquest dia. Manualitats amb la tem\u00e0tica de Sant Jordi i la creaci\u00f3 de cal\u00b7ligrames i la seva decoraci\u00f3. Totes les creacions les hem exposat al vest\u00edbul de l&#8217;escola, i tot l&#8217;alumnat l&#8217;ha pogut gaudir. Nosaltres tamb\u00e9 hem visitat totes les creacions de les altres classes. Ens han agradat molt!<\/p>\n<p>El dijous a la tarda hem fet el Galop i hem ballat una sardana.<\/p>\n<p>Per concloure la celebraci\u00f3 de la diada , hem vist la representaci\u00f3 de la llegenda de Sant Jordi de les nenes i nens d&#8217;EI5.<\/p>\n<p><a href=\"https:\/\/photos.app.goo.gl\/o4GSvDusrsbcGNnr5\"><img loading=\"lazy\" decoding=\"async\" class=\"aligncenter\" src=\"https:\/\/lh3.googleusercontent.com\/CTHJXCDFgSh8KTqcGDbTzYyIUpmoz22fqDKkAxd9SFu7rGMEEjBD7Z1mTis4-z2dLCWP8P5ISGzUuFozt-o9j0Kl1Lb4pedhjycMIz6sWPdhxnLIEZ-_lg-urw8gI2djZ7Jh_spdyR1-cNGwGd8rSehu-W2m_tTkO8swToTt4HCuaMG0mr7MFM1SWLjy0Ttt2-76dlxFQWVfVVYPN781ar8ThlE8HVlI-qyiMNf0jb2sriGmQMNsstFxvn4ERk1CHw-56SJvZMPIVaJg0caEd-NpjB7TZR_ml7X-QbUEwMKwEeYQew95RQxhbSgLArB98WbWHiU4jFiaTcmuNzNzZHX_3KeRKoktvLNKev4pr78dEhCoNh1ppMeugjDI_4LCXfRNv4MXzpElMiVtDDiuLCqRMNIqbv91BWpSUp7J61eXLwySYDlYq6N_myyNi1KyFAR3eyOAa5u2DMnH7qUouayiWRPDF6r-_7cwK7AGXdbo8PCsB6lXIIyMpfDHUj9hOpyU-4AsEFDzwi6dCYGy_OjPA9PCPEJBdoJiSvjgpgHUK7gDxQUS4BtGlRjZ3TsJn-WDY6g0L1i8YcTX2G7EU7uPbLdD6Bcld659ygavXI_hRoXd3ytQ3x-_1OhiJ9-Foa4qH9HbZTc4QBvG36yojLrO-NQfch5Nb-y6kSYOMvb--1-sT2i7xZnKLd7yacoDUBxg7IjJc1dECcTEA4U7rbO07UAMU_ySXuS5ETYFtPbBXdCZ2asdVzWAQ3ZYQw=s480-no?authuser=0\" width=\"342\" height=\"342\" \/><\/a><\/p>\n","protected":false},"excerpt":{"rendered":"<p>Hem celebrat Sant Jordi! Vam comen\u00e7ar el divendres 22 d&#8217;abril visitant la parada de llibres que vam muntar a l&#8217;escola l&#8217;AFA, vam comprar un llibre titulat &#8220;El Llu\u00eds i l&#8217;alzina&#8221;. Els racons d&#8217;aquest mes d&#8217;abril eren de Sant Jordi. Durant aquesta setmana hem fet activitats per commemorar aquest dia. Manualitats amb la tem\u00e0tica de Sant [&hellip;]<\/p>\n","protected":false},"author":1,"featured_media":0,"comment_status":"open","ping_status":"closed","sticky":false,"template":"","format":"standard","meta":{"_bbp_topic_count":0,"_bbp_reply_count":0,"_bbp_total_topic_count":0,"_bbp_total_reply_count":0,"_bbp_voice_count":0,"_bbp_anonymous_reply_count":0,"_bbp_topic_count_hidden":0,"_bbp_reply_count_hidden":0,"_bbp_forum_subforum_count":0,"site-sidebar-layout":"default","site-content-layout":"","ast-site-content-layout":"","site-content-style":"default","site-sidebar-style":"default","ast-global-header-display":"","ast-banner-title-visibility":"","ast-main-header-display":"","ast-hfb-above-header-display":"","ast-hfb-below-header-display":"","ast-hfb-mobile-header-display":"","site-post-title":"","ast-breadcrumbs-content":"","ast-featured-img":"","footer-sml-layout":"","theme-transparent-header-meta":"","adv-header-id-meta":"","stick-header-meta":"","header-above-stick-meta":"","header-main-stick-meta":"","header-below-stick-meta":"","astra-migrate-meta-layouts":"default","ast-page-background-enabled":"default","ast-page-background-meta":{"desktop":{"background-color":"var(--ast-global-color-4)","background-image":"","background-repeat":"repeat","background-position":"center center","background-size":"auto","background-attachment":"scroll","background-type":"","background-media":"","overlay-type":"","overlay-color":"","overlay-opacity":"","overlay-gradient":""},"tablet":{"background-color":"","background-image":"","background-repeat":"repeat","background-position":"center center","background-size":"auto","background-attachment":"scroll","background-type":"","background-media":"","overlay-type":"","overlay-color":"","overlay-opacity":"","overlay-gradient":""},"mobile":{"background-color":"","background-image":"","background-repeat":"repeat","background-position":"center center","background-size":"auto","background-attachment":"scroll","background-type":"","background-media":"","overlay-type":"","overlay-color":"","overlay-opacity":"","overlay-gradient":""}},"ast-content-background-meta":{"desktop":{"background-color":"var(--ast-global-color-5)","background-image":"","background-repeat":"repeat","background-position":"center center","background-size":"auto","background-attachment":"scroll","background-type":"","background-media":"","overlay-type":"","overlay-color":"","overlay-opacity":"","overlay-gradient":""},"tablet":{"background-color":"var(--ast-global-color-5)","background-image":"","background-repeat":"repeat","background-position":"center center","background-size":"auto","background-attachment":"scroll","background-type":"","background-media":"","overlay-type":"","overlay-color":"","overlay-opacity":"","overlay-gradient":""},"mobile":{"background-color":"var(--ast-global-color-5)","background-image":"","background-repeat":"repeat","background-position":"center center","background-size":"auto","background-attachment":"scroll","background-type":"","background-media":"","overlay-type":"","overlay-color":"","overlay-opacity":"","overlay-gradient":""}},"footnotes":""},"categories":[176,11],"tags":[242],"class_list":["post-8999","post","type-post","status-publish","format-standard","hentry","category-21-22","category-prom14a","tag-sant-jordi"],"post_mailing_queue_ids":[],"_links":{"self":[{"href":"https:\/\/agora.xtec.cat\/escolametllers\/wp-json\/wp\/v2\/posts\/8999","targetHints":{"allow":["GET"]}}],"collection":[{"href":"https:\/\/agora.xtec.cat\/escolametllers\/wp-json\/wp\/v2\/posts"}],"about":[{"href":"https:\/\/agora.xtec.cat\/escolametllers\/wp-json\/wp\/v2\/types\/post"}],"author":[{"embeddable":true,"href":"https:\/\/agora.xtec.cat\/escolametllers\/wp-json\/wp\/v2\/users\/1"}],"replies":[{"embeddable":true,"href":"https:\/\/agora.xtec.cat\/escolametllers\/wp-json\/wp\/v2\/comments?post=8999"}],"version-history":[{"count":2,"href":"https:\/\/agora.xtec.cat\/escolametllers\/wp-json\/wp\/v2\/posts\/8999\/revisions"}],"predecessor-version":[{"id":9001,"href":"https:\/\/agora.xtec.cat\/escolametllers\/wp-json\/wp\/v2\/posts\/8999\/revisions\/9001"}],"wp:attachment":[{"href":"https:\/\/agora.xtec.cat\/escolametllers\/wp-json\/wp\/v2\/media?parent=8999"}],"wp:term":[{"taxonomy":"category","embeddable":true,"href":"https:\/\/agora.xtec.cat\/escolametllers\/wp-json\/wp\/v2\/categories?post=8999"},{"taxonomy":"post_tag","embeddable":true,"href":"https:\/\/agora.xtec.cat\/escolametllers\/wp-json\/wp\/v2\/tags?post=8999"}],"curies":[{"name":"wp","href":"https:\/\/api.w.org\/{rel}","templated":true}]}}