{"id":8818,"date":"2022-04-08T18:07:47","date_gmt":"2022-04-08T16:07:47","guid":{"rendered":"https:\/\/agora.xtec.cat\/escolametllers\/?p=8818"},"modified":"2022-09-24T15:02:05","modified_gmt":"2022-09-24T13:02:05","slug":"racons-2on-trimestre","status":"publish","type":"post","link":"https:\/\/agora.xtec.cat\/escolametllers\/infantil\/racons-2on-trimestre\/","title":{"rendered":"RACONS 2on TRIMESTRE"},"content":{"rendered":"<p>Cada trimestre anem ampliant els racons de llengua i de mates amb propostes originals, manipulatives i divertides que desperten en els nens i nenes la curiositat i la motivaci\u00f3. Amb el treball per racons\u00a0 afavorim l&#8217;autonomia personal i l&#8217;aprenentatge significatiu. El nen i la nena \u00e9s el protagonista del seu aprenentatge tenint sempre en compte l&#8217;atenci\u00f3 individualitzada i els diferents ritmes d&#8217;aprenentatge. I aqu\u00ed teniu un petit recull de les diferents propostes.<\/p>\n<p><a href=\"https:\/\/photos.app.goo.gl\/zAQE1QidrQFjsUXw7\"><img loading=\"lazy\" decoding=\"async\" class=\"aligncenter\" src=\"https:\/\/lh3.googleusercontent.com\/UNXA5S81jGzDQgEKbFEULpuKH03JQdoCIf8Bciju0E2OtqGCM_RaiFcvPykrfz9r2jmzOC4KskvnBqfG2xr-m6met8l7H1dkhRBWLzvP0ujyX12a8OnR5Ju1cONqe0wlU2GAnOWp0YU-lnkhOVprN-J1arElWUkF1kddkU_tqK3UWXjqwxGqMTDm-VQ01pqItVTHs5P70ZIOyJmXVgVMHPgoXUjJgtBJdQL4uAFwtN01J8l2DPNOLGpZnH-RTmKzFcmNmwrT3EuYsjlEn3idQg5yKTLidBfAVWEPbJyjUDi0HoQIbup0uqJHraOI0i528u6KfNhT-q0HnyJzc1pd8cYHBw1LzfcDFsO1XDGWgTV2zuqNTvCAvmdx9e59kWlJ1n_I683uzqQFkNvasp9BVAaGPm9wtiW0mW1Z5aKQbqqqH_vQLUskLrsYnL90tE3LtbRNHon1Dop_h5RvwR8o2iFFOoFmfqLvc5m94w3afMsOskqegG_xxNK-AYhacG0qU1kLCTTI0DdvBN6rQRW3kXxmPGl_lfKAkWfwkTFNp9_ID7uC2eJJTWR2rs3ZcLKBd3RJKCKrhkijsYfCbzvvFxSIcMgeTta5c6SM6T3jM60KIZfHm7arUP7mEg5GAaD0RRTOcZSbA31P8EdxGxnA6fWAWIPejIyTgxBBuhV0-PxrUAvaoDqUN1W-otx5_jFm2oNH_yGUno7g0Q64Nd709FvABLKqgwrZMk_mqKk9xtlhO7p2Nzt_QDzf0Qj2j6q-0A17DzV7UFcEcRaNy-mZqYgR1l5Loy3-4bD2=w876-h657-no?authuser=1\" width=\"303\" height=\"228\" \/><\/a><\/p>\n","protected":false},"excerpt":{"rendered":"<p>Cada trimestre anem ampliant els racons de llengua i de mates amb propostes originals, manipulatives i divertides que desperten en els nens i nenes la curiositat i la motivaci\u00f3. Amb el treball per racons\u00a0 afavorim l&#8217;autonomia personal i l&#8217;aprenentatge significatiu. El nen i la nena \u00e9s el protagonista del seu aprenentatge tenint sempre en compte [&hellip;]<\/p>\n","protected":false},"author":78,"featured_media":0,"comment_status":"open","ping_status":"closed","sticky":false,"template":"","format":"standard","meta":{"_bbp_topic_count":0,"_bbp_reply_count":0,"_bbp_total_topic_count":0,"_bbp_total_reply_count":0,"_bbp_voice_count":0,"_bbp_anonymous_reply_count":0,"_bbp_topic_count_hidden":0,"_bbp_reply_count_hidden":0,"_bbp_forum_subforum_count":0,"site-sidebar-layout":"default","site-content-layout":"","ast-site-content-layout":"","site-content-style":"default","site-sidebar-style":"default","ast-global-header-display":"","ast-banner-title-visibility":"","ast-main-header-display":"","ast-hfb-above-header-display":"","ast-hfb-below-header-display":"","ast-hfb-mobile-header-display":"","site-post-title":"","ast-breadcrumbs-content":"","ast-featured-img":"","footer-sml-layout":"","theme-transparent-header-meta":"","adv-header-id-meta":"","stick-header-meta":"","header-above-stick-meta":"","header-main-stick-meta":"","header-below-stick-meta":"","astra-migrate-meta-layouts":"default","ast-page-background-enabled":"default","ast-page-background-meta":{"desktop":{"background-color":"var(--ast-global-color-4)","background-image":"","background-repeat":"repeat","background-position":"center center","background-size":"auto","background-attachment":"scroll","background-type":"","background-media":"","overlay-type":"","overlay-color":"","overlay-opacity":"","overlay-gradient":""},"tablet":{"background-color":"","background-image":"","background-repeat":"repeat","background-position":"center center","background-size":"auto","background-attachment":"scroll","background-type":"","background-media":"","overlay-type":"","overlay-color":"","overlay-opacity":"","overlay-gradient":""},"mobile":{"background-color":"","background-image":"","background-repeat":"repeat","background-position":"center center","background-size":"auto","background-attachment":"scroll","background-type":"","background-media":"","overlay-type":"","overlay-color":"","overlay-opacity":"","overlay-gradient":""}},"ast-content-background-meta":{"desktop":{"background-color":"var(--ast-global-color-5)","background-image":"","background-repeat":"repeat","background-position":"center center","background-size":"auto","background-attachment":"scroll","background-type":"","background-media":"","overlay-type":"","overlay-color":"","overlay-opacity":"","overlay-gradient":""},"tablet":{"background-color":"var(--ast-global-color-5)","background-image":"","background-repeat":"repeat","background-position":"center center","background-size":"auto","background-attachment":"scroll","background-type":"","background-media":"","overlay-type":"","overlay-color":"","overlay-opacity":"","overlay-gradient":""},"mobile":{"background-color":"var(--ast-global-color-5)","background-image":"","background-repeat":"repeat","background-position":"center center","background-size":"auto","background-attachment":"scroll","background-type":"","background-media":"","overlay-type":"","overlay-color":"","overlay-opacity":"","overlay-gradient":""}},"footnotes":""},"categories":[176,2,71],"tags":[158],"class_list":["post-8818","post","type-post","status-publish","format-standard","hentry","category-21-22","category-infantil","category-prom16b","tag-racons"],"post_mailing_queue_ids":[],"_links":{"self":[{"href":"https:\/\/agora.xtec.cat\/escolametllers\/wp-json\/wp\/v2\/posts\/8818","targetHints":{"allow":["GET"]}}],"collection":[{"href":"https:\/\/agora.xtec.cat\/escolametllers\/wp-json\/wp\/v2\/posts"}],"about":[{"href":"https:\/\/agora.xtec.cat\/escolametllers\/wp-json\/wp\/v2\/types\/post"}],"author":[{"embeddable":true,"href":"https:\/\/agora.xtec.cat\/escolametllers\/wp-json\/wp\/v2\/users\/78"}],"replies":[{"embeddable":true,"href":"https:\/\/agora.xtec.cat\/escolametllers\/wp-json\/wp\/v2\/comments?post=8818"}],"version-history":[{"count":3,"href":"https:\/\/agora.xtec.cat\/escolametllers\/wp-json\/wp\/v2\/posts\/8818\/revisions"}],"predecessor-version":[{"id":8828,"href":"https:\/\/agora.xtec.cat\/escolametllers\/wp-json\/wp\/v2\/posts\/8818\/revisions\/8828"}],"wp:attachment":[{"href":"https:\/\/agora.xtec.cat\/escolametllers\/wp-json\/wp\/v2\/media?parent=8818"}],"wp:term":[{"taxonomy":"category","embeddable":true,"href":"https:\/\/agora.xtec.cat\/escolametllers\/wp-json\/wp\/v2\/categories?post=8818"},{"taxonomy":"post_tag","embeddable":true,"href":"https:\/\/agora.xtec.cat\/escolametllers\/wp-json\/wp\/v2\/tags?post=8818"}],"curies":[{"name":"wp","href":"https:\/\/api.w.org\/{rel}","templated":true}]}}