{"id":8758,"date":"2022-04-08T20:29:12","date_gmt":"2022-04-08T18:29:12","guid":{"rendered":"https:\/\/agora.xtec.cat\/escolametllers\/?p=8758"},"modified":"2022-09-20T19:17:44","modified_gmt":"2022-09-20T17:17:44","slug":"caramelles-2022-5","status":"publish","type":"post","link":"https:\/\/agora.xtec.cat\/escolametllers\/infantil\/caramelles-2022-5\/","title":{"rendered":"CARAMELLES 2022"},"content":{"rendered":"<p>Arriben les vacances de Setmana Santa, per\u00f2 abans, a l&#8217;escola els Ametllers, hem fet la tradicional cantada i ballada de Caramelles! Els nens i les nenes de la classes &#8220;Charlie i la F\u00e0brica de Xocolata&#8221; el mat\u00ed del divendres hem pogut tornar a sortir als carrers de Sant Joan de Vilatorrada, a cantar les caramelles per a tots els ve\u00efns i ve\u00efnes del poble, que b\u00e9 que ens ho hem passat! I a la tarda hem fet la tradicional cantada i ballada de Caramelles amb la resta de l&#8217;escola. Us deixem un petit recull de fotografies d&#8217;aquest dia, esperem que en gaudiu molt!<\/p>\n<p>Tamb\u00e9 volem aprofitar per desitjar-vos unes molt bones vacances de Setmana Santa a tots i totes i ens retrobem molt aviat a l&#8217;escola, on us esperarem amb els bra\u00e7os oberts! Que vagi molt b\u00e9 la mona!<\/p>\n<p><a href=\"https:\/\/photos.app.goo.gl\/6S8iMvMzRyzw52DL6\"><img loading=\"lazy\" decoding=\"async\" class=\"alignnone size-full wp-image-9023\" src=\"https:\/\/agora.xtec.cat\/escolametllers\/wp-content\/uploads\/usu1580\/2022\/04\/IMG_7711-copia.jpg\" alt=\"\" width=\"1008\" height=\"756\" srcset=\"https:\/\/agora.xtec.cat\/escolametllers\/wp-content\/uploads\/usu1580\/2022\/04\/IMG_7711-copia.jpg 1008w, https:\/\/agora.xtec.cat\/escolametllers\/wp-content\/uploads\/usu1580\/2022\/04\/IMG_7711-copia-300x225.jpg 300w, https:\/\/agora.xtec.cat\/escolametllers\/wp-content\/uploads\/usu1580\/2022\/04\/IMG_7711-copia-768x576.jpg 768w, https:\/\/agora.xtec.cat\/escolametllers\/wp-content\/uploads\/usu1580\/2022\/04\/IMG_7711-copia-200x150.jpg 200w\" sizes=\"auto, (max-width: 1008px) 100vw, 1008px\" \/><\/a><\/p>\n<p>&nbsp;<\/p>\n","protected":false},"excerpt":{"rendered":"<p>Arriben les vacances de Setmana Santa, per\u00f2 abans, a l&#8217;escola els Ametllers, hem fet la tradicional cantada i ballada de Caramelles! Els nens i les nenes de la classes &#8220;Charlie i la F\u00e0brica de Xocolata&#8221; el mat\u00ed del divendres hem pogut tornar a sortir als carrers de Sant Joan de Vilatorrada, a cantar les caramelles [&hellip;]<\/p>\n","protected":false},"author":1,"featured_media":0,"comment_status":"open","ping_status":"closed","sticky":false,"template":"","format":"standard","meta":{"_bbp_topic_count":0,"_bbp_reply_count":0,"_bbp_total_topic_count":0,"_bbp_total_reply_count":0,"_bbp_voice_count":0,"_bbp_anonymous_reply_count":0,"_bbp_topic_count_hidden":0,"_bbp_reply_count_hidden":0,"_bbp_forum_subforum_count":0,"site-sidebar-layout":"default","site-content-layout":"","ast-site-content-layout":"","site-content-style":"default","site-sidebar-style":"default","ast-global-header-display":"","ast-banner-title-visibility":"","ast-main-header-display":"","ast-hfb-above-header-display":"","ast-hfb-below-header-display":"","ast-hfb-mobile-header-display":"","site-post-title":"","ast-breadcrumbs-content":"","ast-featured-img":"","footer-sml-layout":"","theme-transparent-header-meta":"","adv-header-id-meta":"","stick-header-meta":"","header-above-stick-meta":"","header-main-stick-meta":"","header-below-stick-meta":"","astra-migrate-meta-layouts":"default","ast-page-background-enabled":"default","ast-page-background-meta":{"desktop":{"background-color":"var(--ast-global-color-4)","background-image":"","background-repeat":"repeat","background-position":"center center","background-size":"auto","background-attachment":"scroll","background-type":"","background-media":"","overlay-type":"","overlay-color":"","overlay-opacity":"","overlay-gradient":""},"tablet":{"background-color":"","background-image":"","background-repeat":"repeat","background-position":"center center","background-size":"auto","background-attachment":"scroll","background-type":"","background-media":"","overlay-type":"","overlay-color":"","overlay-opacity":"","overlay-gradient":""},"mobile":{"background-color":"","background-image":"","background-repeat":"repeat","background-position":"center center","background-size":"auto","background-attachment":"scroll","background-type":"","background-media":"","overlay-type":"","overlay-color":"","overlay-opacity":"","overlay-gradient":""}},"ast-content-background-meta":{"desktop":{"background-color":"var(--ast-global-color-5)","background-image":"","background-repeat":"repeat","background-position":"center center","background-size":"auto","background-attachment":"scroll","background-type":"","background-media":"","overlay-type":"","overlay-color":"","overlay-opacity":"","overlay-gradient":""},"tablet":{"background-color":"var(--ast-global-color-5)","background-image":"","background-repeat":"repeat","background-position":"center center","background-size":"auto","background-attachment":"scroll","background-type":"","background-media":"","overlay-type":"","overlay-color":"","overlay-opacity":"","overlay-gradient":""},"mobile":{"background-color":"var(--ast-global-color-5)","background-image":"","background-repeat":"repeat","background-position":"center center","background-size":"auto","background-attachment":"scroll","background-type":"","background-media":"","overlay-type":"","overlay-color":"","overlay-opacity":"","overlay-gradient":""}},"footnotes":""},"categories":[176,2,9],"tags":[241],"class_list":["post-8758","post","type-post","status-publish","format-standard","hentry","category-21-22","category-infantil","category-prom16a","tag-caramelles"],"post_mailing_queue_ids":[],"_links":{"self":[{"href":"https:\/\/agora.xtec.cat\/escolametllers\/wp-json\/wp\/v2\/posts\/8758","targetHints":{"allow":["GET"]}}],"collection":[{"href":"https:\/\/agora.xtec.cat\/escolametllers\/wp-json\/wp\/v2\/posts"}],"about":[{"href":"https:\/\/agora.xtec.cat\/escolametllers\/wp-json\/wp\/v2\/types\/post"}],"author":[{"embeddable":true,"href":"https:\/\/agora.xtec.cat\/escolametllers\/wp-json\/wp\/v2\/users\/1"}],"replies":[{"embeddable":true,"href":"https:\/\/agora.xtec.cat\/escolametllers\/wp-json\/wp\/v2\/comments?post=8758"}],"version-history":[{"count":3,"href":"https:\/\/agora.xtec.cat\/escolametllers\/wp-json\/wp\/v2\/posts\/8758\/revisions"}],"predecessor-version":[{"id":9024,"href":"https:\/\/agora.xtec.cat\/escolametllers\/wp-json\/wp\/v2\/posts\/8758\/revisions\/9024"}],"wp:attachment":[{"href":"https:\/\/agora.xtec.cat\/escolametllers\/wp-json\/wp\/v2\/media?parent=8758"}],"wp:term":[{"taxonomy":"category","embeddable":true,"href":"https:\/\/agora.xtec.cat\/escolametllers\/wp-json\/wp\/v2\/categories?post=8758"},{"taxonomy":"post_tag","embeddable":true,"href":"https:\/\/agora.xtec.cat\/escolametllers\/wp-json\/wp\/v2\/tags?post=8758"}],"curies":[{"name":"wp","href":"https:\/\/api.w.org\/{rel}","templated":true}]}}