{"id":8695,"date":"2022-03-21T10:00:02","date_gmt":"2022-03-21T09:00:02","guid":{"rendered":"https:\/\/agora.xtec.cat\/escolametllers\/?p=8695"},"modified":"2022-09-24T15:17:46","modified_gmt":"2022-09-24T13:17:46","slug":"dibuixem-lametller-florit","status":"publish","type":"post","link":"https:\/\/agora.xtec.cat\/escolametllers\/infantil\/dibuixem-lametller-florit\/","title":{"rendered":"DIBUIXEM L&#8217;AMETLLER FLORIT"},"content":{"rendered":"<p>Ara que l\u2019hivern s\u2019est\u00e0 acabant i que els nens i nenes de la classe del Mic ja som una mica m\u00e9s grans, ens hem atrevit a fer un dibuix al natural d\u2019un arbre que coneixem molt b\u00e9 perqu\u00e8 el veiem cada dia: l\u2019ametller que tenim a l\u2019entrada de l\u2019escola.<\/p>\n<p>A m\u00e9s volem que sapigueu que la nostra escola es diu <strong>\u201cAmetllers\u201d<\/strong> perqu\u00e8 en els terrenys on la van construir n\u2019hi havia molts i, encara ara, la part de sobre de la nostra escola est\u00e0 plena d\u2019aquest tipus d\u2019arbres (la zona on vam anar a celebrar el Dijous Llarder es diu el <strong>Pla dels Ametllers <\/strong>per aquest motiu).<\/p>\n<p>Per dibuixar l\u2019ametller ho hem fet directament amb ceres, mirant de fixar-nos molt b\u00e9 en com era el tronc, les branques, els branquillons, les flors, etc.<\/p>\n<p>Hem hagut d\u2019estar molt atents i concentrats perqu\u00e8 el dibuix al natural no \u00e9s mai f\u00e0cil, per\u00f2 estem contents del resultat.<\/p>\n<p>Mireu, mireu\u2026<\/p>\n<p><a href=\"https:\/\/photos.app.goo.gl\/NpYK9WCLvS7qRtuW8\"><img loading=\"lazy\" decoding=\"async\" class=\"alignnone wp-image-8696\" src=\"https:\/\/agora.xtec.cat\/escolametllers\/wp-content\/uploads\/usu1580\/2022\/03\/20220309_110937-1024x768.jpg\" alt=\"\" width=\"540\" height=\"405\" srcset=\"https:\/\/agora.xtec.cat\/escolametllers\/wp-content\/uploads\/usu1580\/2022\/03\/20220309_110937-1024x768.jpg 1024w, https:\/\/agora.xtec.cat\/escolametllers\/wp-content\/uploads\/usu1580\/2022\/03\/20220309_110937-300x225.jpg 300w, https:\/\/agora.xtec.cat\/escolametllers\/wp-content\/uploads\/usu1580\/2022\/03\/20220309_110937-768x576.jpg 768w, https:\/\/agora.xtec.cat\/escolametllers\/wp-content\/uploads\/usu1580\/2022\/03\/20220309_110937-200x150.jpg 200w, https:\/\/agora.xtec.cat\/escolametllers\/wp-content\/uploads\/usu1580\/2022\/03\/20220309_110937.jpg 1152w\" sizes=\"auto, (max-width: 540px) 100vw, 540px\" \/><\/a><\/p>\n","protected":false},"excerpt":{"rendered":"<p>Ara que l\u2019hivern s\u2019est\u00e0 acabant i que els nens i nenes de la classe del Mic ja som una mica m\u00e9s grans, ens hem atrevit a fer un dibuix al natural d\u2019un arbre que coneixem molt b\u00e9 perqu\u00e8 el veiem cada dia: l\u2019ametller que tenim a l\u2019entrada de l\u2019escola. A m\u00e9s volem que sapigueu que [&hellip;]<\/p>\n","protected":false},"author":1,"featured_media":0,"comment_status":"open","ping_status":"closed","sticky":false,"template":"","format":"standard","meta":{"_bbp_topic_count":0,"_bbp_reply_count":0,"_bbp_total_topic_count":0,"_bbp_total_reply_count":0,"_bbp_voice_count":0,"_bbp_anonymous_reply_count":0,"_bbp_topic_count_hidden":0,"_bbp_reply_count_hidden":0,"_bbp_forum_subforum_count":0,"site-sidebar-layout":"default","site-content-layout":"","ast-site-content-layout":"","site-content-style":"default","site-sidebar-style":"default","ast-global-header-display":"","ast-banner-title-visibility":"","ast-main-header-display":"","ast-hfb-above-header-display":"","ast-hfb-below-header-display":"","ast-hfb-mobile-header-display":"","site-post-title":"","ast-breadcrumbs-content":"","ast-featured-img":"","footer-sml-layout":"","theme-transparent-header-meta":"","adv-header-id-meta":"","stick-header-meta":"","header-above-stick-meta":"","header-main-stick-meta":"","header-below-stick-meta":"","astra-migrate-meta-layouts":"default","ast-page-background-enabled":"default","ast-page-background-meta":{"desktop":{"background-color":"var(--ast-global-color-4)","background-image":"","background-repeat":"repeat","background-position":"center center","background-size":"auto","background-attachment":"scroll","background-type":"","background-media":"","overlay-type":"","overlay-color":"","overlay-opacity":"","overlay-gradient":""},"tablet":{"background-color":"","background-image":"","background-repeat":"repeat","background-position":"center center","background-size":"auto","background-attachment":"scroll","background-type":"","background-media":"","overlay-type":"","overlay-color":"","overlay-opacity":"","overlay-gradient":""},"mobile":{"background-color":"","background-image":"","background-repeat":"repeat","background-position":"center center","background-size":"auto","background-attachment":"scroll","background-type":"","background-media":"","overlay-type":"","overlay-color":"","overlay-opacity":"","overlay-gradient":""}},"ast-content-background-meta":{"desktop":{"background-color":"var(--ast-global-color-5)","background-image":"","background-repeat":"repeat","background-position":"center center","background-size":"auto","background-attachment":"scroll","background-type":"","background-media":"","overlay-type":"","overlay-color":"","overlay-opacity":"","overlay-gradient":""},"tablet":{"background-color":"var(--ast-global-color-5)","background-image":"","background-repeat":"repeat","background-position":"center center","background-size":"auto","background-attachment":"scroll","background-type":"","background-media":"","overlay-type":"","overlay-color":"","overlay-opacity":"","overlay-gradient":""},"mobile":{"background-color":"var(--ast-global-color-5)","background-image":"","background-repeat":"repeat","background-position":"center center","background-size":"auto","background-attachment":"scroll","background-type":"","background-media":"","overlay-type":"","overlay-color":"","overlay-opacity":"","overlay-gradient":""}},"footnotes":""},"categories":[176,8,2],"tags":[17],"class_list":["post-8695","post","type-post","status-publish","format-standard","hentry","category-21-22","category-eic","category-infantil","tag-art"],"post_mailing_queue_ids":[],"_links":{"self":[{"href":"https:\/\/agora.xtec.cat\/escolametllers\/wp-json\/wp\/v2\/posts\/8695","targetHints":{"allow":["GET"]}}],"collection":[{"href":"https:\/\/agora.xtec.cat\/escolametllers\/wp-json\/wp\/v2\/posts"}],"about":[{"href":"https:\/\/agora.xtec.cat\/escolametllers\/wp-json\/wp\/v2\/types\/post"}],"author":[{"embeddable":true,"href":"https:\/\/agora.xtec.cat\/escolametllers\/wp-json\/wp\/v2\/users\/1"}],"replies":[{"embeddable":true,"href":"https:\/\/agora.xtec.cat\/escolametllers\/wp-json\/wp\/v2\/comments?post=8695"}],"version-history":[{"count":1,"href":"https:\/\/agora.xtec.cat\/escolametllers\/wp-json\/wp\/v2\/posts\/8695\/revisions"}],"predecessor-version":[{"id":8697,"href":"https:\/\/agora.xtec.cat\/escolametllers\/wp-json\/wp\/v2\/posts\/8695\/revisions\/8697"}],"wp:attachment":[{"href":"https:\/\/agora.xtec.cat\/escolametllers\/wp-json\/wp\/v2\/media?parent=8695"}],"wp:term":[{"taxonomy":"category","embeddable":true,"href":"https:\/\/agora.xtec.cat\/escolametllers\/wp-json\/wp\/v2\/categories?post=8695"},{"taxonomy":"post_tag","embeddable":true,"href":"https:\/\/agora.xtec.cat\/escolametllers\/wp-json\/wp\/v2\/tags?post=8695"}],"curies":[{"name":"wp","href":"https:\/\/api.w.org\/{rel}","templated":true}]}}