{"id":8624,"date":"2022-03-12T20:58:59","date_gmt":"2022-03-12T19:58:59","guid":{"rendered":"https:\/\/agora.xtec.cat\/escolametllers\/?p=8624"},"modified":"2022-09-24T15:19:02","modified_gmt":"2022-09-24T13:19:02","slug":"sortida-museu-del-cinema","status":"publish","type":"post","link":"https:\/\/agora.xtec.cat\/escolametllers\/portada\/sortida-museu-del-cinema\/","title":{"rendered":"SORTIDA MUSEU DEL CINEMA"},"content":{"rendered":"<p>Els nens i nenes de 4t us volen explicar la sortida al Museu del Cinema. Ens va agradar molt!<\/p>\n<p>&#8221; El 9 de mar\u00e7 vam anar a Girona al Museu del Cinema. Primer vam esmorzar i entrar als lavabos i despr\u00e9s vam con\u00e8ixer a la Mireia i al Pau.<\/p>\n<p>Amb la Mireia vam parlar de l&#8217;animaci\u00f3 i vam con\u00e8ixer l&#8217;Emili. Vam veure un teatre d&#8217;ombres amb dimonis i persones i vam veure imatges pintades sobre vidre. Ens va explicar que els materials poden ser opacs o transl\u00facids. El vidre \u00e9s transl\u00facid i deixa passar la llum, aix\u00ed les imatges tenen color. Els materials opacs no deixen passar la llum i les ombres s\u00f3n negres.<\/p>\n<p>I vam veure el cinemat\u00f2graf!<\/p>\n<p>Tamb\u00e9 vam fer un taller de &#8220;Stop motion&#8221; amb l&#8217;Ari. Vam fer fotos i despr\u00e9s vam fer un v\u00eddeo i semblava que les figures es moguessin. &#8221;<\/p>\n<p><a href=\"https:\/\/photos.app.goo.gl\/Nq3ddcpY75zQ4bsE9\"><img loading=\"lazy\" decoding=\"async\" class=\"alignnone size-large wp-image-8630\" src=\"https:\/\/agora.xtec.cat\/escolametllers\/wp-content\/uploads\/usu1580\/2022\/03\/IMG-20220310-WA0026-2-1024x460.jpg\" alt=\"\" width=\"1024\" height=\"460\" srcset=\"https:\/\/agora.xtec.cat\/escolametllers\/wp-content\/uploads\/usu1580\/2022\/03\/IMG-20220310-WA0026-2-1024x460.jpg 1024w, https:\/\/agora.xtec.cat\/escolametllers\/wp-content\/uploads\/usu1580\/2022\/03\/IMG-20220310-WA0026-2-300x135.jpg 300w, https:\/\/agora.xtec.cat\/escolametllers\/wp-content\/uploads\/usu1580\/2022\/03\/IMG-20220310-WA0026-2-768x345.jpg 768w, https:\/\/agora.xtec.cat\/escolametllers\/wp-content\/uploads\/usu1580\/2022\/03\/IMG-20220310-WA0026-2-1536x689.jpg 1536w, https:\/\/agora.xtec.cat\/escolametllers\/wp-content\/uploads\/usu1580\/2022\/03\/IMG-20220310-WA0026-2.jpg 1600w\" sizes=\"auto, (max-width: 1024px) 100vw, 1024px\" \/><\/a><\/p>\n","protected":false},"excerpt":{"rendered":"<p>Els nens i nenes de 4t us volen explicar la sortida al Museu del Cinema. Ens va agradar molt! &#8221; El 9 de mar\u00e7 vam anar a Girona al Museu del Cinema. Primer vam esmorzar i entrar als lavabos i despr\u00e9s vam con\u00e8ixer a la Mireia i al Pau. Amb la Mireia vam parlar de [&hellip;]<\/p>\n","protected":false},"author":1,"featured_media":0,"comment_status":"open","ping_status":"closed","sticky":false,"template":"","format":"standard","meta":{"_bbp_topic_count":0,"_bbp_reply_count":0,"_bbp_total_topic_count":0,"_bbp_total_reply_count":0,"_bbp_voice_count":0,"_bbp_anonymous_reply_count":0,"_bbp_topic_count_hidden":0,"_bbp_reply_count_hidden":0,"_bbp_forum_subforum_count":0,"site-sidebar-layout":"default","site-content-layout":"","ast-site-content-layout":"","site-content-style":"default","site-sidebar-style":"default","ast-global-header-display":"","ast-banner-title-visibility":"","ast-main-header-display":"","ast-hfb-above-header-display":"","ast-hfb-below-header-display":"","ast-hfb-mobile-header-display":"","site-post-title":"","ast-breadcrumbs-content":"","ast-featured-img":"","footer-sml-layout":"","theme-transparent-header-meta":"","adv-header-id-meta":"","stick-header-meta":"","header-above-stick-meta":"","header-main-stick-meta":"","header-below-stick-meta":"","astra-migrate-meta-layouts":"default","ast-page-background-enabled":"default","ast-page-background-meta":{"desktop":{"background-color":"var(--ast-global-color-4)","background-image":"","background-repeat":"repeat","background-position":"center center","background-size":"auto","background-attachment":"scroll","background-type":"","background-media":"","overlay-type":"","overlay-color":"","overlay-opacity":"","overlay-gradient":""},"tablet":{"background-color":"","background-image":"","background-repeat":"repeat","background-position":"center center","background-size":"auto","background-attachment":"scroll","background-type":"","background-media":"","overlay-type":"","overlay-color":"","overlay-opacity":"","overlay-gradient":""},"mobile":{"background-color":"","background-image":"","background-repeat":"repeat","background-position":"center center","background-size":"auto","background-attachment":"scroll","background-type":"","background-media":"","overlay-type":"","overlay-color":"","overlay-opacity":"","overlay-gradient":""}},"ast-content-background-meta":{"desktop":{"background-color":"var(--ast-global-color-5)","background-image":"","background-repeat":"repeat","background-position":"center center","background-size":"auto","background-attachment":"scroll","background-type":"","background-media":"","overlay-type":"","overlay-color":"","overlay-opacity":"","overlay-gradient":""},"tablet":{"background-color":"var(--ast-global-color-5)","background-image":"","background-repeat":"repeat","background-position":"center center","background-size":"auto","background-attachment":"scroll","background-type":"","background-media":"","overlay-type":"","overlay-color":"","overlay-opacity":"","overlay-gradient":""},"mobile":{"background-color":"var(--ast-global-color-5)","background-image":"","background-repeat":"repeat","background-position":"center center","background-size":"auto","background-attachment":"scroll","background-type":"","background-media":"","overlay-type":"","overlay-color":"","overlay-opacity":"","overlay-gradient":""}},"footnotes":""},"categories":[176,4,5,13,76],"tags":[250,16],"class_list":["post-8624","post","type-post","status-publish","format-standard","hentry","category-21-22","category-portada","category-primaria","category-prom12a","category-prom12b","tag-cine","tag-sortides"],"post_mailing_queue_ids":[],"_links":{"self":[{"href":"https:\/\/agora.xtec.cat\/escolametllers\/wp-json\/wp\/v2\/posts\/8624","targetHints":{"allow":["GET"]}}],"collection":[{"href":"https:\/\/agora.xtec.cat\/escolametllers\/wp-json\/wp\/v2\/posts"}],"about":[{"href":"https:\/\/agora.xtec.cat\/escolametllers\/wp-json\/wp\/v2\/types\/post"}],"author":[{"embeddable":true,"href":"https:\/\/agora.xtec.cat\/escolametllers\/wp-json\/wp\/v2\/users\/1"}],"replies":[{"embeddable":true,"href":"https:\/\/agora.xtec.cat\/escolametllers\/wp-json\/wp\/v2\/comments?post=8624"}],"version-history":[{"count":3,"href":"https:\/\/agora.xtec.cat\/escolametllers\/wp-json\/wp\/v2\/posts\/8624\/revisions"}],"predecessor-version":[{"id":8635,"href":"https:\/\/agora.xtec.cat\/escolametllers\/wp-json\/wp\/v2\/posts\/8624\/revisions\/8635"}],"wp:attachment":[{"href":"https:\/\/agora.xtec.cat\/escolametllers\/wp-json\/wp\/v2\/media?parent=8624"}],"wp:term":[{"taxonomy":"category","embeddable":true,"href":"https:\/\/agora.xtec.cat\/escolametllers\/wp-json\/wp\/v2\/categories?post=8624"},{"taxonomy":"post_tag","embeddable":true,"href":"https:\/\/agora.xtec.cat\/escolametllers\/wp-json\/wp\/v2\/tags?post=8624"}],"curies":[{"name":"wp","href":"https:\/\/api.w.org\/{rel}","templated":true}]}}