{"id":8590,"date":"2022-03-07T20:43:22","date_gmt":"2022-03-07T19:43:22","guid":{"rendered":"https:\/\/agora.xtec.cat\/escolametllers\/?p=8590"},"modified":"2022-09-21T22:23:19","modified_gmt":"2022-09-21T20:23:19","slug":"raco-de-lhivern","status":"publish","type":"post","link":"https:\/\/agora.xtec.cat\/escolametllers\/infantil\/raco-de-lhivern\/","title":{"rendered":"RAC\u00d3 DE L&#8217;HIVERN"},"content":{"rendered":"<p>Tot i que l&#8217;hivern ja fa molts dies que va comen\u00e7ar,\u00a0 durant aquest trimestre hem anat observant els fen\u00f2mens atmosf\u00e8rics que el caracteritzen, hem tingut converses sobre la roba d&#8217;abric i hem repassat el vocabulari referent a aquest tema, hem fet activitats pl\u00e0stiques i tamb\u00e9 hem parlat sobre els colors que s&#8217;anomenen freds i que s\u00f3n els caracter\u00edstics d&#8217;aquesta estaci\u00f3 de l&#8217;any.<\/p>\n<p>Finalment hem muntat el nostre raconet de l&#8217;hivern a la classe.<\/p>\n<p>Hem comen\u00e7at per dibuixar i pintar amb colors freds sobre un paper d&#8217;embalar que ser\u00e0 el que recobrir\u00e0 tota la taula on muntarem el rac\u00f3.<\/p>\n<p>A continuaci\u00f3 hem posat sobre una taula un pilot de materials de tots colors de jocs i peces que tenim a l&#8217;aula i cadasc\u00fa ha escollit qu\u00e8 \u00e9s el que volia posar en el raconet d&#8217;hivern.<\/p>\n<p>&nbsp;<\/p>\n<p><a href=\"https:\/\/photos.app.goo.gl\/oJMrQsgkyprVqxrSA\"><img loading=\"lazy\" decoding=\"async\" class=\"wp-image-8591 alignright\" src=\"https:\/\/agora.xtec.cat\/escolametllers\/wp-content\/uploads\/usu1580\/2022\/03\/20220307_151537-1-1024x768.jpg\" alt=\"\" width=\"355\" height=\"266\" srcset=\"https:\/\/agora.xtec.cat\/escolametllers\/wp-content\/uploads\/usu1580\/2022\/03\/20220307_151537-1-1024x768.jpg 1024w, https:\/\/agora.xtec.cat\/escolametllers\/wp-content\/uploads\/usu1580\/2022\/03\/20220307_151537-1-300x225.jpg 300w, https:\/\/agora.xtec.cat\/escolametllers\/wp-content\/uploads\/usu1580\/2022\/03\/20220307_151537-1-768x576.jpg 768w, https:\/\/agora.xtec.cat\/escolametllers\/wp-content\/uploads\/usu1580\/2022\/03\/20220307_151537-1-200x150.jpg 200w, https:\/\/agora.xtec.cat\/escolametllers\/wp-content\/uploads\/usu1580\/2022\/03\/20220307_151537-1.jpg 1032w\" sizes=\"auto, (max-width: 355px) 100vw, 355px\" \/><\/a><\/p>\n<p>&nbsp;<\/p>\n<p>&nbsp;<\/p>\n<p>Ep no val\u00a0 a badar !!Pot ser qualsevol pe\u00e7a per\u00f2 no tots els colors s&#8217;hi valen, nom\u00e9s els freds de l&#8217;hivern.<\/p>\n","protected":false},"excerpt":{"rendered":"<p>Tot i que l&#8217;hivern ja fa molts dies que va comen\u00e7ar,\u00a0 durant aquest trimestre hem anat observant els fen\u00f2mens atmosf\u00e8rics que el caracteritzen, hem tingut converses sobre la roba d&#8217;abric i hem repassat el vocabulari referent a aquest tema, hem fet activitats pl\u00e0stiques i tamb\u00e9 hem parlat sobre els colors que s&#8217;anomenen freds i que [&hellip;]<\/p>\n","protected":false},"author":1,"featured_media":0,"comment_status":"open","ping_status":"closed","sticky":false,"template":"","format":"standard","meta":{"_bbp_topic_count":0,"_bbp_reply_count":0,"_bbp_total_topic_count":0,"_bbp_total_reply_count":0,"_bbp_voice_count":0,"_bbp_anonymous_reply_count":0,"_bbp_topic_count_hidden":0,"_bbp_reply_count_hidden":0,"_bbp_forum_subforum_count":0,"site-sidebar-layout":"default","site-content-layout":"","ast-site-content-layout":"","site-content-style":"default","site-sidebar-style":"default","ast-global-header-display":"","ast-banner-title-visibility":"","ast-main-header-display":"","ast-hfb-above-header-display":"","ast-hfb-below-header-display":"","ast-hfb-mobile-header-display":"","site-post-title":"","ast-breadcrumbs-content":"","ast-featured-img":"","footer-sml-layout":"","theme-transparent-header-meta":"","adv-header-id-meta":"","stick-header-meta":"","header-above-stick-meta":"","header-main-stick-meta":"","header-below-stick-meta":"","astra-migrate-meta-layouts":"default","ast-page-background-enabled":"default","ast-page-background-meta":{"desktop":{"background-color":"var(--ast-global-color-4)","background-image":"","background-repeat":"repeat","background-position":"center center","background-size":"auto","background-attachment":"scroll","background-type":"","background-media":"","overlay-type":"","overlay-color":"","overlay-opacity":"","overlay-gradient":""},"tablet":{"background-color":"","background-image":"","background-repeat":"repeat","background-position":"center center","background-size":"auto","background-attachment":"scroll","background-type":"","background-media":"","overlay-type":"","overlay-color":"","overlay-opacity":"","overlay-gradient":""},"mobile":{"background-color":"","background-image":"","background-repeat":"repeat","background-position":"center center","background-size":"auto","background-attachment":"scroll","background-type":"","background-media":"","overlay-type":"","overlay-color":"","overlay-opacity":"","overlay-gradient":""}},"ast-content-background-meta":{"desktop":{"background-color":"var(--ast-global-color-5)","background-image":"","background-repeat":"repeat","background-position":"center center","background-size":"auto","background-attachment":"scroll","background-type":"","background-media":"","overlay-type":"","overlay-color":"","overlay-opacity":"","overlay-gradient":""},"tablet":{"background-color":"var(--ast-global-color-5)","background-image":"","background-repeat":"repeat","background-position":"center center","background-size":"auto","background-attachment":"scroll","background-type":"","background-media":"","overlay-type":"","overlay-color":"","overlay-opacity":"","overlay-gradient":""},"mobile":{"background-color":"var(--ast-global-color-5)","background-image":"","background-repeat":"repeat","background-position":"center center","background-size":"auto","background-attachment":"scroll","background-type":"","background-media":"","overlay-type":"","overlay-color":"","overlay-opacity":"","overlay-gradient":""}},"footnotes":""},"categories":[176,2,61],"tags":[237],"class_list":["post-8590","post","type-post","status-publish","format-standard","hentry","category-21-22","category-infantil","category-prom17b","tag-hivern"],"post_mailing_queue_ids":[],"_links":{"self":[{"href":"https:\/\/agora.xtec.cat\/escolametllers\/wp-json\/wp\/v2\/posts\/8590","targetHints":{"allow":["GET"]}}],"collection":[{"href":"https:\/\/agora.xtec.cat\/escolametllers\/wp-json\/wp\/v2\/posts"}],"about":[{"href":"https:\/\/agora.xtec.cat\/escolametllers\/wp-json\/wp\/v2\/types\/post"}],"author":[{"embeddable":true,"href":"https:\/\/agora.xtec.cat\/escolametllers\/wp-json\/wp\/v2\/users\/1"}],"replies":[{"embeddable":true,"href":"https:\/\/agora.xtec.cat\/escolametllers\/wp-json\/wp\/v2\/comments?post=8590"}],"version-history":[{"count":3,"href":"https:\/\/agora.xtec.cat\/escolametllers\/wp-json\/wp\/v2\/posts\/8590\/revisions"}],"predecessor-version":[{"id":8595,"href":"https:\/\/agora.xtec.cat\/escolametllers\/wp-json\/wp\/v2\/posts\/8590\/revisions\/8595"}],"wp:attachment":[{"href":"https:\/\/agora.xtec.cat\/escolametllers\/wp-json\/wp\/v2\/media?parent=8590"}],"wp:term":[{"taxonomy":"category","embeddable":true,"href":"https:\/\/agora.xtec.cat\/escolametllers\/wp-json\/wp\/v2\/categories?post=8590"},{"taxonomy":"post_tag","embeddable":true,"href":"https:\/\/agora.xtec.cat\/escolametllers\/wp-json\/wp\/v2\/tags?post=8590"}],"curies":[{"name":"wp","href":"https:\/\/api.w.org\/{rel}","templated":true}]}}