{"id":8570,"date":"2022-02-24T20:34:18","date_gmt":"2022-02-24T19:34:18","guid":{"rendered":"https:\/\/agora.xtec.cat\/escolametllers\/?p=8570"},"modified":"2022-03-05T20:45:53","modified_gmt":"2022-03-05T19:45:53","slug":"setmana-de-la-disbauxa-i-dijous-llarder","status":"publish","type":"post","link":"https:\/\/agora.xtec.cat\/escolametllers\/infantil\/setmana-de-la-disbauxa-i-dijous-llarder\/","title":{"rendered":"SETMANA DE LA DISBAUXA I DIJOUS LLARDER"},"content":{"rendered":"<p>Durant aquesta setmana hem anat seguint les consignes que ens indicava el Rei Carnestoltes.<\/p>\n<p>Vam venir a l&#8217;escola amb pijama, disfressa lliure, pentinat estrafolari,&#8230;.<\/p>\n<p>a m\u00e9s durant la setmana vam tenir diferents propostes relacionades amb carnestoltes, vam fer-nos una m\u00e0scara, vam fer un collage amb confeti i serpentines.<\/p>\n<p>Tamb\u00e9 vam fer la lectura del conte<strong> &#8220;L&#8217;Edu es disfressa de princesa&#8221;<\/strong> que treballa els estereotips de g\u00e8nere i on vam tenir una conversa envers la tem\u00e0tica d&#8217;all\u00f2 m\u00e9s interessant i enriquidora, la mateixa tarda vam poder disfressar-nos de princesa i\/o maquillar-nos cadasc\u00fa de nosaltres mirant-nos al mirall de la classe.<\/p>\n<p>Dijous vam fer una sortida matinal al Pla dels Ametllers per celebrar el Dijous Llarder i ens ho vam passar d&#8217;all\u00f2 m\u00e9s b\u00e9!!<\/p>\n<p style=\"text-align: center;\"><a href=\"https:\/\/photos.app.goo.gl\/VEa7Pef7tncURvzN8\"><img loading=\"lazy\" decoding=\"async\" class=\"alignnone  wp-image-8571\" src=\"https:\/\/agora.xtec.cat\/escolametllers\/wp-content\/uploads\/usu1580\/2022\/03\/IMG_20220223_091411-1024x658.jpg\" alt=\"\" width=\"515\" height=\"331\" srcset=\"https:\/\/agora.xtec.cat\/escolametllers\/wp-content\/uploads\/usu1580\/2022\/03\/IMG_20220223_091411-1024x658.jpg 1024w, https:\/\/agora.xtec.cat\/escolametllers\/wp-content\/uploads\/usu1580\/2022\/03\/IMG_20220223_091411-300x193.jpg 300w, https:\/\/agora.xtec.cat\/escolametllers\/wp-content\/uploads\/usu1580\/2022\/03\/IMG_20220223_091411-768x494.jpg 768w, https:\/\/agora.xtec.cat\/escolametllers\/wp-content\/uploads\/usu1580\/2022\/03\/IMG_20220223_091411-1536x987.jpg 1536w, https:\/\/agora.xtec.cat\/escolametllers\/wp-content\/uploads\/usu1580\/2022\/03\/IMG_20220223_091411-2048x1316.jpg 2048w\" sizes=\"auto, (max-width: 515px) 100vw, 515px\" \/><\/a><\/p>\n","protected":false},"excerpt":{"rendered":"<p>Durant aquesta setmana hem anat seguint les consignes que ens indicava el Rei Carnestoltes. Vam venir a l&#8217;escola amb pijama, disfressa lliure, pentinat estrafolari,&#8230;. a m\u00e9s durant la setmana vam tenir diferents propostes relacionades amb carnestoltes, vam fer-nos una m\u00e0scara, vam fer un collage amb confeti i serpentines. Tamb\u00e9 vam fer la lectura del conte [&hellip;]<\/p>\n","protected":false},"author":1,"featured_media":0,"comment_status":"open","ping_status":"closed","sticky":false,"template":"","format":"standard","meta":{"_bbp_topic_count":0,"_bbp_reply_count":0,"_bbp_total_topic_count":0,"_bbp_total_reply_count":0,"_bbp_voice_count":0,"_bbp_anonymous_reply_count":0,"_bbp_topic_count_hidden":0,"_bbp_reply_count_hidden":0,"_bbp_forum_subforum_count":0,"site-sidebar-layout":"default","site-content-layout":"","ast-site-content-layout":"","site-content-style":"default","site-sidebar-style":"default","ast-global-header-display":"","ast-banner-title-visibility":"","ast-main-header-display":"","ast-hfb-above-header-display":"","ast-hfb-below-header-display":"","ast-hfb-mobile-header-display":"","site-post-title":"","ast-breadcrumbs-content":"","ast-featured-img":"","footer-sml-layout":"","theme-transparent-header-meta":"","adv-header-id-meta":"","stick-header-meta":"","header-above-stick-meta":"","header-main-stick-meta":"","header-below-stick-meta":"","astra-migrate-meta-layouts":"default","ast-page-background-enabled":"default","ast-page-background-meta":{"desktop":{"background-color":"var(--ast-global-color-4)","background-image":"","background-repeat":"repeat","background-position":"center center","background-size":"auto","background-attachment":"scroll","background-type":"","background-media":"","overlay-type":"","overlay-color":"","overlay-opacity":"","overlay-gradient":""},"tablet":{"background-color":"","background-image":"","background-repeat":"repeat","background-position":"center center","background-size":"auto","background-attachment":"scroll","background-type":"","background-media":"","overlay-type":"","overlay-color":"","overlay-opacity":"","overlay-gradient":""},"mobile":{"background-color":"","background-image":"","background-repeat":"repeat","background-position":"center center","background-size":"auto","background-attachment":"scroll","background-type":"","background-media":"","overlay-type":"","overlay-color":"","overlay-opacity":"","overlay-gradient":""}},"ast-content-background-meta":{"desktop":{"background-color":"var(--ast-global-color-5)","background-image":"","background-repeat":"repeat","background-position":"center center","background-size":"auto","background-attachment":"scroll","background-type":"","background-media":"","overlay-type":"","overlay-color":"","overlay-opacity":"","overlay-gradient":""},"tablet":{"background-color":"var(--ast-global-color-5)","background-image":"","background-repeat":"repeat","background-position":"center center","background-size":"auto","background-attachment":"scroll","background-type":"","background-media":"","overlay-type":"","overlay-color":"","overlay-opacity":"","overlay-gradient":""},"mobile":{"background-color":"var(--ast-global-color-5)","background-image":"","background-repeat":"repeat","background-position":"center center","background-size":"auto","background-attachment":"scroll","background-type":"","background-media":"","overlay-type":"","overlay-color":"","overlay-opacity":"","overlay-gradient":""}},"footnotes":""},"categories":[176,2,3],"tags":[229,230],"class_list":["post-8570","post","type-post","status-publish","format-standard","hentry","category-21-22","category-infantil","category-prom17a","tag-carnestoltes","tag-dijous-llarder"],"post_mailing_queue_ids":[],"_links":{"self":[{"href":"https:\/\/agora.xtec.cat\/escolametllers\/wp-json\/wp\/v2\/posts\/8570","targetHints":{"allow":["GET"]}}],"collection":[{"href":"https:\/\/agora.xtec.cat\/escolametllers\/wp-json\/wp\/v2\/posts"}],"about":[{"href":"https:\/\/agora.xtec.cat\/escolametllers\/wp-json\/wp\/v2\/types\/post"}],"author":[{"embeddable":true,"href":"https:\/\/agora.xtec.cat\/escolametllers\/wp-json\/wp\/v2\/users\/1"}],"replies":[{"embeddable":true,"href":"https:\/\/agora.xtec.cat\/escolametllers\/wp-json\/wp\/v2\/comments?post=8570"}],"version-history":[{"count":1,"href":"https:\/\/agora.xtec.cat\/escolametllers\/wp-json\/wp\/v2\/posts\/8570\/revisions"}],"predecessor-version":[{"id":8572,"href":"https:\/\/agora.xtec.cat\/escolametllers\/wp-json\/wp\/v2\/posts\/8570\/revisions\/8572"}],"wp:attachment":[{"href":"https:\/\/agora.xtec.cat\/escolametllers\/wp-json\/wp\/v2\/media?parent=8570"}],"wp:term":[{"taxonomy":"category","embeddable":true,"href":"https:\/\/agora.xtec.cat\/escolametllers\/wp-json\/wp\/v2\/categories?post=8570"},{"taxonomy":"post_tag","embeddable":true,"href":"https:\/\/agora.xtec.cat\/escolametllers\/wp-json\/wp\/v2\/tags?post=8570"}],"curies":[{"name":"wp","href":"https:\/\/api.w.org\/{rel}","templated":true}]}}