{"id":8501,"date":"2022-01-28T11:50:47","date_gmt":"2022-01-28T10:50:47","guid":{"rendered":"https:\/\/agora.xtec.cat\/escolametllers\/?p=8501"},"modified":"2022-09-24T15:32:25","modified_gmt":"2022-09-24T13:32:25","slug":"el-numero-1-i-2","status":"publish","type":"post","link":"https:\/\/agora.xtec.cat\/escolametllers\/infantil\/el-numero-1-i-2\/","title":{"rendered":"Interioritzem la grafia del n\u00famero 1 i 2"},"content":{"rendered":"<p>El treball referent al m\u00f3n matem\u00e0tic sorgeix a trav\u00e9s de l\u2019experimentaci\u00f3 i l\u2019aproximaci\u00f3 als nombres. Aquest mat\u00ed ens hem trobat n\u00fameros gegants pel terra de la classe.<\/p>\n<p>Els hem resseguit amb cotxes, amb els peus fent equilibri per sobre,&#8230; Qu\u00e8 s\u00f3n? Quins n\u00fameros? Quina forma?<\/p>\n<p>Ens han cridat molt l&#8217;atenci\u00f3!!! Alguns de nosaltres hem reconegut que eren els n\u00fameros 1 i 2. Llavors hem aprofitat a dibuixar la seva grafia en una paper mural, resseguint-los amb gomets, incl\u00fas hem aprofitat el pati de la caseta per escriure 1 i 2 a la pissarra.<\/p>\n<p>A la tarda amb palets de colors hem intentat representar el numero 1, alguns han volgut fer el 2 per\u00f2 hem vist que ens costa m\u00e9s perqu\u00e8 s\u00f3n pals rectes! Per\u00f2 si podem fer lletres, la &#8220;A&#8221;, l&#8217; &#8220;H&#8221;,&#8230;. i fins i tot podem fer dibuixos com alguna caseta&#8230;.<\/p>\n<p style=\"text-align: center;\"><a href=\"https:\/\/photos.app.goo.gl\/rByMXFPMpFkqv7Uc8\"><img loading=\"lazy\" decoding=\"async\" class=\"alignnone size-full wp-image-8502\" src=\"https:\/\/agora.xtec.cat\/escolametllers\/wp-content\/uploads\/usu1580\/2022\/03\/IMG_20220204_090920.jpg\" alt=\"\" width=\"448\" height=\"336\" srcset=\"https:\/\/agora.xtec.cat\/escolametllers\/wp-content\/uploads\/usu1580\/2022\/03\/IMG_20220204_090920.jpg 448w, https:\/\/agora.xtec.cat\/escolametllers\/wp-content\/uploads\/usu1580\/2022\/03\/IMG_20220204_090920-300x225.jpg 300w, https:\/\/agora.xtec.cat\/escolametllers\/wp-content\/uploads\/usu1580\/2022\/03\/IMG_20220204_090920-200x150.jpg 200w\" sizes=\"auto, (max-width: 448px) 100vw, 448px\" \/><\/a><\/p>\n","protected":false},"excerpt":{"rendered":"<p>El treball referent al m\u00f3n matem\u00e0tic sorgeix a trav\u00e9s de l\u2019experimentaci\u00f3 i l\u2019aproximaci\u00f3 als nombres. Aquest mat\u00ed ens hem trobat n\u00fameros gegants pel terra de la classe. Els hem resseguit amb cotxes, amb els peus fent equilibri per sobre,&#8230; Qu\u00e8 s\u00f3n? Quins n\u00fameros? Quina forma? Ens han cridat molt l&#8217;atenci\u00f3!!! Alguns de nosaltres hem reconegut [&hellip;]<\/p>\n","protected":false},"author":1,"featured_media":0,"comment_status":"open","ping_status":"closed","sticky":false,"template":"","format":"standard","meta":{"_bbp_topic_count":0,"_bbp_reply_count":0,"_bbp_total_topic_count":0,"_bbp_total_reply_count":0,"_bbp_voice_count":0,"_bbp_anonymous_reply_count":0,"_bbp_topic_count_hidden":0,"_bbp_reply_count_hidden":0,"_bbp_forum_subforum_count":0,"site-sidebar-layout":"default","site-content-layout":"","ast-site-content-layout":"","site-content-style":"default","site-sidebar-style":"default","ast-global-header-display":"","ast-banner-title-visibility":"","ast-main-header-display":"","ast-hfb-above-header-display":"","ast-hfb-below-header-display":"","ast-hfb-mobile-header-display":"","site-post-title":"","ast-breadcrumbs-content":"","ast-featured-img":"","footer-sml-layout":"","theme-transparent-header-meta":"","adv-header-id-meta":"","stick-header-meta":"","header-above-stick-meta":"","header-main-stick-meta":"","header-below-stick-meta":"","astra-migrate-meta-layouts":"default","ast-page-background-enabled":"default","ast-page-background-meta":{"desktop":{"background-color":"var(--ast-global-color-4)","background-image":"","background-repeat":"repeat","background-position":"center center","background-size":"auto","background-attachment":"scroll","background-type":"","background-media":"","overlay-type":"","overlay-color":"","overlay-opacity":"","overlay-gradient":""},"tablet":{"background-color":"","background-image":"","background-repeat":"repeat","background-position":"center center","background-size":"auto","background-attachment":"scroll","background-type":"","background-media":"","overlay-type":"","overlay-color":"","overlay-opacity":"","overlay-gradient":""},"mobile":{"background-color":"","background-image":"","background-repeat":"repeat","background-position":"center center","background-size":"auto","background-attachment":"scroll","background-type":"","background-media":"","overlay-type":"","overlay-color":"","overlay-opacity":"","overlay-gradient":""}},"ast-content-background-meta":{"desktop":{"background-color":"var(--ast-global-color-5)","background-image":"","background-repeat":"repeat","background-position":"center center","background-size":"auto","background-attachment":"scroll","background-type":"","background-media":"","overlay-type":"","overlay-color":"","overlay-opacity":"","overlay-gradient":""},"tablet":{"background-color":"var(--ast-global-color-5)","background-image":"","background-repeat":"repeat","background-position":"center center","background-size":"auto","background-attachment":"scroll","background-type":"","background-media":"","overlay-type":"","overlay-color":"","overlay-opacity":"","overlay-gradient":""},"mobile":{"background-color":"var(--ast-global-color-5)","background-image":"","background-repeat":"repeat","background-position":"center center","background-size":"auto","background-attachment":"scroll","background-type":"","background-media":"","overlay-type":"","overlay-color":"","overlay-opacity":"","overlay-gradient":""}},"footnotes":""},"categories":[176,2,3],"tags":[201],"class_list":["post-8501","post","type-post","status-publish","format-standard","hentry","category-21-22","category-infantil","category-prom17a","tag-grafisme"],"post_mailing_queue_ids":[],"_links":{"self":[{"href":"https:\/\/agora.xtec.cat\/escolametllers\/wp-json\/wp\/v2\/posts\/8501","targetHints":{"allow":["GET"]}}],"collection":[{"href":"https:\/\/agora.xtec.cat\/escolametllers\/wp-json\/wp\/v2\/posts"}],"about":[{"href":"https:\/\/agora.xtec.cat\/escolametllers\/wp-json\/wp\/v2\/types\/post"}],"author":[{"embeddable":true,"href":"https:\/\/agora.xtec.cat\/escolametllers\/wp-json\/wp\/v2\/users\/1"}],"replies":[{"embeddable":true,"href":"https:\/\/agora.xtec.cat\/escolametllers\/wp-json\/wp\/v2\/comments?post=8501"}],"version-history":[{"count":2,"href":"https:\/\/agora.xtec.cat\/escolametllers\/wp-json\/wp\/v2\/posts\/8501\/revisions"}],"predecessor-version":[{"id":8713,"href":"https:\/\/agora.xtec.cat\/escolametllers\/wp-json\/wp\/v2\/posts\/8501\/revisions\/8713"}],"wp:attachment":[{"href":"https:\/\/agora.xtec.cat\/escolametllers\/wp-json\/wp\/v2\/media?parent=8501"}],"wp:term":[{"taxonomy":"category","embeddable":true,"href":"https:\/\/agora.xtec.cat\/escolametllers\/wp-json\/wp\/v2\/categories?post=8501"},{"taxonomy":"post_tag","embeddable":true,"href":"https:\/\/agora.xtec.cat\/escolametllers\/wp-json\/wp\/v2\/tags?post=8501"}],"curies":[{"name":"wp","href":"https:\/\/api.w.org\/{rel}","templated":true}]}}