{"id":8487,"date":"2022-02-28T10:11:11","date_gmt":"2022-02-28T09:11:11","guid":{"rendered":"https:\/\/agora.xtec.cat\/escolametllers\/?p=8487"},"modified":"2022-09-24T15:23:03","modified_gmt":"2022-09-24T13:23:03","slug":"fem-un-mobil-dhivern","status":"publish","type":"post","link":"https:\/\/agora.xtec.cat\/escolametllers\/infantil\/fem-un-mobil-dhivern\/","title":{"rendered":"FEM UN M\u00d2BIL D&#8217;HIVERN"},"content":{"rendered":"<p>Durant el mes de febrer hem parlat molt de l\u2019hivern i del fred, del gel i de la neu&#8230; Un dia la Gemma va demanar-nos qu\u00e8 cr\u00e8iem que podr\u00edem fer amb els <em>tresors<\/em> del bosc que guard\u00e0vem a la classe (pinyes, branquillons, etc.). Tamb\u00e9 ens va dir que pens\u00e9ssim alguna cosa que ens port\u00e9s a pensar amb <strong>l\u2019hivern<\/strong> i de seguida vam tenir una idea: podr\u00edem pintar les pinyes i els branquillons de color blanc perqu\u00e8 semblessin coberts de neu o de gla\u00e7!<\/p>\n<p>La seg\u00fcent pregunta de la Gemma va ser: <em>I un cop tinguem totes les pinyes i branquillons pintats, qu\u00e8 farem? On ho posarem?<\/em> Les nostres respostes foren variades: <em>Dins un cistell, damunt una taula,<\/em> <em>dins una capsa, al rac\u00f3 de l\u2019hivern<\/em>&#8230; Finalment ens va ensenyar una arrel de pi molt llarga que ella va trobar anant a caminar pel bosc i ens va demanar si cr\u00e8iem que ens podria anar b\u00e9 per alguna cosa. Alg\u00fa va dir que <em>amb fils podr\u00edem penjar en aquell tros d\u2019arrel les coses pintades<\/em> i a tots ens va semblar una molt bona idea.<\/p>\n<p>Un mat\u00ed vam pintar tots els <em>tresors, <\/em>un altre dia vam aprendre a lligar-los amb el tros de cord\u00f3 blanc que la Gemma ens va donar i finalment vam lligar els cordons a l\u2019arrel. Quin m\u00f2bil m\u00e9s bonic ens ha quedat! N\u2019estem molt orgullosos! <em>Sembla una cortina<\/em>, va dir alg\u00fa.<\/p>\n<p>I per tal que les fam\u00edlies el veiessin, el vam penjar durant uns dies al porxo de la nostra classe. Despr\u00e9s ja li vam trobar un lloc definitiu: el passad\u00eds d\u2019Educaci\u00f3 Infantil (just al davant de la nostra classe).<\/p>\n<p><a href=\"https:\/\/photos.app.goo.gl\/2YVVC3o9damKoZ6k8\"><img loading=\"lazy\" decoding=\"async\" class=\"alignnone wp-image-8488\" src=\"https:\/\/agora.xtec.cat\/escolametllers\/wp-content\/uploads\/usu1580\/2022\/02\/20220226_093014-1024x768.jpg\" alt=\"\" width=\"504\" height=\"378\" srcset=\"https:\/\/agora.xtec.cat\/escolametllers\/wp-content\/uploads\/usu1580\/2022\/02\/20220226_093014-1024x768.jpg 1024w, https:\/\/agora.xtec.cat\/escolametllers\/wp-content\/uploads\/usu1580\/2022\/02\/20220226_093014-300x225.jpg 300w, https:\/\/agora.xtec.cat\/escolametllers\/wp-content\/uploads\/usu1580\/2022\/02\/20220226_093014-768x576.jpg 768w, https:\/\/agora.xtec.cat\/escolametllers\/wp-content\/uploads\/usu1580\/2022\/02\/20220226_093014-200x150.jpg 200w, https:\/\/agora.xtec.cat\/escolametllers\/wp-content\/uploads\/usu1580\/2022\/02\/20220226_093014.jpg 1152w\" sizes=\"auto, (max-width: 504px) 100vw, 504px\" \/><\/a><\/p>\n","protected":false},"excerpt":{"rendered":"<p>Durant el mes de febrer hem parlat molt de l\u2019hivern i del fred, del gel i de la neu&#8230; Un dia la Gemma va demanar-nos qu\u00e8 cr\u00e8iem que podr\u00edem fer amb els tresors del bosc que guard\u00e0vem a la classe (pinyes, branquillons, etc.). Tamb\u00e9 ens va dir que pens\u00e9ssim alguna cosa que ens port\u00e9s a [&hellip;]<\/p>\n","protected":false},"author":1,"featured_media":0,"comment_status":"open","ping_status":"closed","sticky":false,"template":"","format":"standard","meta":{"_bbp_topic_count":0,"_bbp_reply_count":0,"_bbp_total_topic_count":0,"_bbp_total_reply_count":0,"_bbp_voice_count":0,"_bbp_anonymous_reply_count":0,"_bbp_topic_count_hidden":0,"_bbp_reply_count_hidden":0,"_bbp_forum_subforum_count":0,"site-sidebar-layout":"default","site-content-layout":"","ast-site-content-layout":"","site-content-style":"default","site-sidebar-style":"default","ast-global-header-display":"","ast-banner-title-visibility":"","ast-main-header-display":"","ast-hfb-above-header-display":"","ast-hfb-below-header-display":"","ast-hfb-mobile-header-display":"","site-post-title":"","ast-breadcrumbs-content":"","ast-featured-img":"","footer-sml-layout":"","theme-transparent-header-meta":"","adv-header-id-meta":"","stick-header-meta":"","header-above-stick-meta":"","header-main-stick-meta":"","header-below-stick-meta":"","astra-migrate-meta-layouts":"default","ast-page-background-enabled":"default","ast-page-background-meta":{"desktop":{"background-color":"var(--ast-global-color-4)","background-image":"","background-repeat":"repeat","background-position":"center center","background-size":"auto","background-attachment":"scroll","background-type":"","background-media":"","overlay-type":"","overlay-color":"","overlay-opacity":"","overlay-gradient":""},"tablet":{"background-color":"","background-image":"","background-repeat":"repeat","background-position":"center center","background-size":"auto","background-attachment":"scroll","background-type":"","background-media":"","overlay-type":"","overlay-color":"","overlay-opacity":"","overlay-gradient":""},"mobile":{"background-color":"","background-image":"","background-repeat":"repeat","background-position":"center center","background-size":"auto","background-attachment":"scroll","background-type":"","background-media":"","overlay-type":"","overlay-color":"","overlay-opacity":"","overlay-gradient":""}},"ast-content-background-meta":{"desktop":{"background-color":"var(--ast-global-color-5)","background-image":"","background-repeat":"repeat","background-position":"center center","background-size":"auto","background-attachment":"scroll","background-type":"","background-media":"","overlay-type":"","overlay-color":"","overlay-opacity":"","overlay-gradient":""},"tablet":{"background-color":"var(--ast-global-color-5)","background-image":"","background-repeat":"repeat","background-position":"center center","background-size":"auto","background-attachment":"scroll","background-type":"","background-media":"","overlay-type":"","overlay-color":"","overlay-opacity":"","overlay-gradient":""},"mobile":{"background-color":"var(--ast-global-color-5)","background-image":"","background-repeat":"repeat","background-position":"center center","background-size":"auto","background-attachment":"scroll","background-type":"","background-media":"","overlay-type":"","overlay-color":"","overlay-opacity":"","overlay-gradient":""}},"footnotes":""},"categories":[176,8,2],"tags":[237],"class_list":["post-8487","post","type-post","status-publish","format-standard","hentry","category-21-22","category-eic","category-infantil","tag-hivern"],"post_mailing_queue_ids":[],"_links":{"self":[{"href":"https:\/\/agora.xtec.cat\/escolametllers\/wp-json\/wp\/v2\/posts\/8487","targetHints":{"allow":["GET"]}}],"collection":[{"href":"https:\/\/agora.xtec.cat\/escolametllers\/wp-json\/wp\/v2\/posts"}],"about":[{"href":"https:\/\/agora.xtec.cat\/escolametllers\/wp-json\/wp\/v2\/types\/post"}],"author":[{"embeddable":true,"href":"https:\/\/agora.xtec.cat\/escolametllers\/wp-json\/wp\/v2\/users\/1"}],"replies":[{"embeddable":true,"href":"https:\/\/agora.xtec.cat\/escolametllers\/wp-json\/wp\/v2\/comments?post=8487"}],"version-history":[{"count":1,"href":"https:\/\/agora.xtec.cat\/escolametllers\/wp-json\/wp\/v2\/posts\/8487\/revisions"}],"predecessor-version":[{"id":8489,"href":"https:\/\/agora.xtec.cat\/escolametllers\/wp-json\/wp\/v2\/posts\/8487\/revisions\/8489"}],"wp:attachment":[{"href":"https:\/\/agora.xtec.cat\/escolametllers\/wp-json\/wp\/v2\/media?parent=8487"}],"wp:term":[{"taxonomy":"category","embeddable":true,"href":"https:\/\/agora.xtec.cat\/escolametllers\/wp-json\/wp\/v2\/categories?post=8487"},{"taxonomy":"post_tag","embeddable":true,"href":"https:\/\/agora.xtec.cat\/escolametllers\/wp-json\/wp\/v2\/tags?post=8487"}],"curies":[{"name":"wp","href":"https:\/\/api.w.org\/{rel}","templated":true}]}}