{"id":8445,"date":"2022-02-22T18:30:50","date_gmt":"2022-02-22T17:30:50","guid":{"rendered":"https:\/\/agora.xtec.cat\/escolametllers\/?p=8445"},"modified":"2022-09-24T15:24:12","modified_gmt":"2022-09-24T13:24:12","slug":"visita-de-lil%c2%b7lustrador-subi","status":"publish","type":"post","link":"https:\/\/agora.xtec.cat\/escolametllers\/primaria\/prom16a\/visita-de-lil%c2%b7lustrador-subi\/","title":{"rendered":"VISITA DE L&#8217;IL\u00b7LUSTRADOR SUBI"},"content":{"rendered":"<p>El passat dimarts 8 de Febrer v\u00e0rem tenir una visita molt especial, ens va venir a veure l&#8217;il.lustador Subi! Ens va fer molta il.lusi\u00f3 perqu\u00e8 a la classe hav\u00edem explicat molts contes que ell ha il.lustrat com: &#8221; Vull un animalet&#8221;, &#8220;La sopa d&#8217;en Tom\u00e0s&#8221;, &#8221; El pintor de petxines&#8221;, &#8220;Als n\u00favols&#8221;&#8230;Tamb\u00e9 vam preparar unes preguntes per con\u00e8ixer-lo millor, tant a ell com la seva traject\u00f2ria professional. Per acabar ens va fer un mural fant\u00e0stic i ens va dedicar els contes de la classe il.lustrats per ell. Moltes gr\u00e0cies Subi!!!<\/p>\n<p><a href=\"https:\/\/photos.app.goo.gl\/RjUYmNTiZdygRWx16\"><img loading=\"lazy\" decoding=\"async\" class=\"aligncenter\" src=\"https:\/\/lh3.googleusercontent.com\/Z2907ahW_qfoTUVxeJzrvt5GmTvRbcumu488Cas53xuxosyjvAeKnsMR22PKuGEGEHtpTq1DZq71xqycCj7N9mUb0BXhA4MpOPw_PT8rAxuHZ39EvgdkSe_w058ZMSM6h9La1STFpqlDlSXZPVp76FU6yCNFOGx7pfN7HoT144O-_MigS2Mg4yY33VGpZI1e1pBOjOFZzx-L0iO45ti9Juz-pGZPuugbIhZj1vxoXYjpguHWK9F-JJnzaSvh0zYJqXV1x5d8O4uG8ir5Qv-Jtb8ygFyH3TwHnnIJ1uUMNXcSYP0VqBJYxJc27f5ZhIs4wtfvTdOsGQypla4pWeBhe0HOJXi_7fWAnFx_qccIXbfyzSVgOMb9lnwNLlBEv7i4Rzzgo7BF4lclXc8oy_l0M9d_ntcBMbFXikAXF6150dtJeZNZSSj1Blnd-ndjFdx_7ONnbpGRBEpcrrvToY1WxE4RZHi0yaTe3HvR0cn9tlLT8_rhdMUH8pOPkkV5kFtvUeGpAZ_P33mliI-FbhgGvOCi10JODZi8wKyferVn9yNjXmy_l5FzFkxWdQZarH_5SJh3PsebeTJNcujK-s_FW80qLm7YG2Il6w4KdUHL2i8DBKO2YbgdEFjy5FXuf8xHn1KRNWZi-UQmkMWnsK4h1XsDGyTMxgKmSMdaN0pgcxhAJS7k6tg1ApNdhLpe2mclrKgpNU1_n-iHWCM_9_fEUoB5=w915-h914-no?authuser=0\" width=\"421\" height=\"421\" \/><\/a><\/p>\n","protected":false},"excerpt":{"rendered":"<p>El passat dimarts 8 de Febrer v\u00e0rem tenir una visita molt especial, ens va venir a veure l&#8217;il.lustador Subi! Ens va fer molta il.lusi\u00f3 perqu\u00e8 a la classe hav\u00edem explicat molts contes que ell ha il.lustrat com: &#8221; Vull un animalet&#8221;, &#8220;La sopa d&#8217;en Tom\u00e0s&#8221;, &#8221; El pintor de petxines&#8221;, &#8220;Als n\u00favols&#8221;&#8230;Tamb\u00e9 vam preparar unes [&hellip;]<\/p>\n","protected":false},"author":46,"featured_media":0,"comment_status":"open","ping_status":"closed","sticky":false,"template":"","format":"standard","meta":{"_bbp_topic_count":0,"_bbp_reply_count":0,"_bbp_total_topic_count":0,"_bbp_total_reply_count":0,"_bbp_voice_count":0,"_bbp_anonymous_reply_count":0,"_bbp_topic_count_hidden":0,"_bbp_reply_count_hidden":0,"_bbp_forum_subforum_count":0,"site-sidebar-layout":"default","site-content-layout":"","ast-site-content-layout":"","site-content-style":"default","site-sidebar-style":"default","ast-global-header-display":"","ast-banner-title-visibility":"","ast-main-header-display":"","ast-hfb-above-header-display":"","ast-hfb-below-header-display":"","ast-hfb-mobile-header-display":"","site-post-title":"","ast-breadcrumbs-content":"","ast-featured-img":"","footer-sml-layout":"","theme-transparent-header-meta":"","adv-header-id-meta":"","stick-header-meta":"","header-above-stick-meta":"","header-main-stick-meta":"","header-below-stick-meta":"","astra-migrate-meta-layouts":"default","ast-page-background-enabled":"default","ast-page-background-meta":{"desktop":{"background-color":"var(--ast-global-color-4)","background-image":"","background-repeat":"repeat","background-position":"center center","background-size":"auto","background-attachment":"scroll","background-type":"","background-media":"","overlay-type":"","overlay-color":"","overlay-opacity":"","overlay-gradient":""},"tablet":{"background-color":"","background-image":"","background-repeat":"repeat","background-position":"center center","background-size":"auto","background-attachment":"scroll","background-type":"","background-media":"","overlay-type":"","overlay-color":"","overlay-opacity":"","overlay-gradient":""},"mobile":{"background-color":"","background-image":"","background-repeat":"repeat","background-position":"center center","background-size":"auto","background-attachment":"scroll","background-type":"","background-media":"","overlay-type":"","overlay-color":"","overlay-opacity":"","overlay-gradient":""}},"ast-content-background-meta":{"desktop":{"background-color":"var(--ast-global-color-5)","background-image":"","background-repeat":"repeat","background-position":"center center","background-size":"auto","background-attachment":"scroll","background-type":"","background-media":"","overlay-type":"","overlay-color":"","overlay-opacity":"","overlay-gradient":""},"tablet":{"background-color":"var(--ast-global-color-5)","background-image":"","background-repeat":"repeat","background-position":"center center","background-size":"auto","background-attachment":"scroll","background-type":"","background-media":"","overlay-type":"","overlay-color":"","overlay-opacity":"","overlay-gradient":""},"mobile":{"background-color":"var(--ast-global-color-5)","background-image":"","background-repeat":"repeat","background-position":"center center","background-size":"auto","background-attachment":"scroll","background-type":"","background-media":"","overlay-type":"","overlay-color":"","overlay-opacity":"","overlay-gradient":""}},"footnotes":""},"categories":[9],"tags":[17],"class_list":["post-8445","post","type-post","status-publish","format-standard","hentry","category-prom16a","tag-art"],"post_mailing_queue_ids":[],"_links":{"self":[{"href":"https:\/\/agora.xtec.cat\/escolametllers\/wp-json\/wp\/v2\/posts\/8445","targetHints":{"allow":["GET"]}}],"collection":[{"href":"https:\/\/agora.xtec.cat\/escolametllers\/wp-json\/wp\/v2\/posts"}],"about":[{"href":"https:\/\/agora.xtec.cat\/escolametllers\/wp-json\/wp\/v2\/types\/post"}],"author":[{"embeddable":true,"href":"https:\/\/agora.xtec.cat\/escolametllers\/wp-json\/wp\/v2\/users\/46"}],"replies":[{"embeddable":true,"href":"https:\/\/agora.xtec.cat\/escolametllers\/wp-json\/wp\/v2\/comments?post=8445"}],"version-history":[{"count":2,"href":"https:\/\/agora.xtec.cat\/escolametllers\/wp-json\/wp\/v2\/posts\/8445\/revisions"}],"predecessor-version":[{"id":8447,"href":"https:\/\/agora.xtec.cat\/escolametllers\/wp-json\/wp\/v2\/posts\/8445\/revisions\/8447"}],"wp:attachment":[{"href":"https:\/\/agora.xtec.cat\/escolametllers\/wp-json\/wp\/v2\/media?parent=8445"}],"wp:term":[{"taxonomy":"category","embeddable":true,"href":"https:\/\/agora.xtec.cat\/escolametllers\/wp-json\/wp\/v2\/categories?post=8445"},{"taxonomy":"post_tag","embeddable":true,"href":"https:\/\/agora.xtec.cat\/escolametllers\/wp-json\/wp\/v2\/tags?post=8445"}],"curies":[{"name":"wp","href":"https:\/\/api.w.org\/{rel}","templated":true}]}}