{"id":8434,"date":"2022-02-21T18:03:42","date_gmt":"2022-02-21T17:03:42","guid":{"rendered":"https:\/\/agora.xtec.cat\/escolametllers\/?p=8434"},"modified":"2022-09-24T15:24:40","modified_gmt":"2022-09-24T13:24:40","slug":"visita-de-lil-lustrador-subi","status":"publish","type":"post","link":"https:\/\/agora.xtec.cat\/escolametllers\/infantil\/visita-de-lil-lustrador-subi\/","title":{"rendered":"VISITA DE L&#8217;IL.LUSTRADOR SUBI"},"content":{"rendered":"<p>El passat dimarts 8 de Febrer v\u00e0rem tenir una visita molt especial, ens va venir a veure l&#8217;il.lustador Subi! Ens va fer molta il.lusi\u00f3 perqu\u00e8 a la classe hem explicat molts contes que ell ha il.lustrat com: &#8221; Vull un animalet&#8221;, &#8220;La sopa d&#8217;en Tom\u00e0s&#8221;, &#8221; El pescador de petxines&#8221;, &#8221; N\u00favols&#8221;&#8230;Tamb\u00e9 vam preparar unes preguntes per con\u00e9ixer-lo millor tant a ell com a la seva traject\u00f2ria professional. Per acabar ens va fer un mural fant\u00e0stic i ens va dedicar els contes de la classe il.lustrats per ell. Moltes gr\u00e0cies Subi!!!<\/p>\n<p><a href=\"https:\/\/photos.app.goo.gl\/pfkBH37KjxVaCNXR7\"><img loading=\"lazy\" decoding=\"async\" class=\"aligncenter\" src=\"https:\/\/lh3.googleusercontent.com\/7QrVILXZzGsuT6nYbJTT-AdMU7gWjCjkGwisdb9o1p8gnULKxNSLOgiqzO0Bm8ht_QWH1g15nueXENe8RGch6o_FEBVIkSEen95UgvViMAi78oOEE6RkZUTws4Jk-XoBKx9V3I50_9q0ZZCC4ba8UN5vCFg_8aTtWOBqByn_IhQ30uDFH4llvUfTihsyASed4bMY9h-e1Uz02y-evm0dReKrwfC_djRyhcSc_wqts409uC3PwnX4UJClOoTxvUSFCJmYoaeN-neGf8TRqwk2qURMEEiY49NCoC78Aj0f9QDU2dzV_5z32qeSFusx041s6B-FG4_5Bd_RNbbCdZ9jUEYjCmHfX8EoHpPB4pqPDhfrPCcm4_2-Aj55O8tBAGEPkhGqNr8-d1JSxTkZeIuaz40Le4m0lpRMTP4Pf1Z9dW7KoMe8OLVB41F-1dswt2oerPlV7JmwoAPvIb9ex7sESjAD8psqVKpUJVf3sGDuA7gh-s0xH3SLrtnHgPdbnDEYB76rQ4ItM1fJCdtUbLBjFPB4hP2t5a_42uThKJTA6PwjW7ekjD3sE07zOf0ncD-3ccRfXAZzPwkKaNnAdqIgyx4U8bB_CCJ8Mxg97Z-lcfJMCWeDajjGOyLKz41NjuN-9DUccs5w5TGVpwhbjV_QsibqbPELgZsnHbfB_teVnRmMPp6ySl1v6FgGIP8QD08gISgojBuH_Pb3dqhB0TVdQRCR=w658-h657-no?authuser=0\" width=\"312\" height=\"312\" \/><\/a><\/p>\n","protected":false},"excerpt":{"rendered":"<p>El passat dimarts 8 de Febrer v\u00e0rem tenir una visita molt especial, ens va venir a veure l&#8217;il.lustador Subi! Ens va fer molta il.lusi\u00f3 perqu\u00e8 a la classe hem explicat molts contes que ell ha il.lustrat com: &#8221; Vull un animalet&#8221;, &#8220;La sopa d&#8217;en Tom\u00e0s&#8221;, &#8221; El pescador de petxines&#8221;, &#8221; N\u00favols&#8221;&#8230;Tamb\u00e9 vam preparar unes [&hellip;]<\/p>\n","protected":false},"author":78,"featured_media":0,"comment_status":"open","ping_status":"closed","sticky":false,"template":"","format":"standard","meta":{"_bbp_topic_count":0,"_bbp_reply_count":0,"_bbp_total_topic_count":0,"_bbp_total_reply_count":0,"_bbp_voice_count":0,"_bbp_anonymous_reply_count":0,"_bbp_topic_count_hidden":0,"_bbp_reply_count_hidden":0,"_bbp_forum_subforum_count":0,"site-sidebar-layout":"default","site-content-layout":"","ast-site-content-layout":"","site-content-style":"default","site-sidebar-style":"default","ast-global-header-display":"","ast-banner-title-visibility":"","ast-main-header-display":"","ast-hfb-above-header-display":"","ast-hfb-below-header-display":"","ast-hfb-mobile-header-display":"","site-post-title":"","ast-breadcrumbs-content":"","ast-featured-img":"","footer-sml-layout":"","theme-transparent-header-meta":"","adv-header-id-meta":"","stick-header-meta":"","header-above-stick-meta":"","header-main-stick-meta":"","header-below-stick-meta":"","astra-migrate-meta-layouts":"default","ast-page-background-enabled":"default","ast-page-background-meta":{"desktop":{"background-color":"var(--ast-global-color-4)","background-image":"","background-repeat":"repeat","background-position":"center center","background-size":"auto","background-attachment":"scroll","background-type":"","background-media":"","overlay-type":"","overlay-color":"","overlay-opacity":"","overlay-gradient":""},"tablet":{"background-color":"","background-image":"","background-repeat":"repeat","background-position":"center center","background-size":"auto","background-attachment":"scroll","background-type":"","background-media":"","overlay-type":"","overlay-color":"","overlay-opacity":"","overlay-gradient":""},"mobile":{"background-color":"","background-image":"","background-repeat":"repeat","background-position":"center center","background-size":"auto","background-attachment":"scroll","background-type":"","background-media":"","overlay-type":"","overlay-color":"","overlay-opacity":"","overlay-gradient":""}},"ast-content-background-meta":{"desktop":{"background-color":"var(--ast-global-color-5)","background-image":"","background-repeat":"repeat","background-position":"center center","background-size":"auto","background-attachment":"scroll","background-type":"","background-media":"","overlay-type":"","overlay-color":"","overlay-opacity":"","overlay-gradient":""},"tablet":{"background-color":"var(--ast-global-color-5)","background-image":"","background-repeat":"repeat","background-position":"center center","background-size":"auto","background-attachment":"scroll","background-type":"","background-media":"","overlay-type":"","overlay-color":"","overlay-opacity":"","overlay-gradient":""},"mobile":{"background-color":"var(--ast-global-color-5)","background-image":"","background-repeat":"repeat","background-position":"center center","background-size":"auto","background-attachment":"scroll","background-type":"","background-media":"","overlay-type":"","overlay-color":"","overlay-opacity":"","overlay-gradient":""}},"footnotes":""},"categories":[176,2,71],"tags":[17],"class_list":["post-8434","post","type-post","status-publish","format-standard","hentry","category-21-22","category-infantil","category-prom16b","tag-art"],"post_mailing_queue_ids":[],"_links":{"self":[{"href":"https:\/\/agora.xtec.cat\/escolametllers\/wp-json\/wp\/v2\/posts\/8434","targetHints":{"allow":["GET"]}}],"collection":[{"href":"https:\/\/agora.xtec.cat\/escolametllers\/wp-json\/wp\/v2\/posts"}],"about":[{"href":"https:\/\/agora.xtec.cat\/escolametllers\/wp-json\/wp\/v2\/types\/post"}],"author":[{"embeddable":true,"href":"https:\/\/agora.xtec.cat\/escolametllers\/wp-json\/wp\/v2\/users\/78"}],"replies":[{"embeddable":true,"href":"https:\/\/agora.xtec.cat\/escolametllers\/wp-json\/wp\/v2\/comments?post=8434"}],"version-history":[{"count":2,"href":"https:\/\/agora.xtec.cat\/escolametllers\/wp-json\/wp\/v2\/posts\/8434\/revisions"}],"predecessor-version":[{"id":8436,"href":"https:\/\/agora.xtec.cat\/escolametllers\/wp-json\/wp\/v2\/posts\/8434\/revisions\/8436"}],"wp:attachment":[{"href":"https:\/\/agora.xtec.cat\/escolametllers\/wp-json\/wp\/v2\/media?parent=8434"}],"wp:term":[{"taxonomy":"category","embeddable":true,"href":"https:\/\/agora.xtec.cat\/escolametllers\/wp-json\/wp\/v2\/categories?post=8434"},{"taxonomy":"post_tag","embeddable":true,"href":"https:\/\/agora.xtec.cat\/escolametllers\/wp-json\/wp\/v2\/tags?post=8434"}],"curies":[{"name":"wp","href":"https:\/\/api.w.org\/{rel}","templated":true}]}}