{"id":8382,"date":"2022-02-14T00:40:02","date_gmt":"2022-02-13T23:40:02","guid":{"rendered":"https:\/\/agora.xtec.cat\/escolametllers\/?p=8382"},"modified":"2022-09-24T15:25:38","modified_gmt":"2022-09-24T13:25:38","slug":"espectacle-de-musica-els-reptes-den-saiko-2","status":"publish","type":"post","link":"https:\/\/agora.xtec.cat\/escolametllers\/primaria\/prom15a\/espectacle-de-musica-els-reptes-den-saiko-2\/","title":{"rendered":"ESPECTACLE DE M\u00daSICA: ELS REPTES DE&#8217;N SAIKO"},"content":{"rendered":"<p>El dilluns 31 de gener ens van venir a visitar el Jaume Prat i el Ferran Junyent, un trompetista i un violoncelista que ens van proposar un recorregut pel misteri\u00f3s m\u00f3n de&#8217;n Saiko.<\/p>\n<p>V\u00e0rem gaudir d&#8217;una experi\u00e8ncia musical on vam poder desenvolupar les nostres habilitats musicals (afinaci\u00f3, ritme, din\u00e0miques, &#8230;) per a superar els reptes que ens proposava en Saiko, a trav\u00e9s del so de la trompeta i el violoncel!<\/p>\n<p>Va ser una activitat que ens va agradar molt i ens ho v\u00e0rem passar molt b\u00e9!<\/p>\n<p><a href=\"https:\/\/photos.app.goo.gl\/6B9bkyKe5q2MskoTA\"><img loading=\"lazy\" decoding=\"async\" class=\"aligncenter\" src=\"https:\/\/lh3.googleusercontent.com\/qralXhXYUE1UuUVlGXJLcLrN35O7FIjdt4zY3gv5XDz6G3by-DEifFQO6i4dX5etPmPSN-W4XqtKUuqcxoh-iiO9YTXWWaKO7iSZUZwyW753ug2HBcbok8qPvmfDzrSoCtf3-_8Y1-sWZdw2JnbneWClfLRCZzZMVKOhKsAUGoZ1G7Vj7On_R4n9fvUUd3nE7rTVLahsWrjcTdbd-Kz31sS8KxiuZplOay03Q8E2ljcyzdcn3d5Du3jgP61URHrjrbbGaaC9wPlWisBEdblS7CxBE-r3hoWWMZWtUH8yYXgoHuSjZAJtBauLNoS16aijT-4mk7Y_qUe78Bsv-Lb1DCtEP45lm2Vn-EXcU8SsvXfT0MWWaIlL5CHnOd3aewvsPF02ptOAYI6eMdXu10rUB3GblgYyY8rt4UE0c60E2aKn3Q2WrWS4Ot-GMSnV3Yd1a3kRx5AeYW97mVIKqdL3FziggMC0lSEnU8rDdRzvQLlmTAMeKD_K-0K4A3LIcY_jGBSGZobjZ3HRWMmB47jP1KzakrtUlWshqu_OR_UBTk14Ib_F629p5wL4odGC7GvMvZ9S75htGCAf0uReRpRtajHNK1CGZuSAi-7KyIJCfLflJkf9WRrYOIrtOeWNwK0Z-JwGP2b26Di3Ld5Nl_ROmw8hP0-VNy1fx4C3qzDt6dWoBjWr_T2fajdzb5cdzwaLCA6G5uasKyg1qtEeXvFKk__7=w640-h480-no?authuser=0\" width=\"413\" height=\"310\" \/><\/a><\/p>\n","protected":false},"excerpt":{"rendered":"<p>El dilluns 31 de gener ens van venir a visitar el Jaume Prat i el Ferran Junyent, un trompetista i un violoncelista que ens van proposar un recorregut pel misteri\u00f3s m\u00f3n de&#8217;n Saiko. V\u00e0rem gaudir d&#8217;una experi\u00e8ncia musical on vam poder desenvolupar les nostres habilitats musicals (afinaci\u00f3, ritme, din\u00e0miques, &#8230;) per a superar els reptes [&hellip;]<\/p>\n","protected":false},"author":50,"featured_media":0,"comment_status":"open","ping_status":"closed","sticky":false,"template":"","format":"standard","meta":{"_bbp_topic_count":0,"_bbp_reply_count":0,"_bbp_total_topic_count":0,"_bbp_total_reply_count":0,"_bbp_voice_count":0,"_bbp_anonymous_reply_count":0,"_bbp_topic_count_hidden":0,"_bbp_reply_count_hidden":0,"_bbp_forum_subforum_count":0,"site-sidebar-layout":"default","site-content-layout":"","ast-site-content-layout":"","site-content-style":"default","site-sidebar-style":"default","ast-global-header-display":"","ast-banner-title-visibility":"","ast-main-header-display":"","ast-hfb-above-header-display":"","ast-hfb-below-header-display":"","ast-hfb-mobile-header-display":"","site-post-title":"","ast-breadcrumbs-content":"","ast-featured-img":"","footer-sml-layout":"","theme-transparent-header-meta":"","adv-header-id-meta":"","stick-header-meta":"","header-above-stick-meta":"","header-main-stick-meta":"","header-below-stick-meta":"","astra-migrate-meta-layouts":"default","ast-page-background-enabled":"default","ast-page-background-meta":{"desktop":{"background-color":"var(--ast-global-color-4)","background-image":"","background-repeat":"repeat","background-position":"center center","background-size":"auto","background-attachment":"scroll","background-type":"","background-media":"","overlay-type":"","overlay-color":"","overlay-opacity":"","overlay-gradient":""},"tablet":{"background-color":"","background-image":"","background-repeat":"repeat","background-position":"center center","background-size":"auto","background-attachment":"scroll","background-type":"","background-media":"","overlay-type":"","overlay-color":"","overlay-opacity":"","overlay-gradient":""},"mobile":{"background-color":"","background-image":"","background-repeat":"repeat","background-position":"center center","background-size":"auto","background-attachment":"scroll","background-type":"","background-media":"","overlay-type":"","overlay-color":"","overlay-opacity":"","overlay-gradient":""}},"ast-content-background-meta":{"desktop":{"background-color":"var(--ast-global-color-5)","background-image":"","background-repeat":"repeat","background-position":"center center","background-size":"auto","background-attachment":"scroll","background-type":"","background-media":"","overlay-type":"","overlay-color":"","overlay-opacity":"","overlay-gradient":""},"tablet":{"background-color":"var(--ast-global-color-5)","background-image":"","background-repeat":"repeat","background-position":"center center","background-size":"auto","background-attachment":"scroll","background-type":"","background-media":"","overlay-type":"","overlay-color":"","overlay-opacity":"","overlay-gradient":""},"mobile":{"background-color":"var(--ast-global-color-5)","background-image":"","background-repeat":"repeat","background-position":"center center","background-size":"auto","background-attachment":"scroll","background-type":"","background-media":"","overlay-type":"","overlay-color":"","overlay-opacity":"","overlay-gradient":""}},"footnotes":""},"categories":[176,10],"tags":[90,288],"class_list":["post-8382","post","type-post","status-publish","format-standard","hentry","category-21-22","category-prom15a","tag-musica","tag-tallers"],"post_mailing_queue_ids":[],"_links":{"self":[{"href":"https:\/\/agora.xtec.cat\/escolametllers\/wp-json\/wp\/v2\/posts\/8382","targetHints":{"allow":["GET"]}}],"collection":[{"href":"https:\/\/agora.xtec.cat\/escolametllers\/wp-json\/wp\/v2\/posts"}],"about":[{"href":"https:\/\/agora.xtec.cat\/escolametllers\/wp-json\/wp\/v2\/types\/post"}],"author":[{"embeddable":true,"href":"https:\/\/agora.xtec.cat\/escolametllers\/wp-json\/wp\/v2\/users\/50"}],"replies":[{"embeddable":true,"href":"https:\/\/agora.xtec.cat\/escolametllers\/wp-json\/wp\/v2\/comments?post=8382"}],"version-history":[{"count":1,"href":"https:\/\/agora.xtec.cat\/escolametllers\/wp-json\/wp\/v2\/posts\/8382\/revisions"}],"predecessor-version":[{"id":8383,"href":"https:\/\/agora.xtec.cat\/escolametllers\/wp-json\/wp\/v2\/posts\/8382\/revisions\/8383"}],"wp:attachment":[{"href":"https:\/\/agora.xtec.cat\/escolametllers\/wp-json\/wp\/v2\/media?parent=8382"}],"wp:term":[{"taxonomy":"category","embeddable":true,"href":"https:\/\/agora.xtec.cat\/escolametllers\/wp-json\/wp\/v2\/categories?post=8382"},{"taxonomy":"post_tag","embeddable":true,"href":"https:\/\/agora.xtec.cat\/escolametllers\/wp-json\/wp\/v2\/tags?post=8382"}],"curies":[{"name":"wp","href":"https:\/\/api.w.org\/{rel}","templated":true}]}}