{"id":8353,"date":"2022-02-07T10:17:47","date_gmt":"2022-02-07T09:17:47","guid":{"rendered":"https:\/\/agora.xtec.cat\/escolametllers\/?p=8353"},"modified":"2022-09-24T15:27:44","modified_gmt":"2022-09-24T13:27:44","slug":"quin-gener-mes-fred","status":"publish","type":"post","link":"https:\/\/agora.xtec.cat\/escolametllers\/infantil\/quin-gener-mes-fred\/","title":{"rendered":"QUIN GENER M\u00c9S FRED!"},"content":{"rendered":"<p>Aquest mes de gener ha estat molt fred i quan arrib\u00e0vem a l\u2019escola sempre v\u00e8iem el tobogan gla\u00e7at, la roda de tractor gla\u00e7ada, el banc de fusta tamb\u00e9&#8230; Fins i tot la sorra del sorral estava emblanque\u00efda pel gla\u00e7.<\/p>\n<p>Un mat\u00ed vam sortir a tocar el gel del tobogan. Era molt fred! Ens van quedar els dits ben congelats! Per culpa del fred a alguns se\u2019ns van tornar les galtes i les mans ben vermelles.<\/p>\n<p>Ens va agradar molt tocar el gla\u00e7 del tobogan perqu\u00e8 hi pod\u00edem fer dibuixos. Altres vam descobrir que si ajunt\u00e0vem el gel que arrosseg\u00e0vem amb els dits o amb un paper, pod\u00edem fer una muntanyeta de gel i &#8230; aleshores semblava neu!!!<\/p>\n<p>Per acabar b\u00e9 l\u2019experimentaci\u00f3 vam observar el gla\u00e7 amb les lupes i aix\u00ed vam poder veure b\u00e9 la seva forma (<em>tenia una mena de punxes<\/em>).<\/p>\n<p>QUE DIVERTIT QUE VA SER EXPERIMENTAR AMB EL GLA\u00c7!<\/p>\n<p><a href=\"https:\/\/photos.app.goo.gl\/1N8vraAW57oP53St6\"><img loading=\"lazy\" decoding=\"async\" class=\"alignnone wp-image-8354\" src=\"https:\/\/agora.xtec.cat\/escolametllers\/wp-content\/uploads\/usu1580\/2022\/02\/20220118_111119-1024x768.jpg\" alt=\"\" width=\"524\" height=\"393\" srcset=\"https:\/\/agora.xtec.cat\/escolametllers\/wp-content\/uploads\/usu1580\/2022\/02\/20220118_111119-1024x768.jpg 1024w, https:\/\/agora.xtec.cat\/escolametllers\/wp-content\/uploads\/usu1580\/2022\/02\/20220118_111119-300x225.jpg 300w, https:\/\/agora.xtec.cat\/escolametllers\/wp-content\/uploads\/usu1580\/2022\/02\/20220118_111119-768x576.jpg 768w, https:\/\/agora.xtec.cat\/escolametllers\/wp-content\/uploads\/usu1580\/2022\/02\/20220118_111119-200x150.jpg 200w, https:\/\/agora.xtec.cat\/escolametllers\/wp-content\/uploads\/usu1580\/2022\/02\/20220118_111119.jpg 1152w\" sizes=\"auto, (max-width: 524px) 100vw, 524px\" \/><\/a><\/p>\n","protected":false},"excerpt":{"rendered":"<p>Aquest mes de gener ha estat molt fred i quan arrib\u00e0vem a l\u2019escola sempre v\u00e8iem el tobogan gla\u00e7at, la roda de tractor gla\u00e7ada, el banc de fusta tamb\u00e9&#8230; Fins i tot la sorra del sorral estava emblanque\u00efda pel gla\u00e7. Un mat\u00ed vam sortir a tocar el gel del tobogan. Era molt fred! Ens van quedar [&hellip;]<\/p>\n","protected":false},"author":1,"featured_media":0,"comment_status":"open","ping_status":"closed","sticky":false,"template":"","format":"standard","meta":{"_bbp_topic_count":0,"_bbp_reply_count":0,"_bbp_total_topic_count":0,"_bbp_total_reply_count":0,"_bbp_voice_count":0,"_bbp_anonymous_reply_count":0,"_bbp_topic_count_hidden":0,"_bbp_reply_count_hidden":0,"_bbp_forum_subforum_count":0,"site-sidebar-layout":"default","site-content-layout":"","ast-site-content-layout":"","site-content-style":"default","site-sidebar-style":"default","ast-global-header-display":"","ast-banner-title-visibility":"","ast-main-header-display":"","ast-hfb-above-header-display":"","ast-hfb-below-header-display":"","ast-hfb-mobile-header-display":"","site-post-title":"","ast-breadcrumbs-content":"","ast-featured-img":"","footer-sml-layout":"","theme-transparent-header-meta":"","adv-header-id-meta":"","stick-header-meta":"","header-above-stick-meta":"","header-main-stick-meta":"","header-below-stick-meta":"","astra-migrate-meta-layouts":"default","ast-page-background-enabled":"default","ast-page-background-meta":{"desktop":{"background-color":"var(--ast-global-color-4)","background-image":"","background-repeat":"repeat","background-position":"center center","background-size":"auto","background-attachment":"scroll","background-type":"","background-media":"","overlay-type":"","overlay-color":"","overlay-opacity":"","overlay-gradient":""},"tablet":{"background-color":"","background-image":"","background-repeat":"repeat","background-position":"center center","background-size":"auto","background-attachment":"scroll","background-type":"","background-media":"","overlay-type":"","overlay-color":"","overlay-opacity":"","overlay-gradient":""},"mobile":{"background-color":"","background-image":"","background-repeat":"repeat","background-position":"center center","background-size":"auto","background-attachment":"scroll","background-type":"","background-media":"","overlay-type":"","overlay-color":"","overlay-opacity":"","overlay-gradient":""}},"ast-content-background-meta":{"desktop":{"background-color":"var(--ast-global-color-5)","background-image":"","background-repeat":"repeat","background-position":"center center","background-size":"auto","background-attachment":"scroll","background-type":"","background-media":"","overlay-type":"","overlay-color":"","overlay-opacity":"","overlay-gradient":""},"tablet":{"background-color":"var(--ast-global-color-5)","background-image":"","background-repeat":"repeat","background-position":"center center","background-size":"auto","background-attachment":"scroll","background-type":"","background-media":"","overlay-type":"","overlay-color":"","overlay-opacity":"","overlay-gradient":""},"mobile":{"background-color":"var(--ast-global-color-5)","background-image":"","background-repeat":"repeat","background-position":"center center","background-size":"auto","background-attachment":"scroll","background-type":"","background-media":"","overlay-type":"","overlay-color":"","overlay-opacity":"","overlay-gradient":""}},"footnotes":""},"categories":[176,8,2],"tags":[237],"class_list":["post-8353","post","type-post","status-publish","format-standard","hentry","category-21-22","category-eic","category-infantil","tag-hivern"],"post_mailing_queue_ids":[],"_links":{"self":[{"href":"https:\/\/agora.xtec.cat\/escolametllers\/wp-json\/wp\/v2\/posts\/8353","targetHints":{"allow":["GET"]}}],"collection":[{"href":"https:\/\/agora.xtec.cat\/escolametllers\/wp-json\/wp\/v2\/posts"}],"about":[{"href":"https:\/\/agora.xtec.cat\/escolametllers\/wp-json\/wp\/v2\/types\/post"}],"author":[{"embeddable":true,"href":"https:\/\/agora.xtec.cat\/escolametllers\/wp-json\/wp\/v2\/users\/1"}],"replies":[{"embeddable":true,"href":"https:\/\/agora.xtec.cat\/escolametllers\/wp-json\/wp\/v2\/comments?post=8353"}],"version-history":[{"count":1,"href":"https:\/\/agora.xtec.cat\/escolametllers\/wp-json\/wp\/v2\/posts\/8353\/revisions"}],"predecessor-version":[{"id":8355,"href":"https:\/\/agora.xtec.cat\/escolametllers\/wp-json\/wp\/v2\/posts\/8353\/revisions\/8355"}],"wp:attachment":[{"href":"https:\/\/agora.xtec.cat\/escolametllers\/wp-json\/wp\/v2\/media?parent=8353"}],"wp:term":[{"taxonomy":"category","embeddable":true,"href":"https:\/\/agora.xtec.cat\/escolametllers\/wp-json\/wp\/v2\/categories?post=8353"},{"taxonomy":"post_tag","embeddable":true,"href":"https:\/\/agora.xtec.cat\/escolametllers\/wp-json\/wp\/v2\/tags?post=8353"}],"curies":[{"name":"wp","href":"https:\/\/api.w.org\/{rel}","templated":true}]}}