{"id":8275,"date":"2022-02-22T18:44:21","date_gmt":"2022-02-22T17:44:21","guid":{"rendered":"https:\/\/agora.xtec.cat\/escolametllers\/?p=8275"},"modified":"2022-09-24T15:24:06","modified_gmt":"2022-09-24T13:24:06","slug":"estones-de-lectura","status":"publish","type":"post","link":"https:\/\/agora.xtec.cat\/escolametllers\/infantil\/estones-de-lectura\/","title":{"rendered":"ESTONES DE LECTURA"},"content":{"rendered":"<p><span style=\"font-weight: 400;\">Cada vegada m\u00e9s, a la classe ens sentim atrets per les lletres, per les paraules, intentem desxifrar qu\u00e8 posa en cada lloc, tenim un cuquet a dins que ens porta a fer suposicions i voler esbrinar \u201cqu\u00e8 diu aqu\u00ed?\u201d, els noms, els dies de la setmana, els c\u00e0rrecs, paraules concretes relacionades amb els projectes, les estacions, etc.\u00a0<\/span><\/p>\n<p><span style=\"font-weight: 400;\">Les paraules s\u00f3n a tot arreu, i el lloc on m\u00e9s les veiem s\u00f3n en els contes. Mirant contes veiem i coneixem paraules noves, descobrim \u201cqu\u00e8 hi posa aqu\u00ed\u201d, desxifrem algunes paraules, compartim coneixements amb els\/les nostres companys\/es, i aprenem acompanyats de la m\u00e0gia de les hist\u00f2ries amagades de dins dels contes.\u00a0<\/span><\/p>\n<p>Un cop a la setmana fem el pr\u00e9stec del conte a casa. Aquest ens permet anar agafant el gust per la lectura i a tenir estones on ens endinsem entre hist\u00f2ries acompanyats i acompanyades de la fam\u00edlia.<\/p>\n<p><a href=\"https:\/\/photos.app.goo.gl\/KE4wzhCVzbKe7EWt8\"><img loading=\"lazy\" decoding=\"async\" class=\"alignnone wp-image-8276\" src=\"https:\/\/agora.xtec.cat\/escolametllers\/wp-content\/uploads\/usu1580\/2022\/01\/IMG_6356-copia.jpg\" alt=\"\" width=\"767\" height=\"519\" srcset=\"https:\/\/agora.xtec.cat\/escolametllers\/wp-content\/uploads\/usu1580\/2022\/01\/IMG_6356-copia.jpg 911w, https:\/\/agora.xtec.cat\/escolametllers\/wp-content\/uploads\/usu1580\/2022\/01\/IMG_6356-copia-300x203.jpg 300w, https:\/\/agora.xtec.cat\/escolametllers\/wp-content\/uploads\/usu1580\/2022\/01\/IMG_6356-copia-768x519.jpg 768w\" sizes=\"auto, (max-width: 767px) 100vw, 767px\" \/><\/a><\/p>\n","protected":false},"excerpt":{"rendered":"<p>Cada vegada m\u00e9s, a la classe ens sentim atrets per les lletres, per les paraules, intentem desxifrar qu\u00e8 posa en cada lloc, tenim un cuquet a dins que ens porta a fer suposicions i voler esbrinar \u201cqu\u00e8 diu aqu\u00ed?\u201d, els noms, els dies de la setmana, els c\u00e0rrecs, paraules concretes relacionades amb els projectes, les [&hellip;]<\/p>\n","protected":false},"author":46,"featured_media":0,"comment_status":"open","ping_status":"closed","sticky":false,"template":"","format":"standard","meta":{"_bbp_topic_count":0,"_bbp_reply_count":0,"_bbp_total_topic_count":0,"_bbp_total_reply_count":0,"_bbp_voice_count":0,"_bbp_anonymous_reply_count":0,"_bbp_topic_count_hidden":0,"_bbp_reply_count_hidden":0,"_bbp_forum_subforum_count":0,"site-sidebar-layout":"default","site-content-layout":"","ast-site-content-layout":"","site-content-style":"default","site-sidebar-style":"default","ast-global-header-display":"","ast-banner-title-visibility":"","ast-main-header-display":"","ast-hfb-above-header-display":"","ast-hfb-below-header-display":"","ast-hfb-mobile-header-display":"","site-post-title":"","ast-breadcrumbs-content":"","ast-featured-img":"","footer-sml-layout":"","theme-transparent-header-meta":"","adv-header-id-meta":"","stick-header-meta":"","header-above-stick-meta":"","header-main-stick-meta":"","header-below-stick-meta":"","astra-migrate-meta-layouts":"default","ast-page-background-enabled":"default","ast-page-background-meta":{"desktop":{"background-color":"var(--ast-global-color-4)","background-image":"","background-repeat":"repeat","background-position":"center center","background-size":"auto","background-attachment":"scroll","background-type":"","background-media":"","overlay-type":"","overlay-color":"","overlay-opacity":"","overlay-gradient":""},"tablet":{"background-color":"","background-image":"","background-repeat":"repeat","background-position":"center center","background-size":"auto","background-attachment":"scroll","background-type":"","background-media":"","overlay-type":"","overlay-color":"","overlay-opacity":"","overlay-gradient":""},"mobile":{"background-color":"","background-image":"","background-repeat":"repeat","background-position":"center center","background-size":"auto","background-attachment":"scroll","background-type":"","background-media":"","overlay-type":"","overlay-color":"","overlay-opacity":"","overlay-gradient":""}},"ast-content-background-meta":{"desktop":{"background-color":"var(--ast-global-color-5)","background-image":"","background-repeat":"repeat","background-position":"center center","background-size":"auto","background-attachment":"scroll","background-type":"","background-media":"","overlay-type":"","overlay-color":"","overlay-opacity":"","overlay-gradient":""},"tablet":{"background-color":"var(--ast-global-color-5)","background-image":"","background-repeat":"repeat","background-position":"center center","background-size":"auto","background-attachment":"scroll","background-type":"","background-media":"","overlay-type":"","overlay-color":"","overlay-opacity":"","overlay-gradient":""},"mobile":{"background-color":"var(--ast-global-color-5)","background-image":"","background-repeat":"repeat","background-position":"center center","background-size":"auto","background-attachment":"scroll","background-type":"","background-media":"","overlay-type":"","overlay-color":"","overlay-opacity":"","overlay-gradient":""}},"footnotes":""},"categories":[176,2,9],"tags":[212],"class_list":["post-8275","post","type-post","status-publish","format-standard","hentry","category-21-22","category-infantil","category-prom16a","tag-llengua"],"post_mailing_queue_ids":[],"_links":{"self":[{"href":"https:\/\/agora.xtec.cat\/escolametllers\/wp-json\/wp\/v2\/posts\/8275","targetHints":{"allow":["GET"]}}],"collection":[{"href":"https:\/\/agora.xtec.cat\/escolametllers\/wp-json\/wp\/v2\/posts"}],"about":[{"href":"https:\/\/agora.xtec.cat\/escolametllers\/wp-json\/wp\/v2\/types\/post"}],"author":[{"embeddable":true,"href":"https:\/\/agora.xtec.cat\/escolametllers\/wp-json\/wp\/v2\/users\/46"}],"replies":[{"embeddable":true,"href":"https:\/\/agora.xtec.cat\/escolametllers\/wp-json\/wp\/v2\/comments?post=8275"}],"version-history":[{"count":2,"href":"https:\/\/agora.xtec.cat\/escolametllers\/wp-json\/wp\/v2\/posts\/8275\/revisions"}],"predecessor-version":[{"id":8448,"href":"https:\/\/agora.xtec.cat\/escolametllers\/wp-json\/wp\/v2\/posts\/8275\/revisions\/8448"}],"wp:attachment":[{"href":"https:\/\/agora.xtec.cat\/escolametllers\/wp-json\/wp\/v2\/media?parent=8275"}],"wp:term":[{"taxonomy":"category","embeddable":true,"href":"https:\/\/agora.xtec.cat\/escolametllers\/wp-json\/wp\/v2\/categories?post=8275"},{"taxonomy":"post_tag","embeddable":true,"href":"https:\/\/agora.xtec.cat\/escolametllers\/wp-json\/wp\/v2\/tags?post=8275"}],"curies":[{"name":"wp","href":"https:\/\/api.w.org\/{rel}","templated":true}]}}