{"id":8257,"date":"2022-01-27T13:05:50","date_gmt":"2022-01-27T12:05:50","guid":{"rendered":"https:\/\/agora.xtec.cat\/escolametllers\/?p=8257"},"modified":"2022-09-24T15:32:21","modified_gmt":"2022-09-24T13:32:21","slug":"mes-activitats-nadalenques","status":"publish","type":"post","link":"https:\/\/agora.xtec.cat\/escolametllers\/infantil\/mes-activitats-nadalenques\/","title":{"rendered":"M\u00c9S ACTIVITATS NADALENQUES"},"content":{"rendered":"<p>A la classe del Mic tamb\u00e9 volem compartir amb vosaltres la resta d\u2019 activitats relacionades amb el Nadal. Uns dies abans de comen\u00e7ar les vacances vam visitar la paradeta de Santa Ll\u00facia que hi havia al vest\u00edbul de prim\u00e0ria. Un altre dia vam pensar entre tots quin eren els nostres <strong>Desitjos de Nadal<\/strong> i els vam escriure en dues tires que despr\u00e9s vam decorar, plastificar i penjar als arbres de l\u2019entrada a l\u2019escola. Tamb\u00e9 vam rebre la <strong>carta del Ti\u00f3<\/strong>, que ens demanava ajuda perqu\u00e8 s\u2019havia perdut al bosc, per la qual cosa el vam anar a buscar i el vam portar a la nostra classe (atipant-lo fins el dia 22, que el vam <em>fer cagar<\/em>). Ens va cagar neules, torrons de xocolata i monedes! <em>Mmmmm, com<\/em> <em>ens van agradar!<\/em><\/p>\n<p>L\u2019\u00faltim dia tamb\u00e9 vam escriure la <strong>Carta als Reis<\/strong>. La vam fer a la pissarra i al costat hi vam enganxar els dibuixos de les joguines que ens agradaria que ens portessin (una pilota, un Mic, etc.)<\/p>\n<p>I&#8230; sabeu qu\u00e8? En tornar a l\u2019escola el primer dia despr\u00e9s de les vacances, la Gemma ens va dir que a vegades els Reis deixaven joguines a l\u2019aula de psicomotricitat. Classe per classe vam anar-hi per a comprovar-ho i&#8230; s\u00ed que hi vam trobar un munt de regals!! Cada paquet estava marcat i aix\u00ed vam saber quins eren els nostres.<\/p>\n<p>Que bonics els regals dels Reis! Ens vam posar tots molt contents i ja vam comen\u00e7ar a jugar-hi aquell mateix dia!<\/p>\n<p>Ah! Tornant de les vacances tamb\u00e9 vam fer un mural molt especial. Hi vam enganxar les joguines que pr\u00e8viament hav\u00edem retallat de diferents cat\u00e0legs. Ens ho vam passar molt b\u00e9!<\/p>\n<p>Aqu\u00ed us deixem les fotos de totes aquestes activitats&#8230;<\/p>\n<p><a href=\"https:\/\/photos.app.goo.gl\/bTonFCLULbKtCVcVA\"><img loading=\"lazy\" decoding=\"async\" class=\"alignnone wp-image-8258\" src=\"https:\/\/agora.xtec.cat\/escolametllers\/wp-content\/uploads\/usu1580\/2022\/01\/20211222_114927-1024x768.jpg\" alt=\"\" width=\"511\" height=\"384\" srcset=\"https:\/\/agora.xtec.cat\/escolametllers\/wp-content\/uploads\/usu1580\/2022\/01\/20211222_114927-1024x768.jpg 1024w, https:\/\/agora.xtec.cat\/escolametllers\/wp-content\/uploads\/usu1580\/2022\/01\/20211222_114927-300x225.jpg 300w, https:\/\/agora.xtec.cat\/escolametllers\/wp-content\/uploads\/usu1580\/2022\/01\/20211222_114927-768x576.jpg 768w, https:\/\/agora.xtec.cat\/escolametllers\/wp-content\/uploads\/usu1580\/2022\/01\/20211222_114927-200x150.jpg 200w, https:\/\/agora.xtec.cat\/escolametllers\/wp-content\/uploads\/usu1580\/2022\/01\/20211222_114927.jpg 1152w\" sizes=\"auto, (max-width: 511px) 100vw, 511px\" \/><\/a><\/p>\n","protected":false},"excerpt":{"rendered":"<p>A la classe del Mic tamb\u00e9 volem compartir amb vosaltres la resta d\u2019 activitats relacionades amb el Nadal. Uns dies abans de comen\u00e7ar les vacances vam visitar la paradeta de Santa Ll\u00facia que hi havia al vest\u00edbul de prim\u00e0ria. Un altre dia vam pensar entre tots quin eren els nostres Desitjos de Nadal i els [&hellip;]<\/p>\n","protected":false},"author":1,"featured_media":0,"comment_status":"open","ping_status":"closed","sticky":false,"template":"","format":"standard","meta":{"_bbp_topic_count":0,"_bbp_reply_count":0,"_bbp_total_topic_count":0,"_bbp_total_reply_count":0,"_bbp_voice_count":0,"_bbp_anonymous_reply_count":0,"_bbp_topic_count_hidden":0,"_bbp_reply_count_hidden":0,"_bbp_forum_subforum_count":0,"site-sidebar-layout":"default","site-content-layout":"","ast-site-content-layout":"","site-content-style":"default","site-sidebar-style":"default","ast-global-header-display":"","ast-banner-title-visibility":"","ast-main-header-display":"","ast-hfb-above-header-display":"","ast-hfb-below-header-display":"","ast-hfb-mobile-header-display":"","site-post-title":"","ast-breadcrumbs-content":"","ast-featured-img":"","footer-sml-layout":"","theme-transparent-header-meta":"","adv-header-id-meta":"","stick-header-meta":"","header-above-stick-meta":"","header-main-stick-meta":"","header-below-stick-meta":"","astra-migrate-meta-layouts":"default","ast-page-background-enabled":"default","ast-page-background-meta":{"desktop":{"background-color":"var(--ast-global-color-4)","background-image":"","background-repeat":"repeat","background-position":"center center","background-size":"auto","background-attachment":"scroll","background-type":"","background-media":"","overlay-type":"","overlay-color":"","overlay-opacity":"","overlay-gradient":""},"tablet":{"background-color":"","background-image":"","background-repeat":"repeat","background-position":"center center","background-size":"auto","background-attachment":"scroll","background-type":"","background-media":"","overlay-type":"","overlay-color":"","overlay-opacity":"","overlay-gradient":""},"mobile":{"background-color":"","background-image":"","background-repeat":"repeat","background-position":"center center","background-size":"auto","background-attachment":"scroll","background-type":"","background-media":"","overlay-type":"","overlay-color":"","overlay-opacity":"","overlay-gradient":""}},"ast-content-background-meta":{"desktop":{"background-color":"var(--ast-global-color-5)","background-image":"","background-repeat":"repeat","background-position":"center center","background-size":"auto","background-attachment":"scroll","background-type":"","background-media":"","overlay-type":"","overlay-color":"","overlay-opacity":"","overlay-gradient":""},"tablet":{"background-color":"var(--ast-global-color-5)","background-image":"","background-repeat":"repeat","background-position":"center center","background-size":"auto","background-attachment":"scroll","background-type":"","background-media":"","overlay-type":"","overlay-color":"","overlay-opacity":"","overlay-gradient":""},"mobile":{"background-color":"var(--ast-global-color-5)","background-image":"","background-repeat":"repeat","background-position":"center center","background-size":"auto","background-attachment":"scroll","background-type":"","background-media":"","overlay-type":"","overlay-color":"","overlay-opacity":"","overlay-gradient":""}},"footnotes":""},"categories":[176,8,2],"tags":[173],"class_list":["post-8257","post","type-post","status-publish","format-standard","hentry","category-21-22","category-eic","category-infantil","tag-nadal"],"post_mailing_queue_ids":[],"_links":{"self":[{"href":"https:\/\/agora.xtec.cat\/escolametllers\/wp-json\/wp\/v2\/posts\/8257","targetHints":{"allow":["GET"]}}],"collection":[{"href":"https:\/\/agora.xtec.cat\/escolametllers\/wp-json\/wp\/v2\/posts"}],"about":[{"href":"https:\/\/agora.xtec.cat\/escolametllers\/wp-json\/wp\/v2\/types\/post"}],"author":[{"embeddable":true,"href":"https:\/\/agora.xtec.cat\/escolametllers\/wp-json\/wp\/v2\/users\/1"}],"replies":[{"embeddable":true,"href":"https:\/\/agora.xtec.cat\/escolametllers\/wp-json\/wp\/v2\/comments?post=8257"}],"version-history":[{"count":1,"href":"https:\/\/agora.xtec.cat\/escolametllers\/wp-json\/wp\/v2\/posts\/8257\/revisions"}],"predecessor-version":[{"id":8259,"href":"https:\/\/agora.xtec.cat\/escolametllers\/wp-json\/wp\/v2\/posts\/8257\/revisions\/8259"}],"wp:attachment":[{"href":"https:\/\/agora.xtec.cat\/escolametllers\/wp-json\/wp\/v2\/media?parent=8257"}],"wp:term":[{"taxonomy":"category","embeddable":true,"href":"https:\/\/agora.xtec.cat\/escolametllers\/wp-json\/wp\/v2\/categories?post=8257"},{"taxonomy":"post_tag","embeddable":true,"href":"https:\/\/agora.xtec.cat\/escolametllers\/wp-json\/wp\/v2\/tags?post=8257"}],"curies":[{"name":"wp","href":"https:\/\/api.w.org\/{rel}","templated":true}]}}