{"id":8211,"date":"2022-01-08T17:24:56","date_gmt":"2022-01-08T16:24:56","guid":{"rendered":"https:\/\/agora.xtec.cat\/escolametllers\/?p=8211"},"modified":"2022-09-24T15:31:41","modified_gmt":"2022-09-24T13:31:41","slug":"fem-motricitat-fina","status":"publish","type":"post","link":"https:\/\/agora.xtec.cat\/escolametllers\/infantil\/fem-motricitat-fina\/","title":{"rendered":"FEM MOTRICITAT FINA"},"content":{"rendered":"<p>Els nens i nenes de la classe del Mic al llarg del 1r trimestre hem fet diferents <strong>Racons de Motricitat Fina<\/strong>. Aquest tipus d\u2019activitats ens ajuden a afavorir el domini de la m\u00e0, la destresa dels dits, la precisi\u00f3, la for\u00e7a, la pressi\u00f3, aix\u00ed com tamb\u00e9 a potenciar la coordinaci\u00f3 \u00f3culo-manual. A trav\u00e9s del joc i la manipulaci\u00f3 de diferents materials, cadasc\u00fa de nosaltres ha anat trobant les pr\u00f2pies estrat\u00e8gies per anar progressant de manera aut\u00f2noma, adquirint alhora aprenentatges significatius i funcionals.<\/p>\n<p>Aqu\u00ed teniu un recull d\u2019alguns dels racons que hem fet&#8230;<\/p>\n<p><a href=\"https:\/\/photos.app.goo.gl\/Rn53J1pii5CVCdwX6\"><img loading=\"lazy\" decoding=\"async\" class=\"alignnone wp-image-8212\" src=\"https:\/\/agora.xtec.cat\/escolametllers\/wp-content\/uploads\/usu1580\/2022\/01\/IMG-20211008-WA0032.jpg\" alt=\"\" width=\"340\" height=\"453\" srcset=\"https:\/\/agora.xtec.cat\/escolametllers\/wp-content\/uploads\/usu1580\/2022\/01\/IMG-20211008-WA0032.jpg 384w, https:\/\/agora.xtec.cat\/escolametllers\/wp-content\/uploads\/usu1580\/2022\/01\/IMG-20211008-WA0032-225x300.jpg 225w\" sizes=\"auto, (max-width: 340px) 100vw, 340px\" \/><\/a><\/p>\n","protected":false},"excerpt":{"rendered":"<p>Els nens i nenes de la classe del Mic al llarg del 1r trimestre hem fet diferents Racons de Motricitat Fina. Aquest tipus d\u2019activitats ens ajuden a afavorir el domini de la m\u00e0, la destresa dels dits, la precisi\u00f3, la for\u00e7a, la pressi\u00f3, aix\u00ed com tamb\u00e9 a potenciar la coordinaci\u00f3 \u00f3culo-manual. A trav\u00e9s del joc [&hellip;]<\/p>\n","protected":false},"author":1,"featured_media":0,"comment_status":"open","ping_status":"closed","sticky":false,"template":"","format":"standard","meta":{"_bbp_topic_count":0,"_bbp_reply_count":0,"_bbp_total_topic_count":0,"_bbp_total_reply_count":0,"_bbp_voice_count":0,"_bbp_anonymous_reply_count":0,"_bbp_topic_count_hidden":0,"_bbp_reply_count_hidden":0,"_bbp_forum_subforum_count":0,"site-sidebar-layout":"default","site-content-layout":"","ast-site-content-layout":"","site-content-style":"default","site-sidebar-style":"default","ast-global-header-display":"","ast-banner-title-visibility":"","ast-main-header-display":"","ast-hfb-above-header-display":"","ast-hfb-below-header-display":"","ast-hfb-mobile-header-display":"","site-post-title":"","ast-breadcrumbs-content":"","ast-featured-img":"","footer-sml-layout":"","theme-transparent-header-meta":"","adv-header-id-meta":"","stick-header-meta":"","header-above-stick-meta":"","header-main-stick-meta":"","header-below-stick-meta":"","astra-migrate-meta-layouts":"default","ast-page-background-enabled":"default","ast-page-background-meta":{"desktop":{"background-color":"var(--ast-global-color-4)","background-image":"","background-repeat":"repeat","background-position":"center center","background-size":"auto","background-attachment":"scroll","background-type":"","background-media":"","overlay-type":"","overlay-color":"","overlay-opacity":"","overlay-gradient":""},"tablet":{"background-color":"","background-image":"","background-repeat":"repeat","background-position":"center center","background-size":"auto","background-attachment":"scroll","background-type":"","background-media":"","overlay-type":"","overlay-color":"","overlay-opacity":"","overlay-gradient":""},"mobile":{"background-color":"","background-image":"","background-repeat":"repeat","background-position":"center center","background-size":"auto","background-attachment":"scroll","background-type":"","background-media":"","overlay-type":"","overlay-color":"","overlay-opacity":"","overlay-gradient":""}},"ast-content-background-meta":{"desktop":{"background-color":"var(--ast-global-color-5)","background-image":"","background-repeat":"repeat","background-position":"center center","background-size":"auto","background-attachment":"scroll","background-type":"","background-media":"","overlay-type":"","overlay-color":"","overlay-opacity":"","overlay-gradient":""},"tablet":{"background-color":"var(--ast-global-color-5)","background-image":"","background-repeat":"repeat","background-position":"center center","background-size":"auto","background-attachment":"scroll","background-type":"","background-media":"","overlay-type":"","overlay-color":"","overlay-opacity":"","overlay-gradient":""},"mobile":{"background-color":"var(--ast-global-color-5)","background-image":"","background-repeat":"repeat","background-position":"center center","background-size":"auto","background-attachment":"scroll","background-type":"","background-media":"","overlay-type":"","overlay-color":"","overlay-opacity":"","overlay-gradient":""}},"footnotes":""},"categories":[176,8,2],"tags":[18],"class_list":["post-8211","post","type-post","status-publish","format-standard","hentry","category-21-22","category-eic","category-infantil","tag-psicomotricitat"],"post_mailing_queue_ids":[],"_links":{"self":[{"href":"https:\/\/agora.xtec.cat\/escolametllers\/wp-json\/wp\/v2\/posts\/8211","targetHints":{"allow":["GET"]}}],"collection":[{"href":"https:\/\/agora.xtec.cat\/escolametllers\/wp-json\/wp\/v2\/posts"}],"about":[{"href":"https:\/\/agora.xtec.cat\/escolametllers\/wp-json\/wp\/v2\/types\/post"}],"author":[{"embeddable":true,"href":"https:\/\/agora.xtec.cat\/escolametllers\/wp-json\/wp\/v2\/users\/1"}],"replies":[{"embeddable":true,"href":"https:\/\/agora.xtec.cat\/escolametllers\/wp-json\/wp\/v2\/comments?post=8211"}],"version-history":[{"count":1,"href":"https:\/\/agora.xtec.cat\/escolametllers\/wp-json\/wp\/v2\/posts\/8211\/revisions"}],"predecessor-version":[{"id":8213,"href":"https:\/\/agora.xtec.cat\/escolametllers\/wp-json\/wp\/v2\/posts\/8211\/revisions\/8213"}],"wp:attachment":[{"href":"https:\/\/agora.xtec.cat\/escolametllers\/wp-json\/wp\/v2\/media?parent=8211"}],"wp:term":[{"taxonomy":"category","embeddable":true,"href":"https:\/\/agora.xtec.cat\/escolametllers\/wp-json\/wp\/v2\/categories?post=8211"},{"taxonomy":"post_tag","embeddable":true,"href":"https:\/\/agora.xtec.cat\/escolametllers\/wp-json\/wp\/v2\/tags?post=8211"}],"curies":[{"name":"wp","href":"https:\/\/api.w.org\/{rel}","templated":true}]}}