{"id":8151,"date":"2021-12-22T14:00:05","date_gmt":"2021-12-22T13:00:05","guid":{"rendered":"https:\/\/agora.xtec.cat\/escolametllers\/?p=8151"},"modified":"2022-09-24T15:30:14","modified_gmt":"2022-09-24T13:30:14","slug":"bones-festes-i-felic-entrada-dany-2022","status":"publish","type":"post","link":"https:\/\/agora.xtec.cat\/escolametllers\/infantil\/bones-festes-i-felic-entrada-dany-2022\/","title":{"rendered":"BONES FESTES I FELI\u00c7 ENTRADA D\u2019ANY 2022!"},"content":{"rendered":"<p><span style=\"font-weight: 400;\">Aqu\u00ed us deixem les fotografies d\u2019aquests \u00faltims dies del primer trimestre a l\u2019escola. Han sigut dies de moltes emocions, de pessigolles a la panxa, de nervis (dels bons, d\u2019aquells que ens recorden que les festes de Nadal i les vacances s\u00f3n a prop). Aquests dies a l\u2019escola hem rebut la carta del Ti\u00f3 que ens demanava ajuda perqu\u00e8 s\u2019havia perdut al bosc, i ell volia ser amb nosaltres a l\u2019escola, el vam anar a buscar i el vam trobar! Tamb\u00e9 hem fet unes postals de Nadal molt boniques, que arribaran a casa en breu, hem preparat els nostres \u00e0lbums, per poder-los veure a casa aquestes festes. Tamb\u00e9 hem pensat en desitjos bonics que hem compartit amb tota la comunitat educativa, hem fet la carta als Reis d\u2019Orient, i tamb\u00e9 hem cantat nadales i hem fet cagar el Ti\u00f3! Han sigut dies de compartir, de pensar en els altres, dies realment m\u00e0gics!<\/span><\/p>\n<p>&nbsp;<\/p>\n<p><span style=\"font-weight: 400;\">Fam\u00edlies, us desitgem que gaudiu molt d\u2019aquestes festes de Nadal i de l\u2019entrada al nou any 2022! Ens retrobem al gener, amb moltes ganes, i amb els bra\u00e7os oberts. MOLT BONES FESTES!<\/span><\/p>\n<p>&nbsp;<\/p>\n<p><a href=\"https:\/\/photos.app.goo.gl\/gM3euthohnjECU3y5\"><img loading=\"lazy\" decoding=\"async\" class=\"alignnone size-full wp-image-8152\" src=\"https:\/\/agora.xtec.cat\/escolametllers\/wp-content\/uploads\/usu1580\/2021\/12\/IMG_E5225-copia.jpg\" alt=\"\" width=\"755\" height=\"755\" srcset=\"https:\/\/agora.xtec.cat\/escolametllers\/wp-content\/uploads\/usu1580\/2021\/12\/IMG_E5225-copia.jpg 755w, https:\/\/agora.xtec.cat\/escolametllers\/wp-content\/uploads\/usu1580\/2021\/12\/IMG_E5225-copia-300x300.jpg 300w, https:\/\/agora.xtec.cat\/escolametllers\/wp-content\/uploads\/usu1580\/2021\/12\/IMG_E5225-copia-150x150.jpg 150w\" sizes=\"auto, (max-width: 755px) 100vw, 755px\" \/><\/a><\/p>\n","protected":false},"excerpt":{"rendered":"<p>Aqu\u00ed us deixem les fotografies d\u2019aquests \u00faltims dies del primer trimestre a l\u2019escola. Han sigut dies de moltes emocions, de pessigolles a la panxa, de nervis (dels bons, d\u2019aquells que ens recorden que les festes de Nadal i les vacances s\u00f3n a prop). Aquests dies a l\u2019escola hem rebut la carta del Ti\u00f3 que ens [&hellip;]<\/p>\n","protected":false},"author":46,"featured_media":0,"comment_status":"open","ping_status":"closed","sticky":false,"template":"","format":"standard","meta":{"_bbp_topic_count":0,"_bbp_reply_count":0,"_bbp_total_topic_count":0,"_bbp_total_reply_count":0,"_bbp_voice_count":0,"_bbp_anonymous_reply_count":0,"_bbp_topic_count_hidden":0,"_bbp_reply_count_hidden":0,"_bbp_forum_subforum_count":0,"site-sidebar-layout":"default","site-content-layout":"","ast-site-content-layout":"","site-content-style":"default","site-sidebar-style":"default","ast-global-header-display":"","ast-banner-title-visibility":"","ast-main-header-display":"","ast-hfb-above-header-display":"","ast-hfb-below-header-display":"","ast-hfb-mobile-header-display":"","site-post-title":"","ast-breadcrumbs-content":"","ast-featured-img":"","footer-sml-layout":"","theme-transparent-header-meta":"","adv-header-id-meta":"","stick-header-meta":"","header-above-stick-meta":"","header-main-stick-meta":"","header-below-stick-meta":"","astra-migrate-meta-layouts":"default","ast-page-background-enabled":"default","ast-page-background-meta":{"desktop":{"background-color":"var(--ast-global-color-4)","background-image":"","background-repeat":"repeat","background-position":"center center","background-size":"auto","background-attachment":"scroll","background-type":"","background-media":"","overlay-type":"","overlay-color":"","overlay-opacity":"","overlay-gradient":""},"tablet":{"background-color":"","background-image":"","background-repeat":"repeat","background-position":"center center","background-size":"auto","background-attachment":"scroll","background-type":"","background-media":"","overlay-type":"","overlay-color":"","overlay-opacity":"","overlay-gradient":""},"mobile":{"background-color":"","background-image":"","background-repeat":"repeat","background-position":"center center","background-size":"auto","background-attachment":"scroll","background-type":"","background-media":"","overlay-type":"","overlay-color":"","overlay-opacity":"","overlay-gradient":""}},"ast-content-background-meta":{"desktop":{"background-color":"var(--ast-global-color-5)","background-image":"","background-repeat":"repeat","background-position":"center center","background-size":"auto","background-attachment":"scroll","background-type":"","background-media":"","overlay-type":"","overlay-color":"","overlay-opacity":"","overlay-gradient":""},"tablet":{"background-color":"var(--ast-global-color-5)","background-image":"","background-repeat":"repeat","background-position":"center center","background-size":"auto","background-attachment":"scroll","background-type":"","background-media":"","overlay-type":"","overlay-color":"","overlay-opacity":"","overlay-gradient":""},"mobile":{"background-color":"var(--ast-global-color-5)","background-image":"","background-repeat":"repeat","background-position":"center center","background-size":"auto","background-attachment":"scroll","background-type":"","background-media":"","overlay-type":"","overlay-color":"","overlay-opacity":"","overlay-gradient":""}},"footnotes":""},"categories":[176,2,9],"tags":[237,173],"class_list":["post-8151","post","type-post","status-publish","format-standard","hentry","category-21-22","category-infantil","category-prom16a","tag-hivern","tag-nadal"],"post_mailing_queue_ids":[],"_links":{"self":[{"href":"https:\/\/agora.xtec.cat\/escolametllers\/wp-json\/wp\/v2\/posts\/8151","targetHints":{"allow":["GET"]}}],"collection":[{"href":"https:\/\/agora.xtec.cat\/escolametllers\/wp-json\/wp\/v2\/posts"}],"about":[{"href":"https:\/\/agora.xtec.cat\/escolametllers\/wp-json\/wp\/v2\/types\/post"}],"author":[{"embeddable":true,"href":"https:\/\/agora.xtec.cat\/escolametllers\/wp-json\/wp\/v2\/users\/46"}],"replies":[{"embeddable":true,"href":"https:\/\/agora.xtec.cat\/escolametllers\/wp-json\/wp\/v2\/comments?post=8151"}],"version-history":[{"count":1,"href":"https:\/\/agora.xtec.cat\/escolametllers\/wp-json\/wp\/v2\/posts\/8151\/revisions"}],"predecessor-version":[{"id":8153,"href":"https:\/\/agora.xtec.cat\/escolametllers\/wp-json\/wp\/v2\/posts\/8151\/revisions\/8153"}],"wp:attachment":[{"href":"https:\/\/agora.xtec.cat\/escolametllers\/wp-json\/wp\/v2\/media?parent=8151"}],"wp:term":[{"taxonomy":"category","embeddable":true,"href":"https:\/\/agora.xtec.cat\/escolametllers\/wp-json\/wp\/v2\/categories?post=8151"},{"taxonomy":"post_tag","embeddable":true,"href":"https:\/\/agora.xtec.cat\/escolametllers\/wp-json\/wp\/v2\/tags?post=8151"}],"curies":[{"name":"wp","href":"https:\/\/api.w.org\/{rel}","templated":true}]}}