{"id":8056,"date":"2021-12-13T10:39:01","date_gmt":"2021-12-13T09:39:01","guid":{"rendered":"https:\/\/agora.xtec.cat\/escolametllers\/?p=8056"},"modified":"2022-09-24T15:50:55","modified_gmt":"2022-09-24T13:50:55","slug":"fent-el-pessebre","status":"publish","type":"post","link":"https:\/\/agora.xtec.cat\/escolametllers\/infantil\/fent-el-pessebre\/","title":{"rendered":"FENT EL PESSEBRE"},"content":{"rendered":"<p>La setmana abans del Pont de la Pur\u00edssima l\u2019Olga (la nostra conserge) ens va portar el dibuix d\u2019un ti\u00f3 molt bonic. Vam decidir posar-lo a la porta de la nostra classe i ens va servir per comen\u00e7ar a parlar del Nadal i de les tradicions nadalenques.<\/p>\n<p>En primer lloc la Meri ens va ensenyar una capsa molt grossa i a dins hi vam trobar &#8230; les <strong>figures del pessebre<\/strong>. Ens va fer molt\u00edssima il\u00b7lusi\u00f3 que ens les deix\u00e9s per a jugar i vam utilitzar un moble de la classe per posar-les al damunt i <em>remenar-les<\/em> durant uns dies.<\/p>\n<p>l el divendres 10 de desembre ja ens vam endinsar de ple en aquesta tradici\u00f3 tant nadalenca: fer el <strong>pessebre<\/strong>. Primer vam treure tot el que hi havia al Rac\u00f3 de la Tardor i aix\u00ed vam aprofitar el paper que protegia la taula. Tots els que aquell dia \u00e9rem a l\u2019escola vam col\u00b7laborar fent alguna tasca: pintant el terra amb pintura marr\u00f3, posant gomets d\u2019estrelles als fulls que servirien per al cel, fent un cam\u00ed amb la sorra del pati, muntant arbres amb plastilina i les branques que hav\u00edem portat altres dies en les sortides al bosc, col\u00b7locant les figures de pastors i animals, posant pedretes al voltant de la taula&#8230;<\/p>\n<p>Estem molt orgullosos del nostre pessebre!! Mireu, mireu&#8230;<\/p>\n<p><a href=\"https:\/\/photos.app.goo.gl\/2Ns3N6J3gWdrmSbm7\"><img loading=\"lazy\" decoding=\"async\" class=\"alignnone wp-image-8057\" src=\"https:\/\/agora.xtec.cat\/escolametllers\/wp-content\/uploads\/usu1580\/2021\/12\/20211211_075632.jpg\" alt=\"\" width=\"687\" height=\"471\" srcset=\"https:\/\/agora.xtec.cat\/escolametllers\/wp-content\/uploads\/usu1580\/2021\/12\/20211211_075632.jpg 1024w, https:\/\/agora.xtec.cat\/escolametllers\/wp-content\/uploads\/usu1580\/2021\/12\/20211211_075632-300x206.jpg 300w, https:\/\/agora.xtec.cat\/escolametllers\/wp-content\/uploads\/usu1580\/2021\/12\/20211211_075632-768x527.jpg 768w\" sizes=\"auto, (max-width: 687px) 100vw, 687px\" \/><\/a><\/p>\n","protected":false},"excerpt":{"rendered":"<p>La setmana abans del Pont de la Pur\u00edssima l\u2019Olga (la nostra conserge) ens va portar el dibuix d\u2019un ti\u00f3 molt bonic. Vam decidir posar-lo a la porta de la nostra classe i ens va servir per comen\u00e7ar a parlar del Nadal i de les tradicions nadalenques. En primer lloc la Meri ens va ensenyar una [&hellip;]<\/p>\n","protected":false},"author":1,"featured_media":0,"comment_status":"open","ping_status":"closed","sticky":false,"template":"","format":"standard","meta":{"_bbp_topic_count":0,"_bbp_reply_count":0,"_bbp_total_topic_count":0,"_bbp_total_reply_count":0,"_bbp_voice_count":0,"_bbp_anonymous_reply_count":0,"_bbp_topic_count_hidden":0,"_bbp_reply_count_hidden":0,"_bbp_forum_subforum_count":0,"site-sidebar-layout":"default","site-content-layout":"","ast-site-content-layout":"","site-content-style":"default","site-sidebar-style":"default","ast-global-header-display":"","ast-banner-title-visibility":"","ast-main-header-display":"","ast-hfb-above-header-display":"","ast-hfb-below-header-display":"","ast-hfb-mobile-header-display":"","site-post-title":"","ast-breadcrumbs-content":"","ast-featured-img":"","footer-sml-layout":"","theme-transparent-header-meta":"","adv-header-id-meta":"","stick-header-meta":"","header-above-stick-meta":"","header-main-stick-meta":"","header-below-stick-meta":"","astra-migrate-meta-layouts":"default","ast-page-background-enabled":"default","ast-page-background-meta":{"desktop":{"background-color":"var(--ast-global-color-4)","background-image":"","background-repeat":"repeat","background-position":"center center","background-size":"auto","background-attachment":"scroll","background-type":"","background-media":"","overlay-type":"","overlay-color":"","overlay-opacity":"","overlay-gradient":""},"tablet":{"background-color":"","background-image":"","background-repeat":"repeat","background-position":"center center","background-size":"auto","background-attachment":"scroll","background-type":"","background-media":"","overlay-type":"","overlay-color":"","overlay-opacity":"","overlay-gradient":""},"mobile":{"background-color":"","background-image":"","background-repeat":"repeat","background-position":"center center","background-size":"auto","background-attachment":"scroll","background-type":"","background-media":"","overlay-type":"","overlay-color":"","overlay-opacity":"","overlay-gradient":""}},"ast-content-background-meta":{"desktop":{"background-color":"var(--ast-global-color-5)","background-image":"","background-repeat":"repeat","background-position":"center center","background-size":"auto","background-attachment":"scroll","background-type":"","background-media":"","overlay-type":"","overlay-color":"","overlay-opacity":"","overlay-gradient":""},"tablet":{"background-color":"var(--ast-global-color-5)","background-image":"","background-repeat":"repeat","background-position":"center center","background-size":"auto","background-attachment":"scroll","background-type":"","background-media":"","overlay-type":"","overlay-color":"","overlay-opacity":"","overlay-gradient":""},"mobile":{"background-color":"var(--ast-global-color-5)","background-image":"","background-repeat":"repeat","background-position":"center center","background-size":"auto","background-attachment":"scroll","background-type":"","background-media":"","overlay-type":"","overlay-color":"","overlay-opacity":"","overlay-gradient":""}},"footnotes":""},"categories":[176,8,2],"tags":[173],"class_list":["post-8056","post","type-post","status-publish","format-standard","hentry","category-21-22","category-eic","category-infantil","tag-nadal"],"post_mailing_queue_ids":[],"_links":{"self":[{"href":"https:\/\/agora.xtec.cat\/escolametllers\/wp-json\/wp\/v2\/posts\/8056","targetHints":{"allow":["GET"]}}],"collection":[{"href":"https:\/\/agora.xtec.cat\/escolametllers\/wp-json\/wp\/v2\/posts"}],"about":[{"href":"https:\/\/agora.xtec.cat\/escolametllers\/wp-json\/wp\/v2\/types\/post"}],"author":[{"embeddable":true,"href":"https:\/\/agora.xtec.cat\/escolametllers\/wp-json\/wp\/v2\/users\/1"}],"replies":[{"embeddable":true,"href":"https:\/\/agora.xtec.cat\/escolametllers\/wp-json\/wp\/v2\/comments?post=8056"}],"version-history":[{"count":1,"href":"https:\/\/agora.xtec.cat\/escolametllers\/wp-json\/wp\/v2\/posts\/8056\/revisions"}],"predecessor-version":[{"id":8058,"href":"https:\/\/agora.xtec.cat\/escolametllers\/wp-json\/wp\/v2\/posts\/8056\/revisions\/8058"}],"wp:attachment":[{"href":"https:\/\/agora.xtec.cat\/escolametllers\/wp-json\/wp\/v2\/media?parent=8056"}],"wp:term":[{"taxonomy":"category","embeddable":true,"href":"https:\/\/agora.xtec.cat\/escolametllers\/wp-json\/wp\/v2\/categories?post=8056"},{"taxonomy":"post_tag","embeddable":true,"href":"https:\/\/agora.xtec.cat\/escolametllers\/wp-json\/wp\/v2\/tags?post=8056"}],"curies":[{"name":"wp","href":"https:\/\/api.w.org\/{rel}","templated":true}]}}