{"id":8043,"date":"2021-12-13T11:28:47","date_gmt":"2021-12-13T10:28:47","guid":{"rendered":"https:\/\/agora.xtec.cat\/escolametllers\/?p=8043"},"modified":"2021-12-13T11:28:47","modified_gmt":"2021-12-13T10:28:47","slug":"visitem-la-paradeta-de-santa-llucia-de-lescola","status":"publish","type":"post","link":"https:\/\/agora.xtec.cat\/escolametllers\/infantil\/visitem-la-paradeta-de-santa-llucia-de-lescola\/","title":{"rendered":"VISITEM LA PARADETA DE SANTA LL\u00daCIA DE L&#8217;ESCOLA"},"content":{"rendered":"<p>Avui dia 2 de desembre molts nens i nenes de la classe han explicat que ahir van comen\u00e7ar el seu calendari d&#8217;Advent, aprofitant aquesta conversa hem anat a veure el calendari d&#8217;Advent que tenim a l&#8217;escola que es troba just al costat d&#8217;una paradeta de la fira de Sta. Ll\u00facia, hem pogut observar la decoraci\u00f3 de Nadal, les figuretes del pessebre i els mini tions. Ens ha encantat!!<\/p>\n<p>Mentre esper\u00e0vem a que tots acabessin de veure la paradeta, ens hem esperat al sof\u00e0 del vest\u00edbul, i est\u00e0vem tant ben posats que hem aprofitat a fer-nos unes fotos de grup \ud83d\ude09<\/p>\n<p style=\"text-align: center;\"><a href=\"https:\/\/photos.app.goo.gl\/dZfPi75K5bfKSNbr9\"><img loading=\"lazy\" decoding=\"async\" class=\"alignnone size-full wp-image-8059\" src=\"https:\/\/agora.xtec.cat\/escolametllers\/wp-content\/uploads\/usu1580\/2021\/12\/IMG_20211213_112126.jpg\" alt=\"\" width=\"336\" height=\"424\" srcset=\"https:\/\/agora.xtec.cat\/escolametllers\/wp-content\/uploads\/usu1580\/2021\/12\/IMG_20211213_112126.jpg 336w, https:\/\/agora.xtec.cat\/escolametllers\/wp-content\/uploads\/usu1580\/2021\/12\/IMG_20211213_112126-238x300.jpg 238w\" sizes=\"auto, (max-width: 336px) 100vw, 336px\" \/><\/a><\/p>\n","protected":false},"excerpt":{"rendered":"<p>Avui dia 2 de desembre molts nens i nenes de la classe han explicat que ahir van comen\u00e7ar el seu calendari d&#8217;Advent, aprofitant aquesta conversa hem anat a veure el calendari d&#8217;Advent que tenim a l&#8217;escola que es troba just al costat d&#8217;una paradeta de la fira de Sta. Ll\u00facia, hem pogut observar la decoraci\u00f3 [&hellip;]<\/p>\n","protected":false},"author":1,"featured_media":0,"comment_status":"open","ping_status":"closed","sticky":false,"template":"","format":"standard","meta":{"_bbp_topic_count":0,"_bbp_reply_count":0,"_bbp_total_topic_count":0,"_bbp_total_reply_count":0,"_bbp_voice_count":0,"_bbp_anonymous_reply_count":0,"_bbp_topic_count_hidden":0,"_bbp_reply_count_hidden":0,"_bbp_forum_subforum_count":0,"site-sidebar-layout":"default","site-content-layout":"","ast-site-content-layout":"","site-content-style":"default","site-sidebar-style":"default","ast-global-header-display":"","ast-banner-title-visibility":"","ast-main-header-display":"","ast-hfb-above-header-display":"","ast-hfb-below-header-display":"","ast-hfb-mobile-header-display":"","site-post-title":"","ast-breadcrumbs-content":"","ast-featured-img":"","footer-sml-layout":"","theme-transparent-header-meta":"","adv-header-id-meta":"","stick-header-meta":"","header-above-stick-meta":"","header-main-stick-meta":"","header-below-stick-meta":"","astra-migrate-meta-layouts":"default","ast-page-background-enabled":"default","ast-page-background-meta":{"desktop":{"background-color":"var(--ast-global-color-4)","background-image":"","background-repeat":"repeat","background-position":"center center","background-size":"auto","background-attachment":"scroll","background-type":"","background-media":"","overlay-type":"","overlay-color":"","overlay-opacity":"","overlay-gradient":""},"tablet":{"background-color":"","background-image":"","background-repeat":"repeat","background-position":"center center","background-size":"auto","background-attachment":"scroll","background-type":"","background-media":"","overlay-type":"","overlay-color":"","overlay-opacity":"","overlay-gradient":""},"mobile":{"background-color":"","background-image":"","background-repeat":"repeat","background-position":"center center","background-size":"auto","background-attachment":"scroll","background-type":"","background-media":"","overlay-type":"","overlay-color":"","overlay-opacity":"","overlay-gradient":""}},"ast-content-background-meta":{"desktop":{"background-color":"var(--ast-global-color-5)","background-image":"","background-repeat":"repeat","background-position":"center center","background-size":"auto","background-attachment":"scroll","background-type":"","background-media":"","overlay-type":"","overlay-color":"","overlay-opacity":"","overlay-gradient":""},"tablet":{"background-color":"var(--ast-global-color-5)","background-image":"","background-repeat":"repeat","background-position":"center center","background-size":"auto","background-attachment":"scroll","background-type":"","background-media":"","overlay-type":"","overlay-color":"","overlay-opacity":"","overlay-gradient":""},"mobile":{"background-color":"var(--ast-global-color-5)","background-image":"","background-repeat":"repeat","background-position":"center center","background-size":"auto","background-attachment":"scroll","background-type":"","background-media":"","overlay-type":"","overlay-color":"","overlay-opacity":"","overlay-gradient":""}},"footnotes":""},"categories":[176,2,3],"tags":[210],"class_list":["post-8043","post","type-post","status-publish","format-standard","hentry","category-21-22","category-infantil","category-prom17a","tag-santa-llucia"],"post_mailing_queue_ids":[],"_links":{"self":[{"href":"https:\/\/agora.xtec.cat\/escolametllers\/wp-json\/wp\/v2\/posts\/8043","targetHints":{"allow":["GET"]}}],"collection":[{"href":"https:\/\/agora.xtec.cat\/escolametllers\/wp-json\/wp\/v2\/posts"}],"about":[{"href":"https:\/\/agora.xtec.cat\/escolametllers\/wp-json\/wp\/v2\/types\/post"}],"author":[{"embeddable":true,"href":"https:\/\/agora.xtec.cat\/escolametllers\/wp-json\/wp\/v2\/users\/1"}],"replies":[{"embeddable":true,"href":"https:\/\/agora.xtec.cat\/escolametllers\/wp-json\/wp\/v2\/comments?post=8043"}],"version-history":[{"count":2,"href":"https:\/\/agora.xtec.cat\/escolametllers\/wp-json\/wp\/v2\/posts\/8043\/revisions"}],"predecessor-version":[{"id":8060,"href":"https:\/\/agora.xtec.cat\/escolametllers\/wp-json\/wp\/v2\/posts\/8043\/revisions\/8060"}],"wp:attachment":[{"href":"https:\/\/agora.xtec.cat\/escolametllers\/wp-json\/wp\/v2\/media?parent=8043"}],"wp:term":[{"taxonomy":"category","embeddable":true,"href":"https:\/\/agora.xtec.cat\/escolametllers\/wp-json\/wp\/v2\/categories?post=8043"},{"taxonomy":"post_tag","embeddable":true,"href":"https:\/\/agora.xtec.cat\/escolametllers\/wp-json\/wp\/v2\/tags?post=8043"}],"curies":[{"name":"wp","href":"https:\/\/api.w.org\/{rel}","templated":true}]}}