{"id":8033,"date":"2021-12-09T00:02:03","date_gmt":"2021-12-08T23:02:03","guid":{"rendered":"https:\/\/agora.xtec.cat\/escolametllers\/?p=8033"},"modified":"2022-09-24T15:51:20","modified_gmt":"2022-09-24T13:51:20","slug":"festa-del-dia-de-la-musica","status":"publish","type":"post","link":"https:\/\/agora.xtec.cat\/escolametllers\/primaria\/prom15a\/festa-del-dia-de-la-musica\/","title":{"rendered":"FESTA DEL DIA DE LA M\u00daSICA"},"content":{"rendered":"<p>El dilluns 22 de novembre v\u00e0rem celebrar Santa Cec\u00edlia, el dia de la m\u00fasica. Al mat\u00ed v\u00e0rem poder gaudir de dos concerts per part de nens i nenes de l&#8217;escola que van tocar d&#8217;all\u00f2 m\u00e9s b\u00e9!<\/p>\n<p>I a la tarda, v\u00e0rem ballar amb l&#8217;actuaci\u00f3 d&#8217;en Jordi Callau.<\/p>\n<p>Va ser un dia divertit i ple de ritme!<\/p>\n<p><a href=\"https:\/\/photos.app.goo.gl\/5mKcRooJiKcSjhW57\"><img loading=\"lazy\" decoding=\"async\" class=\"aligncenter\" src=\"https:\/\/lh3.googleusercontent.com\/h10NqtnljoqMBDdHaUlZtIl-8AXnk-KQyUWe1jnjPuzLj7XAdJ7_snwWbxH7Zy2SyasayEtKIQrmwMPUdTD8ykXl5RinC-OTWmXGhI5bvhqXHnUc5jYJGBEM2w5PFCJ8qMOjMvgjStZxW3toNrGupvmj243tE7TWFhasXxd3NH1osoMK73KICxBOxl4__JORibQbAjMq1OMDN9vs3dkpW_7MutqaOMi8z7yrAKu_HmG1lCY58tRhXyLnNa313FckiyaEPtsdD4GCNI7uYtSFvIyyYNM5AC5JFuMLhXptEWl_8WbfW261AE3ilw8V50Q2OUjfNONBgQPLcXXYoU_xa1rVeP9HPD4u2Fpv-K8ku_QqGDv_V__e6wYyz6jrdfTwFlQT4tgnzWr5Kw2h7AR6UhI-dy7_8Lok_YzZa_mXWiy3_wmzVdoBxKlnKCEm73EeKwbudKubtD2Yo96j2ltLrIYvbxA9l7ZUar-2YmZMCSltXAOa-h90p-NUxxEYUBO4Rj-D65drZsf1SjKNV79wZbhiTWz2EJnXEUnPKHmIX_2ttyFHjKz0KTVEb2i9zsXUVdxQ1GhGPMkMNh_PLcD9yr3hdoIF_Ifo-Cs-ENTffQwT36Kf8EgIXCp1yVbBxFSWzeIJciYDXrC5kNwYIygAVvNODP7yuCKWfPZlQx9473Ot6PgIWtk4CcRUSQq6uiLdqpWpzReg-2zSUU2bNUWfRObc=w640-h480-no?authuser=0\" width=\"453\" height=\"340\" \/><\/a><\/p>\n","protected":false},"excerpt":{"rendered":"<p>El dilluns 22 de novembre v\u00e0rem celebrar Santa Cec\u00edlia, el dia de la m\u00fasica. Al mat\u00ed v\u00e0rem poder gaudir de dos concerts per part de nens i nenes de l&#8217;escola que van tocar d&#8217;all\u00f2 m\u00e9s b\u00e9! I a la tarda, v\u00e0rem ballar amb l&#8217;actuaci\u00f3 d&#8217;en Jordi Callau. Va ser un dia divertit i ple de [&hellip;]<\/p>\n","protected":false},"author":50,"featured_media":0,"comment_status":"open","ping_status":"closed","sticky":false,"template":"","format":"standard","meta":{"_bbp_topic_count":0,"_bbp_reply_count":0,"_bbp_total_topic_count":0,"_bbp_total_reply_count":0,"_bbp_voice_count":0,"_bbp_anonymous_reply_count":0,"_bbp_topic_count_hidden":0,"_bbp_reply_count_hidden":0,"_bbp_forum_subforum_count":0,"site-sidebar-layout":"default","site-content-layout":"","ast-site-content-layout":"","site-content-style":"default","site-sidebar-style":"default","ast-global-header-display":"","ast-banner-title-visibility":"","ast-main-header-display":"","ast-hfb-above-header-display":"","ast-hfb-below-header-display":"","ast-hfb-mobile-header-display":"","site-post-title":"","ast-breadcrumbs-content":"","ast-featured-img":"","footer-sml-layout":"","theme-transparent-header-meta":"","adv-header-id-meta":"","stick-header-meta":"","header-above-stick-meta":"","header-main-stick-meta":"","header-below-stick-meta":"","astra-migrate-meta-layouts":"default","ast-page-background-enabled":"default","ast-page-background-meta":{"desktop":{"background-color":"var(--ast-global-color-4)","background-image":"","background-repeat":"repeat","background-position":"center center","background-size":"auto","background-attachment":"scroll","background-type":"","background-media":"","overlay-type":"","overlay-color":"","overlay-opacity":"","overlay-gradient":""},"tablet":{"background-color":"","background-image":"","background-repeat":"repeat","background-position":"center center","background-size":"auto","background-attachment":"scroll","background-type":"","background-media":"","overlay-type":"","overlay-color":"","overlay-opacity":"","overlay-gradient":""},"mobile":{"background-color":"","background-image":"","background-repeat":"repeat","background-position":"center center","background-size":"auto","background-attachment":"scroll","background-type":"","background-media":"","overlay-type":"","overlay-color":"","overlay-opacity":"","overlay-gradient":""}},"ast-content-background-meta":{"desktop":{"background-color":"var(--ast-global-color-5)","background-image":"","background-repeat":"repeat","background-position":"center center","background-size":"auto","background-attachment":"scroll","background-type":"","background-media":"","overlay-type":"","overlay-color":"","overlay-opacity":"","overlay-gradient":""},"tablet":{"background-color":"var(--ast-global-color-5)","background-image":"","background-repeat":"repeat","background-position":"center center","background-size":"auto","background-attachment":"scroll","background-type":"","background-media":"","overlay-type":"","overlay-color":"","overlay-opacity":"","overlay-gradient":""},"mobile":{"background-color":"var(--ast-global-color-5)","background-image":"","background-repeat":"repeat","background-position":"center center","background-size":"auto","background-attachment":"scroll","background-type":"","background-media":"","overlay-type":"","overlay-color":"","overlay-opacity":"","overlay-gradient":""}},"footnotes":""},"categories":[176,10],"tags":[90],"class_list":["post-8033","post","type-post","status-publish","format-standard","hentry","category-21-22","category-prom15a","tag-musica"],"post_mailing_queue_ids":[],"_links":{"self":[{"href":"https:\/\/agora.xtec.cat\/escolametllers\/wp-json\/wp\/v2\/posts\/8033","targetHints":{"allow":["GET"]}}],"collection":[{"href":"https:\/\/agora.xtec.cat\/escolametllers\/wp-json\/wp\/v2\/posts"}],"about":[{"href":"https:\/\/agora.xtec.cat\/escolametllers\/wp-json\/wp\/v2\/types\/post"}],"author":[{"embeddable":true,"href":"https:\/\/agora.xtec.cat\/escolametllers\/wp-json\/wp\/v2\/users\/50"}],"replies":[{"embeddable":true,"href":"https:\/\/agora.xtec.cat\/escolametllers\/wp-json\/wp\/v2\/comments?post=8033"}],"version-history":[{"count":1,"href":"https:\/\/agora.xtec.cat\/escolametllers\/wp-json\/wp\/v2\/posts\/8033\/revisions"}],"predecessor-version":[{"id":8034,"href":"https:\/\/agora.xtec.cat\/escolametllers\/wp-json\/wp\/v2\/posts\/8033\/revisions\/8034"}],"wp:attachment":[{"href":"https:\/\/agora.xtec.cat\/escolametllers\/wp-json\/wp\/v2\/media?parent=8033"}],"wp:term":[{"taxonomy":"category","embeddable":true,"href":"https:\/\/agora.xtec.cat\/escolametllers\/wp-json\/wp\/v2\/categories?post=8033"},{"taxonomy":"post_tag","embeddable":true,"href":"https:\/\/agora.xtec.cat\/escolametllers\/wp-json\/wp\/v2\/tags?post=8033"}],"curies":[{"name":"wp","href":"https:\/\/api.w.org\/{rel}","templated":true}]}}