{"id":7946,"date":"2021-11-26T10:48:39","date_gmt":"2021-11-26T09:48:39","guid":{"rendered":"https:\/\/agora.xtec.cat\/escolametllers\/?p=7946"},"modified":"2022-09-20T19:20:09","modified_gmt":"2022-09-20T17:20:09","slug":"el-dia-de-la-musica","status":"publish","type":"post","link":"https:\/\/agora.xtec.cat\/escolametllers\/portada\/el-dia-de-la-musica\/","title":{"rendered":"EL DIA DE LA M\u00daSICA"},"content":{"rendered":"<p>El dilluns 22 de novembre vam celebrar Santa Cec\u00edlia, el dia de la m\u00fasica. Pel mat\u00ed vam poder gaudir d&#8217;un concert per part dels m\u00fasics de l&#8217;escola:<\/p>\n<p><a href=\"https:\/\/photos.app.goo.gl\/Ge8yfK66xiwmwuze9\"><img loading=\"lazy\" decoding=\"async\" class=\"aligncenter\" src=\"https:\/\/lh3.googleusercontent.com\/3acQ4jsgbDVgfbIV2bS2F98edzT_myFlH9PeLQrUZZt4D8286bB-UNLXjCdYlk3T96OHTtAnalEbWvHxsyh1B0w9xBy7LXv5dANOgIsBFlJJ1lrBZmzoSWr4984mrGYcS_IqT5gv9VNMfdvTo5W6rrO49NWM2GZcseyPlExQABQIlF-61ePvVqfZj17WX-hXgSMDUsXgk5uypjsU6VRGsJXQGT5clSttTCMo8QiZjpjCcqEGfWvhaqGpOwgPDCExCnzJcmV0nk0tM-D9bdMKajlIVxdm6-OaXNcnk0-SrToJxmmtTFjZYw5Sv70yD_L98quRtwLpsbZ6-nFXwHOR4MKAqhRHE9YQK-_t2C9J5AICTlUZFJZkkmf34qi6oBRAjMnFO-h3k36p6J8feptwY9_Csshyk1Jis-jmTNTs7_-CHAzRKnEOH9lqF_19DDucaivExNZrB9OCC_MsUqQz_aJ1D3kPVaENvXkffc9SlG-4XpJpc2LcKkzeY5Sr6SiLLhenx_XeOyQvBvXkwCa9OlgPkxruSdz4RD_aCfoN6zBaMUyBnUTUpL4vP3zpkgFTMSVzns0DHZwysD-vStWY-YwGHywOX5NmYk3iEV1D1X077AUeD8wgINKEMQQ_djTY3wM3foVll3ScmVaNOFOC2OjA0e99BM3DCzFF1SIGtzw67IYS7CigHnF6zl673Rd7kwDwsA4tgjKMj-GTKImDWrvH=w617-h924-no?authuser=4\" width=\"230\" height=\"345\" \/><\/a><\/p>\n<p>I per la tarda vam ballar amb l&#8217;actuaci\u00f3 d&#8217;en Jordi Callau:<\/p>\n<p><a href=\"https:\/\/photos.app.goo.gl\/5GmUtzfByYsavj756\"><img loading=\"lazy\" decoding=\"async\" class=\"aligncenter\" src=\"https:\/\/lh3.googleusercontent.com\/AcHDG2WbGah-JTbdShD97djP3c9F2C8fc7DG1ye_CCAhtfTlbqbD5mVqNkSpaK9OulwxVmyyU_6AbnumtOGHPALoRdYqdPKPvCVz7D58XjonqsY7jauZXeKFh19KUpa-z4iSlYyWxqZPcfaftc-ncG0ufvKSCIJqIDzVx-a7ZvbUrVQP8xDG9874a9Ah-NrjS8g0F7u9X9KdVZZes28CCDXu_V5TYoX3XLATnvhMbdsaLPclVHsRADeZ3B-1d052riUYMW0V4DtRaOSJi0yTky5TvaVs8Ti6G4dbmDB5xRhgpdfVQmO3ThRSiBWFJirSq9ztOvV87skvxNigdMzkUYEbdYN0u2atGXqNLZoCeuAsErU8Nu4u481_15eQspnT9Pb1RyiXYRbIeXS-sBsj9i5S9G5Im9swr86dU5aWYcjj65GZ0JIL3r8uYyCM4YY8Amqb7ZJdYnO4xMCHalI_7AcZVOFos7TUrTcegGwoBXXOPA6xHberJsiVPEIU85HwehIRdtfJMdukGfJDu_r_oj1W5WLOZ2mFtxzkN5bPgGB-jDH7K8RaAqGZ5c5-etNAfXZH257VykhiTGekoojHKHEIsDDlpvKM1-0s-Danb_DFIDGUch7I0yY1dMgw9yDYMZtw1P5pXjXbct5gQlP15LmP0-9CKIP-UGdZ4XdXdy4lX9DEfAOGzugGBDeO3TV0cJbSNmoowZ9fvWu0vUBQpoqW=w617-h924-no?authuser=4\" width=\"233\" height=\"350\" \/><\/a><\/p>\n","protected":false},"excerpt":{"rendered":"<p>El dilluns 22 de novembre vam celebrar Santa Cec\u00edlia, el dia de la m\u00fasica. Pel mat\u00ed vam poder gaudir d&#8217;un concert per part dels m\u00fasics de l&#8217;escola: I per la tarda vam ballar amb l&#8217;actuaci\u00f3 d&#8217;en Jordi Callau:<\/p>\n","protected":false},"author":3,"featured_media":0,"comment_status":"open","ping_status":"closed","sticky":false,"template":"","format":"standard","meta":{"_bbp_topic_count":0,"_bbp_reply_count":0,"_bbp_total_topic_count":0,"_bbp_total_reply_count":0,"_bbp_voice_count":0,"_bbp_anonymous_reply_count":0,"_bbp_topic_count_hidden":0,"_bbp_reply_count_hidden":0,"_bbp_forum_subforum_count":0,"site-sidebar-layout":"default","site-content-layout":"","ast-site-content-layout":"","site-content-style":"default","site-sidebar-style":"default","ast-global-header-display":"","ast-banner-title-visibility":"","ast-main-header-display":"","ast-hfb-above-header-display":"","ast-hfb-below-header-display":"","ast-hfb-mobile-header-display":"","site-post-title":"","ast-breadcrumbs-content":"","ast-featured-img":"","footer-sml-layout":"","theme-transparent-header-meta":"","adv-header-id-meta":"","stick-header-meta":"","header-above-stick-meta":"","header-main-stick-meta":"","header-below-stick-meta":"","astra-migrate-meta-layouts":"default","ast-page-background-enabled":"default","ast-page-background-meta":{"desktop":{"background-color":"var(--ast-global-color-4)","background-image":"","background-repeat":"repeat","background-position":"center center","background-size":"auto","background-attachment":"scroll","background-type":"","background-media":"","overlay-type":"","overlay-color":"","overlay-opacity":"","overlay-gradient":""},"tablet":{"background-color":"","background-image":"","background-repeat":"repeat","background-position":"center center","background-size":"auto","background-attachment":"scroll","background-type":"","background-media":"","overlay-type":"","overlay-color":"","overlay-opacity":"","overlay-gradient":""},"mobile":{"background-color":"","background-image":"","background-repeat":"repeat","background-position":"center center","background-size":"auto","background-attachment":"scroll","background-type":"","background-media":"","overlay-type":"","overlay-color":"","overlay-opacity":"","overlay-gradient":""}},"ast-content-background-meta":{"desktop":{"background-color":"var(--ast-global-color-5)","background-image":"","background-repeat":"repeat","background-position":"center center","background-size":"auto","background-attachment":"scroll","background-type":"","background-media":"","overlay-type":"","overlay-color":"","overlay-opacity":"","overlay-gradient":""},"tablet":{"background-color":"var(--ast-global-color-5)","background-image":"","background-repeat":"repeat","background-position":"center center","background-size":"auto","background-attachment":"scroll","background-type":"","background-media":"","overlay-type":"","overlay-color":"","overlay-opacity":"","overlay-gradient":""},"mobile":{"background-color":"var(--ast-global-color-5)","background-image":"","background-repeat":"repeat","background-position":"center center","background-size":"auto","background-attachment":"scroll","background-type":"","background-media":"","overlay-type":"","overlay-color":"","overlay-opacity":"","overlay-gradient":""}},"footnotes":""},"categories":[176,4],"tags":[90],"class_list":["post-7946","post","type-post","status-publish","format-standard","hentry","category-21-22","category-portada","tag-musica"],"post_mailing_queue_ids":[],"_links":{"self":[{"href":"https:\/\/agora.xtec.cat\/escolametllers\/wp-json\/wp\/v2\/posts\/7946","targetHints":{"allow":["GET"]}}],"collection":[{"href":"https:\/\/agora.xtec.cat\/escolametllers\/wp-json\/wp\/v2\/posts"}],"about":[{"href":"https:\/\/agora.xtec.cat\/escolametllers\/wp-json\/wp\/v2\/types\/post"}],"author":[{"embeddable":true,"href":"https:\/\/agora.xtec.cat\/escolametllers\/wp-json\/wp\/v2\/users\/3"}],"replies":[{"embeddable":true,"href":"https:\/\/agora.xtec.cat\/escolametllers\/wp-json\/wp\/v2\/comments?post=7946"}],"version-history":[{"count":1,"href":"https:\/\/agora.xtec.cat\/escolametllers\/wp-json\/wp\/v2\/posts\/7946\/revisions"}],"predecessor-version":[{"id":7947,"href":"https:\/\/agora.xtec.cat\/escolametllers\/wp-json\/wp\/v2\/posts\/7946\/revisions\/7947"}],"wp:attachment":[{"href":"https:\/\/agora.xtec.cat\/escolametllers\/wp-json\/wp\/v2\/media?parent=7946"}],"wp:term":[{"taxonomy":"category","embeddable":true,"href":"https:\/\/agora.xtec.cat\/escolametllers\/wp-json\/wp\/v2\/categories?post=7946"},{"taxonomy":"post_tag","embeddable":true,"href":"https:\/\/agora.xtec.cat\/escolametllers\/wp-json\/wp\/v2\/tags?post=7946"}],"curies":[{"name":"wp","href":"https:\/\/api.w.org\/{rel}","templated":true}]}}